{"id":42,"date":"2011-09-11T22:06:00","date_gmt":"2011-09-11T22:06:00","guid":{"rendered":"https:\/\/tremdavale.org\/?p=42"},"modified":"2025-10-10T11:57:00","modified_gmt":"2025-10-10T11:57:00","slug":"3-oficina-de-fotografia-digital","status":"publish","type":"post","link":"https:\/\/tremdavale.org\/pt\/3-oficina-de-fotografia-digital\/","title":{"rendered":"3\u00aa OFICINA DE FOTOGRAFIA DIGITAL"},"content":{"rendered":"<p><span>Teve in\u00edcio nesta segunda-feira, dia 08 de agosto, a etapa de Ouro Preto da 3\u00aa Oficina de Fotografia Digital do Vale Registrar, sob a coordena\u00e7\u00e3o do fot\u00f3grafo Dimas Dario Guedes. A oficina ser\u00e1 realizada na Esta\u00e7\u00e3o de Ouro Preto, no per\u00edodo de 08 a 12 de agosto, tamb\u00e9m de segunda a sexta-feira, de 13h30 \u00e0s 17h30, e foram oferecidas 10 (dez) vagas para moradores do bairro Cabe\u00e7as e 02 (duas) para funcion\u00e1rios do Trem da Vale. Os participantes foram selecionados pelo coordenador da oficina, juntamente com a equipe do Vale Registrar, por meio da ficha de inscri\u00e7\u00e3o que foi preenchida por cada pessoa interessada em participar da atividade.<\/span><\/p>\n<p>&nbsp;<\/p>\n<p><img loading=\"lazy\" decoding=\"async\" class=\"size-medium\" title=\"01-dimas-guedes\" src=\"\/wp-content\/uploads\/01-dimas-guedes-300x199.jpg\" alt=\"O fot\u00f3grafo Dimas Guedes participa da abertura da Exposi\u00e7\u00e3o Fotogr\u00e1fica na Plataforma da Esta\u00e7\u00e3o Ferrovi\u00e1ria de Ouro Preto. Foto: Marcelo Nicollato\" width=\"300\" height=\"199\"><\/p>\n<p>O fot\u00f3grafo Dimas Guedes participa da abertura de Exposi\u00e7\u00e3o Fotogr\u00e1fica na Plataforma da Esta\u00e7\u00e3o Ferrovi\u00e1ria de Ouro Preto. Foto: Marcello Nicolato<\/p>\n<p>&nbsp;<\/p>\n<p><span>A etapa realizada na cidade de Mariana, foi realizada entre os dias 18 e 22 de julho, de segunda a sexta-feira, de 13h30 \u00e0s 17h30, e teve como participantes 11 (onze) moradores do bairro Centro da cidade de Mariana e 01 (um) funcion\u00e1rio do Trem da Vale.<\/span><\/p>\n<p>&nbsp;<\/p>\n<p>A oficina tem como objetivo explorar o olhar dos participantes sobre a composi\u00e7\u00e3o e o desenho na fotografia digital, abordando os seguintes t\u00f3picos: uso correto da c\u00e2mera digital; ponto, reta e plano; hist\u00f3ria da fotografia; erros mais comuns; import\u00e2ncia e treino do olhar; trabalho de aplica\u00e7\u00e3o pr\u00e1tica; sele\u00e7\u00e3o e tratamento das imagens; discuss\u00e3o dos resultados; amplia\u00e7\u00e3o e impress\u00e3o.<\/p>\n<p>A partir do aprendizado sobre o uso da c\u00e2mera digital, os participantes da oficina ir\u00e3o fazer registros fotogr\u00e1ficos de manifesta\u00e7\u00f5es, personagens, edifica\u00e7\u00f5es e lugares culturalmente representativos de seus bairros. A inten\u00e7\u00e3o \u00e9 que os pr\u00f3prios moradores possam documentar pela fotografia os modos de viver ali existentes, e a partir das imagens geradas, pessoas e espa\u00e7os de sua refer\u00eancia poder\u00e3o ser revelados e (re)conhecidos, com caracter\u00edsticas e peculiaridades que lhes representam e identificam.<\/p>\n<p>Ap\u00f3s a realiza\u00e7\u00e3o da oficina, est\u00e1 prevista uma exposi\u00e7\u00e3o com as fotografias tiradas pelos alunos, nas plataformas das Esta\u00e7\u00f5es de Mariana e de Ouro Preto, como tamb\u00e9m, em locais a serem definidos nos bairros registrados.<\/p>\n<p>&nbsp;<\/p>\n","protected":false},"excerpt":{"rendered":"<p>Teve in\u00edcio nesta segunda-feira, dia 08 de agosto, a etapa de Ouro Preto da 3\u00aa Oficina de Fotografia Digital do Vale Registrar, sob a coordena\u00e7\u00e3o do fot\u00f3grafo Dimas Dario Guedes. A oficina ser\u00e1 realizada na Esta\u00e7\u00e3o de Ouro Preto, no per\u00edodo de 08 a 12 de agosto, tamb\u00e9m de segunda &hellip;<\/p>\n","protected":false},"author":1,"featured_media":349,"comment_status":"open","ping_status":"closed","sticky":false,"template":"","format":"standard","meta":{"footnotes":""},"categories":[2],"tags":[],"class_list":["post-42","post","type-post","status-publish","format-standard","has-post-thumbnail","hentry","category-destaques-home"],"yoast_head":"<!-- This site is optimized with the Yoast SEO plugin v26.1.1 - https:\/\/yoast.com\/wordpress\/plugins\/seo\/ -->\n<title>3\u00aa OFICINA DE FOTOGRAFIA DIGITAL &#8212; Trem da Vale<\/title>\n<meta name=\"robots\" content=\"index, follow, max-snippet:-1, max-image-preview:large, max-video-preview:-1\" \/>\n<link rel=\"canonical\" href=\"https:\/\/tremdavale.org\/pt\/3-oficina-de-fotografia-digital\/\" \/>\n<meta property=\"og:locale\" content=\"pt_PT\" \/>\n<meta property=\"og:type\" content=\"article\" \/>\n<meta property=\"og:title\" content=\"3\u00aa OFICINA DE FOTOGRAFIA DIGITAL &#8212; Trem da Vale\" \/>\n<meta property=\"og:description\" content=\"Teve in\u00edcio nesta segunda-feira, dia 08 de agosto, a etapa de Ouro Preto da 3\u00aa Oficina de Fotografia Digital do Vale Registrar, sob a coordena\u00e7\u00e3o do fot\u00f3grafo Dimas Dario Guedes. A oficina ser\u00e1 realizada na Esta\u00e7\u00e3o de Ouro Preto, no per\u00edodo de 08 a 12 de agosto, tamb\u00e9m de segunda &hellip;\" \/>\n<meta property=\"og:url\" content=\"https:\/\/tremdavale.org\/pt\/3-oficina-de-fotografia-digital\/\" \/>\n<meta property=\"og:site_name\" content=\"Trem da Vale\" \/>\n<meta property=\"article:published_time\" content=\"2011-09-11T22:06:00+00:00\" \/>\n<meta property=\"article:modified_time\" content=\"2025-10-10T11:57:00+00:00\" \/>\n<meta property=\"og:image\" content=\"https:\/\/tremdavale.org\/wp-content\/uploads\/01-dimas-guedes-300x199.jpg\" \/>\n\t<meta property=\"og:image:width\" content=\"300\" \/>\n\t<meta property=\"og:image:height\" content=\"199\" \/>\n\t<meta property=\"og:image:type\" content=\"image\/jpeg\" \/>\n<meta name=\"author\" content=\"admin\" \/>\n<meta name=\"twitter:card\" content=\"summary_large_image\" \/>\n<meta name=\"twitter:label1\" content=\"Escrito por\" \/>\n\t<meta name=\"twitter:data1\" content=\"admin\" \/>\n\t<meta name=\"twitter:label2\" content=\"Tempo estimado de leitura\" \/>\n\t<meta name=\"twitter:data2\" content=\"2 minutos\" \/>\n<script type=\"application\/ld+json\" class=\"yoast-schema-graph\">{\"@context\":\"https:\/\/schema.org\",\"@graph\":[{\"@type\":\"WebPage\",\"@id\":\"https:\/\/tremdavale.org\/pt\/3-oficina-de-fotografia-digital\/\",\"url\":\"https:\/\/tremdavale.org\/pt\/3-oficina-de-fotografia-digital\/\",\"name\":\"3\u00aa OFICINA DE FOTOGRAFIA DIGITAL &#8212; Trem da Vale\",\"isPartOf\":{\"@id\":\"https:\/\/tremdavale.org\/pt\/#website\"},\"primaryImageOfPage\":{\"@id\":\"https:\/\/tremdavale.org\/pt\/3-oficina-de-fotografia-digital\/#primaryimage\"},\"image\":{\"@id\":\"https:\/\/tremdavale.org\/pt\/3-oficina-de-fotografia-digital\/#primaryimage\"},\"thumbnailUrl\":\"https:\/\/tremdavale.org\/wp-content\/uploads\/01-dimas-guedes-300x199.jpg\",\"datePublished\":\"2011-09-11T22:06:00+00:00\",\"dateModified\":\"2025-10-10T11:57:00+00:00\",\"author\":{\"@id\":\"https:\/\/tremdavale.org\/pt\/#\/schema\/person\/50912137d47426d31329f246d02eaeca\"},\"breadcrumb\":{\"@id\":\"https:\/\/tremdavale.org\/pt\/3-oficina-de-fotografia-digital\/#breadcrumb\"},\"inLanguage\":\"pt-PT\",\"potentialAction\":[{\"@type\":\"ReadAction\",\"target\":[\"https:\/\/tremdavale.org\/pt\/3-oficina-de-fotografia-digital\/\"]}]},{\"@type\":\"ImageObject\",\"inLanguage\":\"pt-PT\",\"@id\":\"https:\/\/tremdavale.org\/pt\/3-oficina-de-fotografia-digital\/#primaryimage\",\"url\":\"https:\/\/tremdavale.org\/wp-content\/uploads\/01-dimas-guedes-300x199.jpg\",\"contentUrl\":\"https:\/\/tremdavale.org\/wp-content\/uploads\/01-dimas-guedes-300x199.jpg\",\"width\":300,\"height\":199},{\"@type\":\"BreadcrumbList\",\"@id\":\"https:\/\/tremdavale.org\/pt\/3-oficina-de-fotografia-digital\/#breadcrumb\",\"itemListElement\":[{\"@type\":\"ListItem\",\"position\":1,\"name\":\"In\u00edcio\",\"item\":\"https:\/\/tremdavale.org\/pt\/\"},{\"@type\":\"ListItem\",\"position\":2,\"name\":\"3\u00aa OFICINA DE FOTOGRAFIA DIGITAL\"}]},{\"@type\":\"WebSite\",\"@id\":\"https:\/\/tremdavale.org\/pt\/#website\",\"url\":\"https:\/\/tremdavale.org\/pt\/\",\"name\":\"Trem da Vale\",\"description\":\"Programa de Educa\u00e7\u00e3o Patrimonial\",\"potentialAction\":[{\"@type\":\"SearchAction\",\"target\":{\"@type\":\"EntryPoint\",\"urlTemplate\":\"https:\/\/tremdavale.org\/pt\/?s={search_term_string}\"},\"query-input\":{\"@type\":\"PropertyValueSpecification\",\"valueRequired\":true,\"valueName\":\"search_term_string\"}}],\"inLanguage\":\"pt-PT\"},{\"@type\":\"Person\",\"@id\":\"https:\/\/tremdavale.org\/pt\/#\/schema\/person\/50912137d47426d31329f246d02eaeca\",\"name\":\"admin\",\"image\":{\"@type\":\"ImageObject\",\"inLanguage\":\"pt-PT\",\"@id\":\"https:\/\/tremdavale.org\/pt\/#\/schema\/person\/image\/\",\"url\":\"https:\/\/secure.gravatar.com\/avatar\/b3564f0fda6ea47959fe96a4217203e79a167568a37409758659bc3ba443b452?s=96&d=mm&r=g\",\"contentUrl\":\"https:\/\/secure.gravatar.com\/avatar\/b3564f0fda6ea47959fe96a4217203e79a167568a37409758659bc3ba443b452?s=96&d=mm&r=g\",\"caption\":\"admin\"},\"sameAs\":[\"https:\/\/tremdavale.org\"],\"url\":\"https:\/\/tremdavale.org\/pt\/author\/admin\/\"}]}<\/script>\n<!-- \/ Yoast SEO plugin. -->","yoast_head_json":{"title":"3\u00aa OFICINA DE FOTOGRAFIA DIGITAL &#8212; Trem da Vale","robots":{"index":"index","follow":"follow","max-snippet":"max-snippet:-1","max-image-preview":"max-image-preview:large","max-video-preview":"max-video-preview:-1"},"canonical":"https:\/\/tremdavale.org\/pt\/3-oficina-de-fotografia-digital\/","og_locale":"pt_PT","og_type":"article","og_title":"3\u00aa OFICINA DE FOTOGRAFIA DIGITAL &#8212; Trem da Vale","og_description":"Teve in\u00edcio nesta segunda-feira, dia 08 de agosto, a etapa de Ouro Preto da 3\u00aa Oficina de Fotografia Digital do Vale Registrar, sob a coordena\u00e7\u00e3o do fot\u00f3grafo Dimas Dario Guedes. A oficina ser\u00e1 realizada na Esta\u00e7\u00e3o de Ouro Preto, no per\u00edodo de 08 a 12 de agosto, tamb\u00e9m de segunda &hellip;","og_url":"https:\/\/tremdavale.org\/pt\/3-oficina-de-fotografia-digital\/","og_site_name":"Trem da Vale","article_published_time":"2011-09-11T22:06:00+00:00","article_modified_time":"2025-10-10T11:57:00+00:00","og_image":[{"width":300,"height":199,"url":"https:\/\/tremdavale.org\/wp-content\/uploads\/01-dimas-guedes-300x199.jpg","type":"image\/jpeg"}],"author":"admin","twitter_card":"summary_large_image","twitter_misc":{"Escrito por":"admin","Tempo estimado de leitura":"2 minutos"},"schema":{"@context":"https:\/\/schema.org","@graph":[{"@type":"WebPage","@id":"https:\/\/tremdavale.org\/pt\/3-oficina-de-fotografia-digital\/","url":"https:\/\/tremdavale.org\/pt\/3-oficina-de-fotografia-digital\/","name":"3\u00aa OFICINA DE FOTOGRAFIA DIGITAL &#8212; Trem da Vale","isPartOf":{"@id":"https:\/\/tremdavale.org\/pt\/#website"},"primaryImageOfPage":{"@id":"https:\/\/tremdavale.org\/pt\/3-oficina-de-fotografia-digital\/#primaryimage"},"image":{"@id":"https:\/\/tremdavale.org\/pt\/3-oficina-de-fotografia-digital\/#primaryimage"},"thumbnailUrl":"https:\/\/tremdavale.org\/wp-content\/uploads\/01-dimas-guedes-300x199.jpg","datePublished":"2011-09-11T22:06:00+00:00","dateModified":"2025-10-10T11:57:00+00:00","author":{"@id":"https:\/\/tremdavale.org\/pt\/#\/schema\/person\/50912137d47426d31329f246d02eaeca"},"breadcrumb":{"@id":"https:\/\/tremdavale.org\/pt\/3-oficina-de-fotografia-digital\/#breadcrumb"},"inLanguage":"pt-PT","potentialAction":[{"@type":"ReadAction","target":["https:\/\/tremdavale.org\/pt\/3-oficina-de-fotografia-digital\/"]}]},{"@type":"ImageObject","inLanguage":"pt-PT","@id":"https:\/\/tremdavale.org\/pt\/3-oficina-de-fotografia-digital\/#primaryimage","url":"https:\/\/tremdavale.org\/wp-content\/uploads\/01-dimas-guedes-300x199.jpg","contentUrl":"https:\/\/tremdavale.org\/wp-content\/uploads\/01-dimas-guedes-300x199.jpg","width":300,"height":199},{"@type":"BreadcrumbList","@id":"https:\/\/tremdavale.org\/pt\/3-oficina-de-fotografia-digital\/#breadcrumb","itemListElement":[{"@type":"ListItem","position":1,"name":"In\u00edcio","item":"https:\/\/tremdavale.org\/pt\/"},{"@type":"ListItem","position":2,"name":"3\u00aa OFICINA DE FOTOGRAFIA DIGITAL"}]},{"@type":"WebSite","@id":"https:\/\/tremdavale.org\/pt\/#website","url":"https:\/\/tremdavale.org\/pt\/","name":"Trem da Vale","description":"Programa de Educa\u00e7\u00e3o Patrimonial","potentialAction":[{"@type":"SearchAction","target":{"@type":"EntryPoint","urlTemplate":"https:\/\/tremdavale.org\/pt\/?s={search_term_string}"},"query-input":{"@type":"PropertyValueSpecification","valueRequired":true,"valueName":"search_term_string"}}],"inLanguage":"pt-PT"},{"@type":"Person","@id":"https:\/\/tremdavale.org\/pt\/#\/schema\/person\/50912137d47426d31329f246d02eaeca","name":"admin","image":{"@type":"ImageObject","inLanguage":"pt-PT","@id":"https:\/\/tremdavale.org\/pt\/#\/schema\/person\/image\/","url":"https:\/\/secure.gravatar.com\/avatar\/b3564f0fda6ea47959fe96a4217203e79a167568a37409758659bc3ba443b452?s=96&d=mm&r=g","contentUrl":"https:\/\/secure.gravatar.com\/avatar\/b3564f0fda6ea47959fe96a4217203e79a167568a37409758659bc3ba443b452?s=96&d=mm&r=g","caption":"admin"},"sameAs":["https:\/\/tremdavale.org"],"url":"https:\/\/tremdavale.org\/pt\/author\/admin\/"}]}},"_links":{"self":[{"href":"https:\/\/tremdavale.org\/pt\/wp-json\/wp\/v2\/posts\/42","targetHints":{"allow":["GET"]}}],"collection":[{"href":"https:\/\/tremdavale.org\/pt\/wp-json\/wp\/v2\/posts"}],"about":[{"href":"https:\/\/tremdavale.org\/pt\/wp-json\/wp\/v2\/types\/post"}],"author":[{"embeddable":true,"href":"https:\/\/tremdavale.org\/pt\/wp-json\/wp\/v2\/users\/1"}],"replies":[{"embeddable":true,"href":"https:\/\/tremdavale.org\/pt\/wp-json\/wp\/v2\/comments?post=42"}],"version-history":[{"count":0,"href":"https:\/\/tremdavale.org\/pt\/wp-json\/wp\/v2\/posts\/42\/revisions"}],"wp:featuredmedia":[{"embeddable":true,"href":"https:\/\/tremdavale.org\/pt\/wp-json\/wp\/v2\/media\/349"}],"wp:attachment":[{"href":"https:\/\/tremdavale.org\/pt\/wp-json\/wp\/v2\/media?parent=42"}],"wp:term":[{"taxonomy":"category","embeddable":true,"href":"https:\/\/tremdavale.org\/pt\/wp-json\/wp\/v2\/categories?post=42"},{"taxonomy":"post_tag","embeddable":true,"href":"https:\/\/tremdavale.org\/pt\/wp-json\/wp\/v2\/tags?post=42"}],"curies":[{"name":"wp","href":"https:\/\/api.w.org\/{rel}","templated":true}]}}