{"id":43,"date":"2011-09-12T07:38:00","date_gmt":"2011-09-12T07:38:00","guid":{"rendered":"https:\/\/tremdavale.org\/?p=43"},"modified":"2025-10-10T11:57:00","modified_gmt":"2025-10-10T11:57:00","slug":"3-curso-de-edicao-de-video-vale-registrar","status":"publish","type":"post","link":"https:\/\/tremdavale.org\/pt\/3-curso-de-edicao-de-video-vale-registrar\/","title":{"rendered":"3\u00ba Curso de Edi\u00e7\u00e3o de V\u00eddeo \u2013 Vale Registrar"},"content":{"rendered":"<p><img loading=\"lazy\" decoding=\"async\" class=\"size-full\" src=\"\/wp-content\/uploads\/foto-3-cuso-de-video-1.jpg\" alt=\"Participantes do 3\u00ba Curso de Edi\u00e7\u00e3o de V\u00eddeo. Foto: Rafael Santos\" width=\"300\" height=\"199\"><\/p>\n<p>Participantes do 3\u00ba Curso de Edi\u00e7\u00e3o de V\u00eddeo. Foto: Rafael Santos<\/p>\n<p>&nbsp;<\/p>\n<p>O Programa de Educa\u00e7\u00e3o Patrimonial Trem da Vale realizou o 3\u00ba Curso de Edi\u00e7\u00e3o de V\u00eddeo do Vale Registrar na Esta\u00e7\u00e3o Ferrovi\u00e1ria de Mariana. O curso proporcionou aos participantes a possibilidade de trabalhar, editar e capturar v\u00eddeos, alternando-se em aulas pr\u00e1ticas, te\u00f3ricas e demonstrativas. Os participantes ficaram por dentro da linguagem audiovisual, no\u00e7\u00f5es de tempo, ritmo, enquadramento de imagens, roteiro de edi\u00e7\u00e3o e sons.<\/p>\n<p style=\"text-align: justify;\">O Curso foi realizado no per\u00edodo do dia 20 de setembro a 02 de outubro de 2010 perfazendo uma carga hor\u00e1ria de 48 horas. Ao todo foram 08 participantes, subdivididos em duas turmas de quatro alunos, que trabalharam em duplas, utilizando, alternadamente, duas ilhas de edi\u00e7\u00e3o, no Vag\u00e3o Oficina de V\u00eddeo, no qual no final do Curso, os alunos editaram quatro v\u00eddeos de aproximadamente 05 minutos.<\/p>\n<p>&nbsp;<\/p>\n<p><img loading=\"lazy\" decoding=\"async\" class=\"size-full\" src=\"\/wp-content\/uploads\/foto-2-curso-de-video.jpg\" alt=\"Participantes editando o material videogr\u00e1fico. Foto: Rafael Santos\" width=\"300\" height=\"199\"><\/p>\n<p>Participantes editando o material videogr\u00e1fico. Foto: Rafael Santos<\/p>\n<p>&nbsp;<\/p>\n<p>Ministrado pelos professores e profissionais de v\u00eddeo Mateus Brand\u00e3o e Alex Queiroz, o Curso teve como meta capacitar principalmente os ex-alunos dos cursos e oficinas de v\u00eddeo j\u00e1 realizados pelo Vale Registrar, ou moradores de Mariana e Ouro Preto interessados na linguagem audiovisual a manusearem uma ilha de edi\u00e7\u00e3o.<\/p>\n<p style=\"text-align: justify;\">Nessas duas turmas, participaram cinco ex-alunos de cursos de v\u00eddeo do Vale Registrar: Alan da Silva, Breno Magalh\u00e3es, Gilmara Clementina, Luan Brihan e Ingredy Freitas (todos ex-alunos do 2\u00ba Curso de Forma\u00e7\u00e3o de Jovens Agentes em V\u00eddeo e Patrim\u00f4nio Cultural).<\/p>\n<p>&nbsp;<\/p>\n<p><img loading=\"lazy\" decoding=\"async\" class=\"size-full\" src=\"\/wp-content\/uploads\/foto-4-curso-de-video.jpg\" alt=\"Os alunos aprenderam entre aulas pr\u00e1ticas e teoricas a possibilidade de trabalhar, editar e capturar v\u00eddeos. Fotos: Rafael Santos\" width=\"300\" height=\"199\"><\/p>\n<p>Os alunos aprenderam entre aulas pr\u00e1ticas e teoricas a possibilidade de trabalhar, editar e capturar v\u00eddeos. Fotos: Marcello Nicolato.<\/p>\n<p>&nbsp;<\/p>\n<p style=\"text-align: justify;\">Os demais participantes s\u00e3o: Jaqueline Dias (moradora de Ouro Preto, que trabalha na TV Timbal\u00ea, considera a etapa de edi\u00e7\u00e3o a mais importante do audiovisual), Mayara Coutrim (estudante da UFOP, que pretende trabalhar na \u00e1rea e acredita que o curso vai lhe acrescentar muito) e Marcello Nicolato (novo integrante da equipe do N\u00facleo de Audiovisual do Vale Registrar, que tem interesse em desenvolver conhecimentos sobre o programa de edi\u00e7\u00e3o Final Cut).<\/p>\n<p style=\"text-align: justify;\">Durante as aulas, os alunos do Curso conheceram a interface do programa de edi\u00e7\u00e3o de v\u00eddeo Final Cut Pro e da plataforma MAC e foram orientados a utilizar as suas ferramentas b\u00e1sicas, tais como: captura, movimento, efeito, compress\u00e3o e exporta\u00e7\u00e3o.<\/p>\n<p style=\"text-align: justify;\">O material videogr\u00e1fico trabalhado durante o curso pertence ao acervo do Vale Registrar, e foi anteriormente gravado pela equipe do N\u00facleo de Audiovisual para documentar atividades e eventos realizados pelo Programa de Educa\u00e7\u00e3o Patrimonial Trem da Vale. Nesse curso, foram editados os seguintes registros audiovisuais:<\/p>\n<p style=\"text-align: justify;\">\u201cCircuito Integrado de Educa\u00e7\u00e3o Patrimonial\u201d e \u201cBastidores da 1\u00aa Oficina de V\u00eddeo de Anima\u00e7\u00e3o para Crian\u00e7as\u201d, \u201c2\u00ba Cortejo do Circo da Esta\u00e7\u00e3o, com o tema: CHICO REI\u201d e \u201cTrilha Sensorial\u201d. Esses dois \u00faltimos materiais foram trabalhados na 1\u00aa Oficina de Roteiro Audiovisual do Vale Registrar, que aconteceu em julho de 2010, e seus respectivos roteiros produzidos por alunos dessa oficina ser\u00e3o aproveitados pelos participantes do Curso de Edi\u00e7\u00e3o.<\/p>\n<p>&nbsp;<\/p>\n","protected":false},"excerpt":{"rendered":"<p>Participantes do 3\u00ba Curso de Edi\u00e7\u00e3o de V\u00eddeo. Foto: Rafael Santos &nbsp; O Programa de Educa\u00e7\u00e3o Patrimonial Trem da Vale realizou o 3\u00ba Curso de Edi\u00e7\u00e3o de V\u00eddeo do Vale Registrar na Esta\u00e7\u00e3o Ferrovi\u00e1ria de Mariana. O curso proporcionou aos participantes a possibilidade de trabalhar, editar e capturar v\u00eddeos, alternando-se &hellip;<\/p>\n","protected":false},"author":1,"featured_media":350,"comment_status":"open","ping_status":"closed","sticky":false,"template":"","format":"standard","meta":{"footnotes":""},"categories":[2],"tags":[],"class_list":["post-43","post","type-post","status-publish","format-standard","has-post-thumbnail","hentry","category-destaques-home"],"yoast_head":"<!-- This site is optimized with the Yoast SEO plugin v26.1.1 - https:\/\/yoast.com\/wordpress\/plugins\/seo\/ -->\n<title>3\u00ba Curso de Edi\u00e7\u00e3o de V\u00eddeo \u2013 Vale Registrar &#8212; Trem da Vale<\/title>\n<meta name=\"robots\" content=\"index, follow, max-snippet:-1, max-image-preview:large, max-video-preview:-1\" \/>\n<link rel=\"canonical\" href=\"https:\/\/tremdavale.org\/pt\/3-curso-de-edicao-de-video-vale-registrar\/\" \/>\n<meta property=\"og:locale\" content=\"pt_PT\" \/>\n<meta property=\"og:type\" content=\"article\" \/>\n<meta property=\"og:title\" content=\"3\u00ba Curso de Edi\u00e7\u00e3o de V\u00eddeo \u2013 Vale Registrar &#8212; Trem da Vale\" \/>\n<meta property=\"og:description\" content=\"Participantes do 3\u00ba Curso de Edi\u00e7\u00e3o de V\u00eddeo. Foto: Rafael Santos &nbsp; O Programa de Educa\u00e7\u00e3o Patrimonial Trem da Vale realizou o 3\u00ba Curso de Edi\u00e7\u00e3o de V\u00eddeo do Vale Registrar na Esta\u00e7\u00e3o Ferrovi\u00e1ria de Mariana. O curso proporcionou aos participantes a possibilidade de trabalhar, editar e capturar v\u00eddeos, alternando-se &hellip;\" \/>\n<meta property=\"og:url\" content=\"https:\/\/tremdavale.org\/pt\/3-curso-de-edicao-de-video-vale-registrar\/\" \/>\n<meta property=\"og:site_name\" content=\"Trem da Vale\" \/>\n<meta property=\"article:published_time\" content=\"2011-09-12T07:38:00+00:00\" \/>\n<meta property=\"article:modified_time\" content=\"2025-10-10T11:57:00+00:00\" \/>\n<meta property=\"og:image\" content=\"https:\/\/tremdavale.org\/wp-content\/uploads\/foto-3-cuso-de-video-1.jpg\" \/>\n\t<meta property=\"og:image:width\" content=\"300\" \/>\n\t<meta property=\"og:image:height\" content=\"199\" \/>\n\t<meta property=\"og:image:type\" content=\"image\/jpeg\" \/>\n<meta name=\"author\" content=\"admin\" \/>\n<meta name=\"twitter:card\" content=\"summary_large_image\" \/>\n<meta name=\"twitter:label1\" content=\"Escrito por\" \/>\n\t<meta name=\"twitter:data1\" content=\"admin\" \/>\n\t<meta name=\"twitter:label2\" content=\"Tempo estimado de leitura\" \/>\n\t<meta name=\"twitter:data2\" content=\"3 minutos\" \/>\n<script type=\"application\/ld+json\" class=\"yoast-schema-graph\">{\"@context\":\"https:\/\/schema.org\",\"@graph\":[{\"@type\":\"WebPage\",\"@id\":\"https:\/\/tremdavale.org\/pt\/3-curso-de-edicao-de-video-vale-registrar\/\",\"url\":\"https:\/\/tremdavale.org\/pt\/3-curso-de-edicao-de-video-vale-registrar\/\",\"name\":\"3\u00ba Curso de Edi\u00e7\u00e3o de V\u00eddeo \u2013 Vale Registrar &#8212; Trem da Vale\",\"isPartOf\":{\"@id\":\"https:\/\/tremdavale.org\/pt\/#website\"},\"primaryImageOfPage\":{\"@id\":\"https:\/\/tremdavale.org\/pt\/3-curso-de-edicao-de-video-vale-registrar\/#primaryimage\"},\"image\":{\"@id\":\"https:\/\/tremdavale.org\/pt\/3-curso-de-edicao-de-video-vale-registrar\/#primaryimage\"},\"thumbnailUrl\":\"https:\/\/tremdavale.org\/wp-content\/uploads\/foto-3-cuso-de-video-1.jpg\",\"datePublished\":\"2011-09-12T07:38:00+00:00\",\"dateModified\":\"2025-10-10T11:57:00+00:00\",\"author\":{\"@id\":\"https:\/\/tremdavale.org\/pt\/#\/schema\/person\/50912137d47426d31329f246d02eaeca\"},\"breadcrumb\":{\"@id\":\"https:\/\/tremdavale.org\/pt\/3-curso-de-edicao-de-video-vale-registrar\/#breadcrumb\"},\"inLanguage\":\"pt-PT\",\"potentialAction\":[{\"@type\":\"ReadAction\",\"target\":[\"https:\/\/tremdavale.org\/pt\/3-curso-de-edicao-de-video-vale-registrar\/\"]}]},{\"@type\":\"ImageObject\",\"inLanguage\":\"pt-PT\",\"@id\":\"https:\/\/tremdavale.org\/pt\/3-curso-de-edicao-de-video-vale-registrar\/#primaryimage\",\"url\":\"https:\/\/tremdavale.org\/wp-content\/uploads\/foto-3-cuso-de-video-1.jpg\",\"contentUrl\":\"https:\/\/tremdavale.org\/wp-content\/uploads\/foto-3-cuso-de-video-1.jpg\",\"width\":300,\"height\":199},{\"@type\":\"BreadcrumbList\",\"@id\":\"https:\/\/tremdavale.org\/pt\/3-curso-de-edicao-de-video-vale-registrar\/#breadcrumb\",\"itemListElement\":[{\"@type\":\"ListItem\",\"position\":1,\"name\":\"In\u00edcio\",\"item\":\"https:\/\/tremdavale.org\/pt\/\"},{\"@type\":\"ListItem\",\"position\":2,\"name\":\"3\u00ba Curso de Edi\u00e7\u00e3o de V\u00eddeo \u2013 Vale Registrar\"}]},{\"@type\":\"WebSite\",\"@id\":\"https:\/\/tremdavale.org\/pt\/#website\",\"url\":\"https:\/\/tremdavale.org\/pt\/\",\"name\":\"Trem da Vale\",\"description\":\"Programa de Educa\u00e7\u00e3o Patrimonial\",\"potentialAction\":[{\"@type\":\"SearchAction\",\"target\":{\"@type\":\"EntryPoint\",\"urlTemplate\":\"https:\/\/tremdavale.org\/pt\/?s={search_term_string}\"},\"query-input\":{\"@type\":\"PropertyValueSpecification\",\"valueRequired\":true,\"valueName\":\"search_term_string\"}}],\"inLanguage\":\"pt-PT\"},{\"@type\":\"Person\",\"@id\":\"https:\/\/tremdavale.org\/pt\/#\/schema\/person\/50912137d47426d31329f246d02eaeca\",\"name\":\"admin\",\"image\":{\"@type\":\"ImageObject\",\"inLanguage\":\"pt-PT\",\"@id\":\"https:\/\/tremdavale.org\/pt\/#\/schema\/person\/image\/\",\"url\":\"https:\/\/secure.gravatar.com\/avatar\/b3564f0fda6ea47959fe96a4217203e79a167568a37409758659bc3ba443b452?s=96&d=mm&r=g\",\"contentUrl\":\"https:\/\/secure.gravatar.com\/avatar\/b3564f0fda6ea47959fe96a4217203e79a167568a37409758659bc3ba443b452?s=96&d=mm&r=g\",\"caption\":\"admin\"},\"sameAs\":[\"https:\/\/tremdavale.org\"],\"url\":\"https:\/\/tremdavale.org\/pt\/author\/admin\/\"}]}<\/script>\n<!-- \/ Yoast SEO plugin. -->","yoast_head_json":{"title":"3\u00ba Curso de Edi\u00e7\u00e3o de V\u00eddeo \u2013 Vale Registrar &#8212; Trem da Vale","robots":{"index":"index","follow":"follow","max-snippet":"max-snippet:-1","max-image-preview":"max-image-preview:large","max-video-preview":"max-video-preview:-1"},"canonical":"https:\/\/tremdavale.org\/pt\/3-curso-de-edicao-de-video-vale-registrar\/","og_locale":"pt_PT","og_type":"article","og_title":"3\u00ba Curso de Edi\u00e7\u00e3o de V\u00eddeo \u2013 Vale Registrar &#8212; Trem da Vale","og_description":"Participantes do 3\u00ba Curso de Edi\u00e7\u00e3o de V\u00eddeo. Foto: Rafael Santos &nbsp; O Programa de Educa\u00e7\u00e3o Patrimonial Trem da Vale realizou o 3\u00ba Curso de Edi\u00e7\u00e3o de V\u00eddeo do Vale Registrar na Esta\u00e7\u00e3o Ferrovi\u00e1ria de Mariana. O curso proporcionou aos participantes a possibilidade de trabalhar, editar e capturar v\u00eddeos, alternando-se &hellip;","og_url":"https:\/\/tremdavale.org\/pt\/3-curso-de-edicao-de-video-vale-registrar\/","og_site_name":"Trem da Vale","article_published_time":"2011-09-12T07:38:00+00:00","article_modified_time":"2025-10-10T11:57:00+00:00","og_image":[{"width":300,"height":199,"url":"https:\/\/tremdavale.org\/wp-content\/uploads\/foto-3-cuso-de-video-1.jpg","type":"image\/jpeg"}],"author":"admin","twitter_card":"summary_large_image","twitter_misc":{"Escrito por":"admin","Tempo estimado de leitura":"3 minutos"},"schema":{"@context":"https:\/\/schema.org","@graph":[{"@type":"WebPage","@id":"https:\/\/tremdavale.org\/pt\/3-curso-de-edicao-de-video-vale-registrar\/","url":"https:\/\/tremdavale.org\/pt\/3-curso-de-edicao-de-video-vale-registrar\/","name":"3\u00ba Curso de Edi\u00e7\u00e3o de V\u00eddeo \u2013 Vale Registrar &#8212; Trem da Vale","isPartOf":{"@id":"https:\/\/tremdavale.org\/pt\/#website"},"primaryImageOfPage":{"@id":"https:\/\/tremdavale.org\/pt\/3-curso-de-edicao-de-video-vale-registrar\/#primaryimage"},"image":{"@id":"https:\/\/tremdavale.org\/pt\/3-curso-de-edicao-de-video-vale-registrar\/#primaryimage"},"thumbnailUrl":"https:\/\/tremdavale.org\/wp-content\/uploads\/foto-3-cuso-de-video-1.jpg","datePublished":"2011-09-12T07:38:00+00:00","dateModified":"2025-10-10T11:57:00+00:00","author":{"@id":"https:\/\/tremdavale.org\/pt\/#\/schema\/person\/50912137d47426d31329f246d02eaeca"},"breadcrumb":{"@id":"https:\/\/tremdavale.org\/pt\/3-curso-de-edicao-de-video-vale-registrar\/#breadcrumb"},"inLanguage":"pt-PT","potentialAction":[{"@type":"ReadAction","target":["https:\/\/tremdavale.org\/pt\/3-curso-de-edicao-de-video-vale-registrar\/"]}]},{"@type":"ImageObject","inLanguage":"pt-PT","@id":"https:\/\/tremdavale.org\/pt\/3-curso-de-edicao-de-video-vale-registrar\/#primaryimage","url":"https:\/\/tremdavale.org\/wp-content\/uploads\/foto-3-cuso-de-video-1.jpg","contentUrl":"https:\/\/tremdavale.org\/wp-content\/uploads\/foto-3-cuso-de-video-1.jpg","width":300,"height":199},{"@type":"BreadcrumbList","@id":"https:\/\/tremdavale.org\/pt\/3-curso-de-edicao-de-video-vale-registrar\/#breadcrumb","itemListElement":[{"@type":"ListItem","position":1,"name":"In\u00edcio","item":"https:\/\/tremdavale.org\/pt\/"},{"@type":"ListItem","position":2,"name":"3\u00ba Curso de Edi\u00e7\u00e3o de V\u00eddeo \u2013 Vale Registrar"}]},{"@type":"WebSite","@id":"https:\/\/tremdavale.org\/pt\/#website","url":"https:\/\/tremdavale.org\/pt\/","name":"Trem da Vale","description":"Programa de Educa\u00e7\u00e3o Patrimonial","potentialAction":[{"@type":"SearchAction","target":{"@type":"EntryPoint","urlTemplate":"https:\/\/tremdavale.org\/pt\/?s={search_term_string}"},"query-input":{"@type":"PropertyValueSpecification","valueRequired":true,"valueName":"search_term_string"}}],"inLanguage":"pt-PT"},{"@type":"Person","@id":"https:\/\/tremdavale.org\/pt\/#\/schema\/person\/50912137d47426d31329f246d02eaeca","name":"admin","image":{"@type":"ImageObject","inLanguage":"pt-PT","@id":"https:\/\/tremdavale.org\/pt\/#\/schema\/person\/image\/","url":"https:\/\/secure.gravatar.com\/avatar\/b3564f0fda6ea47959fe96a4217203e79a167568a37409758659bc3ba443b452?s=96&d=mm&r=g","contentUrl":"https:\/\/secure.gravatar.com\/avatar\/b3564f0fda6ea47959fe96a4217203e79a167568a37409758659bc3ba443b452?s=96&d=mm&r=g","caption":"admin"},"sameAs":["https:\/\/tremdavale.org"],"url":"https:\/\/tremdavale.org\/pt\/author\/admin\/"}]}},"_links":{"self":[{"href":"https:\/\/tremdavale.org\/pt\/wp-json\/wp\/v2\/posts\/43","targetHints":{"allow":["GET"]}}],"collection":[{"href":"https:\/\/tremdavale.org\/pt\/wp-json\/wp\/v2\/posts"}],"about":[{"href":"https:\/\/tremdavale.org\/pt\/wp-json\/wp\/v2\/types\/post"}],"author":[{"embeddable":true,"href":"https:\/\/tremdavale.org\/pt\/wp-json\/wp\/v2\/users\/1"}],"replies":[{"embeddable":true,"href":"https:\/\/tremdavale.org\/pt\/wp-json\/wp\/v2\/comments?post=43"}],"version-history":[{"count":0,"href":"https:\/\/tremdavale.org\/pt\/wp-json\/wp\/v2\/posts\/43\/revisions"}],"wp:featuredmedia":[{"embeddable":true,"href":"https:\/\/tremdavale.org\/pt\/wp-json\/wp\/v2\/media\/350"}],"wp:attachment":[{"href":"https:\/\/tremdavale.org\/pt\/wp-json\/wp\/v2\/media?parent=43"}],"wp:term":[{"taxonomy":"category","embeddable":true,"href":"https:\/\/tremdavale.org\/pt\/wp-json\/wp\/v2\/categories?post=43"},{"taxonomy":"post_tag","embeddable":true,"href":"https:\/\/tremdavale.org\/pt\/wp-json\/wp\/v2\/tags?post=43"}],"curies":[{"name":"wp","href":"https:\/\/api.w.org\/{rel}","templated":true}]}}