{"id":44,"date":"2013-08-25T04:59:00","date_gmt":"2013-08-25T04:59:00","guid":{"rendered":"https:\/\/tremdavale.org\/?p=44"},"modified":"2025-10-10T11:57:00","modified_gmt":"2025-10-10T11:57:00","slug":"3-curso-de-video-em-educacao-patrimonial-para-comunidade-escolar","status":"publish","type":"post","link":"https:\/\/tremdavale.org\/pt\/3-curso-de-video-em-educacao-patrimonial-para-comunidade-escolar\/","title":{"rendered":"3\u00ba Curso de v\u00eddeo em educa\u00e7\u00e3o patrimonial para comunidade escolar"},"content":{"rendered":"<p>Nos dias 09 e 11 de abril de 2012, teve in\u00edcio o 3\u00ba Curso de V\u00eddeo em Educa\u00e7\u00e3o Patrimonial para Comunidade Escolar, nas Esta\u00e7\u00f5es de Ouro Preto e de Mariana, respectivamente.<\/p>\n<p>Esta atividade do Vale Registrar, que integra o Programa de Educa\u00e7\u00e3o Patrimonial Trem da Vale, tem como objetivo apresentar os conceitos b\u00e1sicos da realiza\u00e7\u00e3o audiovisual e da Educa\u00e7\u00e3o Patrimonial, buscando documentar e valorizar o patrim\u00f4nio cultural de Mariana e de Ouro Preto, utilizando espa\u00e7os e equipamentos existentes nas esta\u00e7\u00f5es ferrovi\u00e1rias do Trem da Vale.<\/p>\n<p>&nbsp;<\/p>\n<p><img loading=\"lazy\" decoding=\"async\" class=\"size-medium\" title=\"3-3c2ba-curso-epce-ouro-preto\" src=\"\/wp-content\/uploads\/3-3c2ba-curso-epce-ouro-preto-300x199.jpg\" alt=\"3-3c2ba-curso-epce-ouro-preto\" width=\"300\" height=\"199\"><\/p>\n<p>Alunos gravam os pr\u00f3prios depoimentos, com o aux\u00edlio dos instrutores, na Sala Multiuso da Esta\u00e7\u00e3o de Ouro Preto. Foto: Rafael Bou\u00e7as.<\/p>\n<p>&nbsp;<\/p>\n<p>A proposta do curso \u00e9 que alunos e professores do 5\u00ba ano do ensino fundamental de institui\u00e7\u00e3o escolar selecionada de Ouro Preto e de Mariana produzam v\u00eddeos, utilizando-os como ferramenta para debater temas como mem\u00f3ria e identidade, com enfoque, em especial, para conte\u00fados relacionados ao patrim\u00f4nio cultural dessas cidades.<\/p>\n<p>&nbsp;<\/p>\n<p><img loading=\"lazy\" decoding=\"async\" class=\"size-medium\" title=\"03-3c2ba-curso-epce-mariana\" src=\"\/wp-content\/uploads\/03-3c2ba-curso-epce-mariana-300x199.jpg\" alt=\"03-3c2ba-curso-epce-mariana\" width=\"300\" height=\"199\"><\/p>\n<p>O instrutor de audiovisual, Douglas Aparecido, descreve a atividade a ser realizada durante aula na Sala Multiuso da Esta\u00e7\u00e3o Ferrovi\u00e1ria de Mariana. Foto: Rafael Bou\u00e7as.<\/p>\n<p>&nbsp;<\/p>\n<p>As atividades do curso ser\u00e3o realizadas no per\u00edodo de 09 de abril a 14 de maio de 2012, sendo dez dias em cada cidade, durante quatro horas di\u00e1rias, no per\u00edodo da tarde, de 12h30 \u00e0s 16h30 horas; sendo \u00e0s segundas e quintas-feiras em espa\u00e7os da Esta\u00e7\u00e3o de Ouro Preto, e \u00e0s quartas e sextas-feiras na Esta\u00e7\u00e3o de Mariana.<\/p>\n<p>&nbsp;<\/p>\n<p><img loading=\"lazy\" decoding=\"async\" class=\"size-medium\" title=\"02-3c2ba-curso-epce-mariana\" src=\"\/wp-content\/uploads\/02-3c2ba-curso-epce-mariana-300x199.jpg\" alt=\"02-3c2ba-curso-epce-mariana\" width=\"300\" height=\"199\"><\/p>\n<p>Alunos executando atividade pr\u00e1tica com o aux\u00edlio dos instrutores de audiovisual Douglas Aparecido e Eduardo Moreira na Esta\u00e7\u00e3o Ferrovi\u00e1ria de Mariana. Foto: Rafael Bou\u00e7as.<\/p>\n<p>&nbsp;<\/p>\n<p>No total, o curso conta com a participa\u00e7\u00e3o de 45 alunos, entre 09 e 11 anos de idade, acompanhados de seus professores. Em Mariana, as 19 crian\u00e7as participantes estudam na Escola Estadual Dom Benevides e s\u00e3o acompanhadas pelas professoras Andr\u00e9ia de Queiroz e Ana Maria dos Santos Gol\u00e7alves. Em Ouro Preto, as 26 crian\u00e7as participantes estudam na Escola Estadual Desembargador Hor\u00e1rio Andrade e s\u00e3o acompanhadas pela professora S\u00edlvia Elias Barbosa e, eventualmente, pela diretora da escola Ana Lu\u00edza Magalh\u00e3es Nunes Mapa.<\/p>\n<p>Durante a realiza\u00e7\u00e3o do curso, os professores e alunos participantes, em cada cidade, trabalham os princ\u00edpios te\u00f3ricos e pr\u00e1ticos para a produ\u00e7\u00e3o de v\u00eddeodocument\u00e1rios de curta dura\u00e7\u00e3o, desde a pesquisa sobre o patrim\u00f4nio cultural, o registro audiovisual at\u00e9 a edi\u00e7\u00e3o de um v\u00eddeo abordando bens culturais representativos da regi\u00e3o, escolhidos pelos pr\u00f3prios participantes. Pretende-se, assim, capacit\u00e1-los para a elabora\u00e7\u00e3o de produtos culturais e educacionais a serem empregados nas escolas locais.<\/p>\n<p>No \u00faltimo dia de atividade, os participantes assistir\u00e3o \u00e0 exibi\u00e7\u00e3o dos 04 v\u00eddeos produzidos por eles (02 em cada cidade), com a orienta\u00e7\u00e3o dos instrutores respons\u00e1veis pelo curso \u2013 a professora Maria Agripina Neves e os profissionais de v\u00eddeo Douglas Aparecido e Eduardo Moreira; tendo o apoio da equipe do Vale Registrar.<\/p>\n<p>&nbsp;<\/p>\n","protected":false},"excerpt":{"rendered":"<p>Nos dias 09 e 11 de abril de 2012, teve in\u00edcio o 3\u00ba Curso de V\u00eddeo em Educa\u00e7\u00e3o Patrimonial para Comunidade Escolar, nas Esta\u00e7\u00f5es de Ouro Preto e de Mariana, respectivamente. Esta atividade do Vale Registrar, que integra o Programa de Educa\u00e7\u00e3o Patrimonial Trem da Vale, tem como objetivo apresentar &hellip;<\/p>\n","protected":false},"author":1,"featured_media":351,"comment_status":"open","ping_status":"closed","sticky":false,"template":"","format":"standard","meta":{"footnotes":""},"categories":[2],"tags":[],"class_list":["post-44","post","type-post","status-publish","format-standard","has-post-thumbnail","hentry","category-destaques-home"],"yoast_head":"<!-- This site is optimized with the Yoast SEO plugin v26.1.1 - https:\/\/yoast.com\/wordpress\/plugins\/seo\/ -->\n<title>3\u00ba Curso de v\u00eddeo em educa\u00e7\u00e3o patrimonial para comunidade escolar &#8212; Trem da Vale<\/title>\n<meta name=\"robots\" content=\"index, follow, max-snippet:-1, max-image-preview:large, max-video-preview:-1\" \/>\n<link rel=\"canonical\" href=\"https:\/\/tremdavale.org\/pt\/3-curso-de-video-em-educacao-patrimonial-para-comunidade-escolar\/\" \/>\n<meta property=\"og:locale\" content=\"pt_PT\" \/>\n<meta property=\"og:type\" content=\"article\" \/>\n<meta property=\"og:title\" content=\"3\u00ba Curso de v\u00eddeo em educa\u00e7\u00e3o patrimonial para comunidade escolar &#8212; Trem da Vale\" \/>\n<meta property=\"og:description\" content=\"Nos dias 09 e 11 de abril de 2012, teve in\u00edcio o 3\u00ba Curso de V\u00eddeo em Educa\u00e7\u00e3o Patrimonial para Comunidade Escolar, nas Esta\u00e7\u00f5es de Ouro Preto e de Mariana, respectivamente. Esta atividade do Vale Registrar, que integra o Programa de Educa\u00e7\u00e3o Patrimonial Trem da Vale, tem como objetivo apresentar &hellip;\" \/>\n<meta property=\"og:url\" content=\"https:\/\/tremdavale.org\/pt\/3-curso-de-video-em-educacao-patrimonial-para-comunidade-escolar\/\" \/>\n<meta property=\"og:site_name\" content=\"Trem da Vale\" \/>\n<meta property=\"article:published_time\" content=\"2013-08-25T04:59:00+00:00\" \/>\n<meta property=\"article:modified_time\" content=\"2025-10-10T11:57:00+00:00\" \/>\n<meta property=\"og:image\" content=\"https:\/\/tremdavale.org\/wp-content\/uploads\/3-3c2ba-curso-epce-ouro-preto-300x199.jpg\" \/>\n\t<meta property=\"og:image:width\" content=\"300\" \/>\n\t<meta property=\"og:image:height\" content=\"199\" \/>\n\t<meta property=\"og:image:type\" content=\"image\/jpeg\" \/>\n<meta name=\"author\" content=\"admin\" \/>\n<meta name=\"twitter:card\" content=\"summary_large_image\" \/>\n<meta name=\"twitter:label1\" content=\"Escrito por\" \/>\n\t<meta name=\"twitter:data1\" content=\"admin\" \/>\n\t<meta name=\"twitter:label2\" content=\"Tempo estimado de leitura\" \/>\n\t<meta name=\"twitter:data2\" content=\"3 minutos\" \/>\n<script type=\"application\/ld+json\" class=\"yoast-schema-graph\">{\"@context\":\"https:\/\/schema.org\",\"@graph\":[{\"@type\":\"WebPage\",\"@id\":\"https:\/\/tremdavale.org\/pt\/3-curso-de-video-em-educacao-patrimonial-para-comunidade-escolar\/\",\"url\":\"https:\/\/tremdavale.org\/pt\/3-curso-de-video-em-educacao-patrimonial-para-comunidade-escolar\/\",\"name\":\"3\u00ba Curso de v\u00eddeo em educa\u00e7\u00e3o patrimonial para comunidade escolar &#8212; Trem da Vale\",\"isPartOf\":{\"@id\":\"https:\/\/tremdavale.org\/pt\/#website\"},\"primaryImageOfPage\":{\"@id\":\"https:\/\/tremdavale.org\/pt\/3-curso-de-video-em-educacao-patrimonial-para-comunidade-escolar\/#primaryimage\"},\"image\":{\"@id\":\"https:\/\/tremdavale.org\/pt\/3-curso-de-video-em-educacao-patrimonial-para-comunidade-escolar\/#primaryimage\"},\"thumbnailUrl\":\"https:\/\/tremdavale.org\/wp-content\/uploads\/3-3c2ba-curso-epce-ouro-preto-300x199.jpg\",\"datePublished\":\"2013-08-25T04:59:00+00:00\",\"dateModified\":\"2025-10-10T11:57:00+00:00\",\"author\":{\"@id\":\"https:\/\/tremdavale.org\/pt\/#\/schema\/person\/50912137d47426d31329f246d02eaeca\"},\"breadcrumb\":{\"@id\":\"https:\/\/tremdavale.org\/pt\/3-curso-de-video-em-educacao-patrimonial-para-comunidade-escolar\/#breadcrumb\"},\"inLanguage\":\"pt-PT\",\"potentialAction\":[{\"@type\":\"ReadAction\",\"target\":[\"https:\/\/tremdavale.org\/pt\/3-curso-de-video-em-educacao-patrimonial-para-comunidade-escolar\/\"]}]},{\"@type\":\"ImageObject\",\"inLanguage\":\"pt-PT\",\"@id\":\"https:\/\/tremdavale.org\/pt\/3-curso-de-video-em-educacao-patrimonial-para-comunidade-escolar\/#primaryimage\",\"url\":\"https:\/\/tremdavale.org\/wp-content\/uploads\/3-3c2ba-curso-epce-ouro-preto-300x199.jpg\",\"contentUrl\":\"https:\/\/tremdavale.org\/wp-content\/uploads\/3-3c2ba-curso-epce-ouro-preto-300x199.jpg\",\"width\":300,\"height\":199},{\"@type\":\"BreadcrumbList\",\"@id\":\"https:\/\/tremdavale.org\/pt\/3-curso-de-video-em-educacao-patrimonial-para-comunidade-escolar\/#breadcrumb\",\"itemListElement\":[{\"@type\":\"ListItem\",\"position\":1,\"name\":\"In\u00edcio\",\"item\":\"https:\/\/tremdavale.org\/pt\/\"},{\"@type\":\"ListItem\",\"position\":2,\"name\":\"3\u00ba Curso de v\u00eddeo em educa\u00e7\u00e3o patrimonial para comunidade escolar\"}]},{\"@type\":\"WebSite\",\"@id\":\"https:\/\/tremdavale.org\/pt\/#website\",\"url\":\"https:\/\/tremdavale.org\/pt\/\",\"name\":\"Trem da Vale\",\"description\":\"Programa de Educa\u00e7\u00e3o Patrimonial\",\"potentialAction\":[{\"@type\":\"SearchAction\",\"target\":{\"@type\":\"EntryPoint\",\"urlTemplate\":\"https:\/\/tremdavale.org\/pt\/?s={search_term_string}\"},\"query-input\":{\"@type\":\"PropertyValueSpecification\",\"valueRequired\":true,\"valueName\":\"search_term_string\"}}],\"inLanguage\":\"pt-PT\"},{\"@type\":\"Person\",\"@id\":\"https:\/\/tremdavale.org\/pt\/#\/schema\/person\/50912137d47426d31329f246d02eaeca\",\"name\":\"admin\",\"image\":{\"@type\":\"ImageObject\",\"inLanguage\":\"pt-PT\",\"@id\":\"https:\/\/tremdavale.org\/pt\/#\/schema\/person\/image\/\",\"url\":\"https:\/\/secure.gravatar.com\/avatar\/b3564f0fda6ea47959fe96a4217203e79a167568a37409758659bc3ba443b452?s=96&d=mm&r=g\",\"contentUrl\":\"https:\/\/secure.gravatar.com\/avatar\/b3564f0fda6ea47959fe96a4217203e79a167568a37409758659bc3ba443b452?s=96&d=mm&r=g\",\"caption\":\"admin\"},\"sameAs\":[\"https:\/\/tremdavale.org\"],\"url\":\"https:\/\/tremdavale.org\/pt\/author\/admin\/\"}]}<\/script>\n<!-- \/ Yoast SEO plugin. -->","yoast_head_json":{"title":"3\u00ba Curso de v\u00eddeo em educa\u00e7\u00e3o patrimonial para comunidade escolar &#8212; Trem da Vale","robots":{"index":"index","follow":"follow","max-snippet":"max-snippet:-1","max-image-preview":"max-image-preview:large","max-video-preview":"max-video-preview:-1"},"canonical":"https:\/\/tremdavale.org\/pt\/3-curso-de-video-em-educacao-patrimonial-para-comunidade-escolar\/","og_locale":"pt_PT","og_type":"article","og_title":"3\u00ba Curso de v\u00eddeo em educa\u00e7\u00e3o patrimonial para comunidade escolar &#8212; Trem da Vale","og_description":"Nos dias 09 e 11 de abril de 2012, teve in\u00edcio o 3\u00ba Curso de V\u00eddeo em Educa\u00e7\u00e3o Patrimonial para Comunidade Escolar, nas Esta\u00e7\u00f5es de Ouro Preto e de Mariana, respectivamente. Esta atividade do Vale Registrar, que integra o Programa de Educa\u00e7\u00e3o Patrimonial Trem da Vale, tem como objetivo apresentar &hellip;","og_url":"https:\/\/tremdavale.org\/pt\/3-curso-de-video-em-educacao-patrimonial-para-comunidade-escolar\/","og_site_name":"Trem da Vale","article_published_time":"2013-08-25T04:59:00+00:00","article_modified_time":"2025-10-10T11:57:00+00:00","og_image":[{"width":300,"height":199,"url":"https:\/\/tremdavale.org\/wp-content\/uploads\/3-3c2ba-curso-epce-ouro-preto-300x199.jpg","type":"image\/jpeg"}],"author":"admin","twitter_card":"summary_large_image","twitter_misc":{"Escrito por":"admin","Tempo estimado de leitura":"3 minutos"},"schema":{"@context":"https:\/\/schema.org","@graph":[{"@type":"WebPage","@id":"https:\/\/tremdavale.org\/pt\/3-curso-de-video-em-educacao-patrimonial-para-comunidade-escolar\/","url":"https:\/\/tremdavale.org\/pt\/3-curso-de-video-em-educacao-patrimonial-para-comunidade-escolar\/","name":"3\u00ba Curso de v\u00eddeo em educa\u00e7\u00e3o patrimonial para comunidade escolar &#8212; Trem da Vale","isPartOf":{"@id":"https:\/\/tremdavale.org\/pt\/#website"},"primaryImageOfPage":{"@id":"https:\/\/tremdavale.org\/pt\/3-curso-de-video-em-educacao-patrimonial-para-comunidade-escolar\/#primaryimage"},"image":{"@id":"https:\/\/tremdavale.org\/pt\/3-curso-de-video-em-educacao-patrimonial-para-comunidade-escolar\/#primaryimage"},"thumbnailUrl":"https:\/\/tremdavale.org\/wp-content\/uploads\/3-3c2ba-curso-epce-ouro-preto-300x199.jpg","datePublished":"2013-08-25T04:59:00+00:00","dateModified":"2025-10-10T11:57:00+00:00","author":{"@id":"https:\/\/tremdavale.org\/pt\/#\/schema\/person\/50912137d47426d31329f246d02eaeca"},"breadcrumb":{"@id":"https:\/\/tremdavale.org\/pt\/3-curso-de-video-em-educacao-patrimonial-para-comunidade-escolar\/#breadcrumb"},"inLanguage":"pt-PT","potentialAction":[{"@type":"ReadAction","target":["https:\/\/tremdavale.org\/pt\/3-curso-de-video-em-educacao-patrimonial-para-comunidade-escolar\/"]}]},{"@type":"ImageObject","inLanguage":"pt-PT","@id":"https:\/\/tremdavale.org\/pt\/3-curso-de-video-em-educacao-patrimonial-para-comunidade-escolar\/#primaryimage","url":"https:\/\/tremdavale.org\/wp-content\/uploads\/3-3c2ba-curso-epce-ouro-preto-300x199.jpg","contentUrl":"https:\/\/tremdavale.org\/wp-content\/uploads\/3-3c2ba-curso-epce-ouro-preto-300x199.jpg","width":300,"height":199},{"@type":"BreadcrumbList","@id":"https:\/\/tremdavale.org\/pt\/3-curso-de-video-em-educacao-patrimonial-para-comunidade-escolar\/#breadcrumb","itemListElement":[{"@type":"ListItem","position":1,"name":"In\u00edcio","item":"https:\/\/tremdavale.org\/pt\/"},{"@type":"ListItem","position":2,"name":"3\u00ba Curso de v\u00eddeo em educa\u00e7\u00e3o patrimonial para comunidade escolar"}]},{"@type":"WebSite","@id":"https:\/\/tremdavale.org\/pt\/#website","url":"https:\/\/tremdavale.org\/pt\/","name":"Trem da Vale","description":"Programa de Educa\u00e7\u00e3o Patrimonial","potentialAction":[{"@type":"SearchAction","target":{"@type":"EntryPoint","urlTemplate":"https:\/\/tremdavale.org\/pt\/?s={search_term_string}"},"query-input":{"@type":"PropertyValueSpecification","valueRequired":true,"valueName":"search_term_string"}}],"inLanguage":"pt-PT"},{"@type":"Person","@id":"https:\/\/tremdavale.org\/pt\/#\/schema\/person\/50912137d47426d31329f246d02eaeca","name":"admin","image":{"@type":"ImageObject","inLanguage":"pt-PT","@id":"https:\/\/tremdavale.org\/pt\/#\/schema\/person\/image\/","url":"https:\/\/secure.gravatar.com\/avatar\/b3564f0fda6ea47959fe96a4217203e79a167568a37409758659bc3ba443b452?s=96&d=mm&r=g","contentUrl":"https:\/\/secure.gravatar.com\/avatar\/b3564f0fda6ea47959fe96a4217203e79a167568a37409758659bc3ba443b452?s=96&d=mm&r=g","caption":"admin"},"sameAs":["https:\/\/tremdavale.org"],"url":"https:\/\/tremdavale.org\/pt\/author\/admin\/"}]}},"_links":{"self":[{"href":"https:\/\/tremdavale.org\/pt\/wp-json\/wp\/v2\/posts\/44","targetHints":{"allow":["GET"]}}],"collection":[{"href":"https:\/\/tremdavale.org\/pt\/wp-json\/wp\/v2\/posts"}],"about":[{"href":"https:\/\/tremdavale.org\/pt\/wp-json\/wp\/v2\/types\/post"}],"author":[{"embeddable":true,"href":"https:\/\/tremdavale.org\/pt\/wp-json\/wp\/v2\/users\/1"}],"replies":[{"embeddable":true,"href":"https:\/\/tremdavale.org\/pt\/wp-json\/wp\/v2\/comments?post=44"}],"version-history":[{"count":0,"href":"https:\/\/tremdavale.org\/pt\/wp-json\/wp\/v2\/posts\/44\/revisions"}],"wp:featuredmedia":[{"embeddable":true,"href":"https:\/\/tremdavale.org\/pt\/wp-json\/wp\/v2\/media\/351"}],"wp:attachment":[{"href":"https:\/\/tremdavale.org\/pt\/wp-json\/wp\/v2\/media?parent=44"}],"wp:term":[{"taxonomy":"category","embeddable":true,"href":"https:\/\/tremdavale.org\/pt\/wp-json\/wp\/v2\/categories?post=44"},{"taxonomy":"post_tag","embeddable":true,"href":"https:\/\/tremdavale.org\/pt\/wp-json\/wp\/v2\/tags?post=44"}],"curies":[{"name":"wp","href":"https:\/\/api.w.org\/{rel}","templated":true}]}}