{"id":45,"date":"2013-08-25T05:14:00","date_gmt":"2013-08-25T05:14:00","guid":{"rendered":"https:\/\/tremdavale.org\/?p=45"},"modified":"2025-10-10T11:57:00","modified_gmt":"2025-10-10T11:57:00","slug":"3-curso-de-video-em-educacao-patrimonial-para-comunidade-escolar-2","status":"publish","type":"post","link":"https:\/\/tremdavale.org\/pt\/3-curso-de-video-em-educacao-patrimonial-para-comunidade-escolar-2\/","title":{"rendered":"3\u00ba Curso de V\u00eddeo em Educa\u00e7\u00e3o Patrimonial para Comunidade Escolar"},"content":{"rendered":"<p><span>Nos dias 11 e 14 de maio de 2012, aconteceu o encerramento do 3\u00ba Curso de V\u00eddeo em Educa\u00e7\u00e3o Patrimonial para Comunidade Escolar, nas Esta\u00e7\u00f5es de Mariana e de Ouro Preto, respectivamente.<\/span><\/p>\n<p>&nbsp;<\/p>\n<p><span>O curso foi realizado no per\u00edodo de 09 de abril a 14 de maio sob a coordena\u00e7\u00e3o de instrutores de Ouro Preto: Douglas Aparecido e Eduardo Moreira, na \u00e1rea do Audiovisual; e Maria Agripina Neves, na \u00e1rea do Patrim\u00f4nio Cultural.<\/span><\/p>\n<p>&nbsp;<\/p>\n<p><span>As aulas aconteceram as segundas e quintas para a turma de Ouro Preto e as quartas e sextas para a turma de Mariana, com a carga hor\u00e1ria de 04 horas di\u00e1rias; perfazendo um total de 40 horas\/aula por turma.<\/span><\/p>\n<p>&nbsp;<\/p>\n<p><span>Foram capacitados 49 alunos, sendo 03 professores, 01 diretora e 45 crian\u00e7as de 09 a 11 anos do 5\u00ba ano do Ensino Fundamental, dos quais: 02 professoras&nbsp; e&nbsp; 19 crian\u00e7as vindos da Escola Estadual Dom Benevides, de Mariana; e 01 professora,&nbsp; 01 diretora e 26 crian\u00e7as vindos da Escola Estadual Desembargador Hor\u00e1rio Andrade, de Ouro Preto.<\/span><\/p>\n<p><span>Esta atividade do Vale Registrar, que integra o Programa de Educa\u00e7\u00e3o Patrimonial Trem da Vale, teve como objetivo apresentar os conceitos b\u00e1sicos da realiza\u00e7\u00e3o audiovisual e da Educa\u00e7\u00e3o Patrimonial para grupos compostos por professores e alunos procedentes do Ensino Fundamental de institui\u00e7\u00f5es escolares de Mariana e Ouro Preto; buscando, ao mesmo tempo, documentar, difundir e valorizar os bens culturais locais; utilizando espa\u00e7os e equipamentos existentes nas esta\u00e7\u00f5es ferrovi\u00e1rias do Trem da Vale.<\/span><\/p>\n<p><em><span>O curso foi executado com grande sucesso, atingindo os objetivos pretendidos e satisfazendo os anseios dos instrutores e dos alunos das turmas de crian\u00e7as e professores das duas cidades, conforme relatos obtidos nas avalia\u00e7\u00f5es feitas pelos&nbsp;participantes ao final da atividade; como por exemplo: da<\/span><\/em> <span>Escola Estadual Dom Benevides <em><span>a professora<\/span><\/em> Andr\u00e9ia de Queiroz <em><span>achou que \u201c<\/span><\/em><em>O curso foi muito bom<\/em>. <em>Espero que o Trem da Vale continue com estes cursos para que outras escolas possam participar.<\/em><\/span> <em><\/em><em><span>\u201c&nbsp;&nbsp;e a aluna<\/span><\/em> <span>Samila Cristina Correa expressou assim \u201c<em>O curso pra mim foi muito bom eu gostei \u2026 de aprender muitas coisas que eu n\u00e3o sabia, dos professores, mas eu n\u00e3o gostei de uma coisa, que o curso acabou<\/em>\u2026\u201d<em><span>; da<\/span><\/em> Escola Estadual Desembargador Hor\u00e1rio Andrade <em><span>a professora<\/span><\/em> S\u00edlvia Elias Barbosa disse \u201c<em>O curso foi de grande import\u00e2ncia para todos n\u00f3s, acrescentou muita coisa.<\/em>\u201d e o aluno Jean Victor Eug\u00eanio da Paix\u00e3o Eleot\u00e9rio declarou \u201c<em>Eu achei muito bom aprender sobre Patrim\u00f4nio e que m\u00fasica, nome, identidade, museus e igrejas, tudo \u00e9 patrim\u00f4nio<\/em>.\u201d<\/span><\/p>\n<p>&nbsp;<\/p>\n<p><span>Durante a realiza\u00e7\u00e3o do curso, em cada cidade, os alunos trabalharam os princ\u00edpios te\u00f3ricos e pr\u00e1ticos para a produ\u00e7\u00e3o de videodocument\u00e1rios de curta dura\u00e7\u00e3o,<\/span> <span>desde a pesquisa sobre o patrim\u00f4nio cultural, o registro<\/span> <span>audiovisual<\/span> <span>at\u00e9 a edi\u00e7\u00e3o de um v\u00eddeo<\/span> <span>abordando bens culturais representativos da regi\u00e3o, escolhidos pelos pr\u00f3prios participantes. Pretende-se, assim, capacit\u00e1-los para a elabora\u00e7\u00e3o de produtos culturais e educacionais a serem empregados nas escolas locais. Algumas das atividades pr\u00e1ticas realizadas est\u00e3o relacionadas \u00e0 anima\u00e7\u00e3o de v\u00eddeos.<\/span><\/p>\n<p>&nbsp;<\/p>\n<p><span>Como resultado final do curso, foram produzidos quatro v\u00eddeos de curta dura\u00e7\u00e3o que abordaram os bens culturais escolhidos. Em cada cidade, a turma de alunos foi dividida em dois grupos que elaboraram os seguintes v\u00eddeos: em Mariana, \u201cA Hist\u00f3ria da Escola Estadual Dom Benevides\u201d e \u201cA Pra\u00e7a Gomes Freire\u201d; e em Ouro Preto, \u201cRua Treze de Maio\u201d e \u201cA Fanfarra do Hor\u00e1cio Andrade\u201d.<\/span><\/p>\n<p>&nbsp;<\/p>\n<p><span>No \u00faltimo dia de atividade, os participantes, em cada cidade, assistiram \u00e0 exibi\u00e7\u00e3o dos v\u00eddeos produzidos por eles, com a orienta\u00e7\u00e3o dos instrutores respons\u00e1veis pelo curso e da equipe do Vale Registrar.<\/span><\/p>\n<p style=\"text-align: center;\"><img loading=\"lazy\" decoding=\"async\" class=\"size-medium aligncenter\" title=\"01-ma1\" src=\"\/wp-content\/uploads\/01-ma1-300x200.jpg\" alt=\"01-ma1\" width=\"300\" height=\"200\"><\/p>\n<p><span>O Vale Registrar far\u00e1 a exibi\u00e7\u00e3o destes v\u00eddeos nas escolas participantes do curso em data a ser confirmada. Na ocasi\u00e3o, as crian\u00e7as e os professores que participaram do curso receber\u00e3o uma c\u00f3pia em DVD contendo todos os v\u00eddeos produzidos, que tamb\u00e9m ser\u00e3o distribu\u00eddos para as bibliotecas e dire\u00e7\u00e3o das duas escolas. O objetivo \u00e9 que os videodocument\u00e1rios possam ser utilizados como material educativo durante as aulas nas escolas.<\/span><\/p>\n<p>&nbsp;<\/p>\n","protected":false},"excerpt":{"rendered":"<p>Nos dias 11 e 14 de maio de 2012, aconteceu o encerramento do 3\u00ba Curso de V\u00eddeo em Educa\u00e7\u00e3o Patrimonial para Comunidade Escolar, nas Esta\u00e7\u00f5es de Mariana e de Ouro Preto, respectivamente. &nbsp; O curso foi realizado no per\u00edodo de 09 de abril a 14 de maio sob a coordena\u00e7\u00e3o &hellip;<\/p>\n","protected":false},"author":1,"featured_media":352,"comment_status":"open","ping_status":"closed","sticky":false,"template":"","format":"standard","meta":{"footnotes":""},"categories":[3],"tags":[],"class_list":["post-45","post","type-post","status-publish","format-standard","has-post-thumbnail","hentry","category-noticias"],"yoast_head":"<!-- This site is optimized with the Yoast SEO plugin v26.1.1 - https:\/\/yoast.com\/wordpress\/plugins\/seo\/ -->\n<title>3\u00ba Curso de V\u00eddeo em Educa\u00e7\u00e3o Patrimonial para Comunidade Escolar &#8212; Trem da Vale<\/title>\n<meta name=\"robots\" content=\"index, follow, max-snippet:-1, max-image-preview:large, max-video-preview:-1\" \/>\n<link rel=\"canonical\" href=\"https:\/\/tremdavale.org\/pt\/3-curso-de-video-em-educacao-patrimonial-para-comunidade-escolar-2\/\" \/>\n<meta property=\"og:locale\" content=\"pt_PT\" \/>\n<meta property=\"og:type\" content=\"article\" \/>\n<meta property=\"og:title\" content=\"3\u00ba Curso de V\u00eddeo em Educa\u00e7\u00e3o Patrimonial para Comunidade Escolar &#8212; Trem da Vale\" \/>\n<meta property=\"og:description\" content=\"Nos dias 11 e 14 de maio de 2012, aconteceu o encerramento do 3\u00ba Curso de V\u00eddeo em Educa\u00e7\u00e3o Patrimonial para Comunidade Escolar, nas Esta\u00e7\u00f5es de Mariana e de Ouro Preto, respectivamente. &nbsp; O curso foi realizado no per\u00edodo de 09 de abril a 14 de maio sob a coordena\u00e7\u00e3o &hellip;\" \/>\n<meta property=\"og:url\" content=\"https:\/\/tremdavale.org\/pt\/3-curso-de-video-em-educacao-patrimonial-para-comunidade-escolar-2\/\" \/>\n<meta property=\"og:site_name\" content=\"Trem da Vale\" \/>\n<meta property=\"article:published_time\" content=\"2013-08-25T05:14:00+00:00\" \/>\n<meta property=\"article:modified_time\" content=\"2025-10-10T11:57:00+00:00\" \/>\n<meta property=\"og:image\" content=\"https:\/\/tremdavale.org\/wp-content\/uploads\/01-ma1-300x200.jpg\" \/>\n\t<meta property=\"og:image:width\" content=\"300\" \/>\n\t<meta property=\"og:image:height\" content=\"200\" \/>\n\t<meta property=\"og:image:type\" content=\"image\/jpeg\" \/>\n<meta name=\"author\" content=\"admin\" \/>\n<meta name=\"twitter:card\" content=\"summary_large_image\" \/>\n<meta name=\"twitter:label1\" content=\"Escrito por\" \/>\n\t<meta name=\"twitter:data1\" content=\"admin\" \/>\n\t<meta name=\"twitter:label2\" content=\"Tempo estimado de leitura\" \/>\n\t<meta name=\"twitter:data2\" content=\"4 minutos\" \/>\n<script type=\"application\/ld+json\" class=\"yoast-schema-graph\">{\"@context\":\"https:\/\/schema.org\",\"@graph\":[{\"@type\":\"WebPage\",\"@id\":\"https:\/\/tremdavale.org\/pt\/3-curso-de-video-em-educacao-patrimonial-para-comunidade-escolar-2\/\",\"url\":\"https:\/\/tremdavale.org\/pt\/3-curso-de-video-em-educacao-patrimonial-para-comunidade-escolar-2\/\",\"name\":\"3\u00ba Curso de V\u00eddeo em Educa\u00e7\u00e3o Patrimonial para Comunidade Escolar &#8212; Trem da Vale\",\"isPartOf\":{\"@id\":\"https:\/\/tremdavale.org\/pt\/#website\"},\"primaryImageOfPage\":{\"@id\":\"https:\/\/tremdavale.org\/pt\/3-curso-de-video-em-educacao-patrimonial-para-comunidade-escolar-2\/#primaryimage\"},\"image\":{\"@id\":\"https:\/\/tremdavale.org\/pt\/3-curso-de-video-em-educacao-patrimonial-para-comunidade-escolar-2\/#primaryimage\"},\"thumbnailUrl\":\"https:\/\/tremdavale.org\/wp-content\/uploads\/01-ma1-300x200.jpg\",\"datePublished\":\"2013-08-25T05:14:00+00:00\",\"dateModified\":\"2025-10-10T11:57:00+00:00\",\"author\":{\"@id\":\"https:\/\/tremdavale.org\/pt\/#\/schema\/person\/50912137d47426d31329f246d02eaeca\"},\"breadcrumb\":{\"@id\":\"https:\/\/tremdavale.org\/pt\/3-curso-de-video-em-educacao-patrimonial-para-comunidade-escolar-2\/#breadcrumb\"},\"inLanguage\":\"pt-PT\",\"potentialAction\":[{\"@type\":\"ReadAction\",\"target\":[\"https:\/\/tremdavale.org\/pt\/3-curso-de-video-em-educacao-patrimonial-para-comunidade-escolar-2\/\"]}]},{\"@type\":\"ImageObject\",\"inLanguage\":\"pt-PT\",\"@id\":\"https:\/\/tremdavale.org\/pt\/3-curso-de-video-em-educacao-patrimonial-para-comunidade-escolar-2\/#primaryimage\",\"url\":\"https:\/\/tremdavale.org\/wp-content\/uploads\/01-ma1-300x200.jpg\",\"contentUrl\":\"https:\/\/tremdavale.org\/wp-content\/uploads\/01-ma1-300x200.jpg\",\"width\":300,\"height\":200},{\"@type\":\"BreadcrumbList\",\"@id\":\"https:\/\/tremdavale.org\/pt\/3-curso-de-video-em-educacao-patrimonial-para-comunidade-escolar-2\/#breadcrumb\",\"itemListElement\":[{\"@type\":\"ListItem\",\"position\":1,\"name\":\"In\u00edcio\",\"item\":\"https:\/\/tremdavale.org\/pt\/\"},{\"@type\":\"ListItem\",\"position\":2,\"name\":\"3\u00ba Curso de V\u00eddeo em Educa\u00e7\u00e3o Patrimonial para Comunidade Escolar\"}]},{\"@type\":\"WebSite\",\"@id\":\"https:\/\/tremdavale.org\/pt\/#website\",\"url\":\"https:\/\/tremdavale.org\/pt\/\",\"name\":\"Trem da Vale\",\"description\":\"Programa de Educa\u00e7\u00e3o Patrimonial\",\"potentialAction\":[{\"@type\":\"SearchAction\",\"target\":{\"@type\":\"EntryPoint\",\"urlTemplate\":\"https:\/\/tremdavale.org\/pt\/?s={search_term_string}\"},\"query-input\":{\"@type\":\"PropertyValueSpecification\",\"valueRequired\":true,\"valueName\":\"search_term_string\"}}],\"inLanguage\":\"pt-PT\"},{\"@type\":\"Person\",\"@id\":\"https:\/\/tremdavale.org\/pt\/#\/schema\/person\/50912137d47426d31329f246d02eaeca\",\"name\":\"admin\",\"image\":{\"@type\":\"ImageObject\",\"inLanguage\":\"pt-PT\",\"@id\":\"https:\/\/tremdavale.org\/pt\/#\/schema\/person\/image\/\",\"url\":\"https:\/\/secure.gravatar.com\/avatar\/b3564f0fda6ea47959fe96a4217203e79a167568a37409758659bc3ba443b452?s=96&d=mm&r=g\",\"contentUrl\":\"https:\/\/secure.gravatar.com\/avatar\/b3564f0fda6ea47959fe96a4217203e79a167568a37409758659bc3ba443b452?s=96&d=mm&r=g\",\"caption\":\"admin\"},\"sameAs\":[\"https:\/\/tremdavale.org\"],\"url\":\"https:\/\/tremdavale.org\/pt\/author\/admin\/\"}]}<\/script>\n<!-- \/ Yoast SEO plugin. -->","yoast_head_json":{"title":"3\u00ba Curso de V\u00eddeo em Educa\u00e7\u00e3o Patrimonial para Comunidade Escolar &#8212; Trem da Vale","robots":{"index":"index","follow":"follow","max-snippet":"max-snippet:-1","max-image-preview":"max-image-preview:large","max-video-preview":"max-video-preview:-1"},"canonical":"https:\/\/tremdavale.org\/pt\/3-curso-de-video-em-educacao-patrimonial-para-comunidade-escolar-2\/","og_locale":"pt_PT","og_type":"article","og_title":"3\u00ba Curso de V\u00eddeo em Educa\u00e7\u00e3o Patrimonial para Comunidade Escolar &#8212; Trem da Vale","og_description":"Nos dias 11 e 14 de maio de 2012, aconteceu o encerramento do 3\u00ba Curso de V\u00eddeo em Educa\u00e7\u00e3o Patrimonial para Comunidade Escolar, nas Esta\u00e7\u00f5es de Mariana e de Ouro Preto, respectivamente. &nbsp; O curso foi realizado no per\u00edodo de 09 de abril a 14 de maio sob a coordena\u00e7\u00e3o &hellip;","og_url":"https:\/\/tremdavale.org\/pt\/3-curso-de-video-em-educacao-patrimonial-para-comunidade-escolar-2\/","og_site_name":"Trem da Vale","article_published_time":"2013-08-25T05:14:00+00:00","article_modified_time":"2025-10-10T11:57:00+00:00","og_image":[{"width":300,"height":200,"url":"https:\/\/tremdavale.org\/wp-content\/uploads\/01-ma1-300x200.jpg","type":"image\/jpeg"}],"author":"admin","twitter_card":"summary_large_image","twitter_misc":{"Escrito por":"admin","Tempo estimado de leitura":"4 minutos"},"schema":{"@context":"https:\/\/schema.org","@graph":[{"@type":"WebPage","@id":"https:\/\/tremdavale.org\/pt\/3-curso-de-video-em-educacao-patrimonial-para-comunidade-escolar-2\/","url":"https:\/\/tremdavale.org\/pt\/3-curso-de-video-em-educacao-patrimonial-para-comunidade-escolar-2\/","name":"3\u00ba Curso de V\u00eddeo em Educa\u00e7\u00e3o Patrimonial para Comunidade Escolar &#8212; Trem da Vale","isPartOf":{"@id":"https:\/\/tremdavale.org\/pt\/#website"},"primaryImageOfPage":{"@id":"https:\/\/tremdavale.org\/pt\/3-curso-de-video-em-educacao-patrimonial-para-comunidade-escolar-2\/#primaryimage"},"image":{"@id":"https:\/\/tremdavale.org\/pt\/3-curso-de-video-em-educacao-patrimonial-para-comunidade-escolar-2\/#primaryimage"},"thumbnailUrl":"https:\/\/tremdavale.org\/wp-content\/uploads\/01-ma1-300x200.jpg","datePublished":"2013-08-25T05:14:00+00:00","dateModified":"2025-10-10T11:57:00+00:00","author":{"@id":"https:\/\/tremdavale.org\/pt\/#\/schema\/person\/50912137d47426d31329f246d02eaeca"},"breadcrumb":{"@id":"https:\/\/tremdavale.org\/pt\/3-curso-de-video-em-educacao-patrimonial-para-comunidade-escolar-2\/#breadcrumb"},"inLanguage":"pt-PT","potentialAction":[{"@type":"ReadAction","target":["https:\/\/tremdavale.org\/pt\/3-curso-de-video-em-educacao-patrimonial-para-comunidade-escolar-2\/"]}]},{"@type":"ImageObject","inLanguage":"pt-PT","@id":"https:\/\/tremdavale.org\/pt\/3-curso-de-video-em-educacao-patrimonial-para-comunidade-escolar-2\/#primaryimage","url":"https:\/\/tremdavale.org\/wp-content\/uploads\/01-ma1-300x200.jpg","contentUrl":"https:\/\/tremdavale.org\/wp-content\/uploads\/01-ma1-300x200.jpg","width":300,"height":200},{"@type":"BreadcrumbList","@id":"https:\/\/tremdavale.org\/pt\/3-curso-de-video-em-educacao-patrimonial-para-comunidade-escolar-2\/#breadcrumb","itemListElement":[{"@type":"ListItem","position":1,"name":"In\u00edcio","item":"https:\/\/tremdavale.org\/pt\/"},{"@type":"ListItem","position":2,"name":"3\u00ba Curso de V\u00eddeo em Educa\u00e7\u00e3o Patrimonial para Comunidade Escolar"}]},{"@type":"WebSite","@id":"https:\/\/tremdavale.org\/pt\/#website","url":"https:\/\/tremdavale.org\/pt\/","name":"Trem da Vale","description":"Programa de Educa\u00e7\u00e3o Patrimonial","potentialAction":[{"@type":"SearchAction","target":{"@type":"EntryPoint","urlTemplate":"https:\/\/tremdavale.org\/pt\/?s={search_term_string}"},"query-input":{"@type":"PropertyValueSpecification","valueRequired":true,"valueName":"search_term_string"}}],"inLanguage":"pt-PT"},{"@type":"Person","@id":"https:\/\/tremdavale.org\/pt\/#\/schema\/person\/50912137d47426d31329f246d02eaeca","name":"admin","image":{"@type":"ImageObject","inLanguage":"pt-PT","@id":"https:\/\/tremdavale.org\/pt\/#\/schema\/person\/image\/","url":"https:\/\/secure.gravatar.com\/avatar\/b3564f0fda6ea47959fe96a4217203e79a167568a37409758659bc3ba443b452?s=96&d=mm&r=g","contentUrl":"https:\/\/secure.gravatar.com\/avatar\/b3564f0fda6ea47959fe96a4217203e79a167568a37409758659bc3ba443b452?s=96&d=mm&r=g","caption":"admin"},"sameAs":["https:\/\/tremdavale.org"],"url":"https:\/\/tremdavale.org\/pt\/author\/admin\/"}]}},"_links":{"self":[{"href":"https:\/\/tremdavale.org\/pt\/wp-json\/wp\/v2\/posts\/45","targetHints":{"allow":["GET"]}}],"collection":[{"href":"https:\/\/tremdavale.org\/pt\/wp-json\/wp\/v2\/posts"}],"about":[{"href":"https:\/\/tremdavale.org\/pt\/wp-json\/wp\/v2\/types\/post"}],"author":[{"embeddable":true,"href":"https:\/\/tremdavale.org\/pt\/wp-json\/wp\/v2\/users\/1"}],"replies":[{"embeddable":true,"href":"https:\/\/tremdavale.org\/pt\/wp-json\/wp\/v2\/comments?post=45"}],"version-history":[{"count":0,"href":"https:\/\/tremdavale.org\/pt\/wp-json\/wp\/v2\/posts\/45\/revisions"}],"wp:featuredmedia":[{"embeddable":true,"href":"https:\/\/tremdavale.org\/pt\/wp-json\/wp\/v2\/media\/352"}],"wp:attachment":[{"href":"https:\/\/tremdavale.org\/pt\/wp-json\/wp\/v2\/media?parent=45"}],"wp:term":[{"taxonomy":"category","embeddable":true,"href":"https:\/\/tremdavale.org\/pt\/wp-json\/wp\/v2\/categories?post=45"},{"taxonomy":"post_tag","embeddable":true,"href":"https:\/\/tremdavale.org\/pt\/wp-json\/wp\/v2\/tags?post=45"}],"curies":[{"name":"wp","href":"https:\/\/api.w.org\/{rel}","templated":true}]}}