{"id":46,"date":"2013-08-25T04:45:00","date_gmt":"2013-08-25T04:45:00","guid":{"rendered":"https:\/\/tremdavale.org\/?p=46"},"modified":"2025-10-10T11:57:00","modified_gmt":"2025-10-10T11:57:00","slug":"3-curso-de-video-sobre-patrimonio-cultural-para-jovens","status":"publish","type":"post","link":"https:\/\/tremdavale.org\/pt\/3-curso-de-video-sobre-patrimonio-cultural-para-jovens\/","title":{"rendered":"3\u00ba Curso de V\u00eddeo sobre Patrim\u00f4nio Cultural para Jovens"},"content":{"rendered":"<p>Teve in\u00edcio na ter\u00e7a-feira, dia 20 de setembro de 2011, na Sala Multiuso da Esta\u00e7\u00e3o de Ouro Preto, mais um curso promovido gratuitamente pelo Vale Registrar, do Programa de Educa\u00e7\u00e3o Patrimonial Trem da Vale.<\/p>\n<p>&nbsp;<\/p>\n<p><img loading=\"lazy\" decoding=\"async\" class=\"size-medium\" title=\"02-3c2ba-curso-de-vi_deo-em-educac_a_o-patrimonial-para-jovens\" src=\"\/wp-content\/uploads\/02-3c2ba-curso-de-vi_deo-em-educac_a_o-patrimonial-para-jovens-300x200.jpg\" alt=\"Rosilene Figueiredo, da Equipe de Apoio T\u00e9cnico-Administrativo do Vale Registrar, realiza a abertura da 3\u00ba Curso de V\u00eddeo em Educa\u00e7\u00e3o Patrimonial para Jovens. Local: Sala Multiuso \u2013 Esta\u00e7\u00e3o Ferrovi\u00e1ria de Ouro Preto. Data: 20.09.11 Foto: Marcello Nicolato\" width=\"300\" height=\"200\"><\/p>\n<p>Rosilene Figueiredo, da Equipe de Apoio T\u00e9cnico-Administrativo do Vale Registrar, realiza a abertura da 3\u00ba Curso de V\u00eddeo sobre Patrim\u00f4nio Cultural para Jovens. Local: Sala Multiuso \u2013 Esta\u00e7\u00e3o Ferrovi\u00e1ria de Ouro Preto. Data: 20.09.11 Foto: Marcello Nicolato<\/p>\n<p>&nbsp;<\/p>\n<p>O 3\u00ba Curso de V\u00eddeo sobre Patrim\u00f4nio Cultural para Jovens \u00e9 direcionado para um p\u00fablico de 16 a 24 anos de idade, moradores de Mariana e Ouro Preto que atuam em algum tipo de mobiliza\u00e7\u00e3o social junto \u00e0s comunidades onde vivem, visando criar uma rede de viv\u00eancias e a troca de experi\u00eancias entre os participantes.<\/p>\n<p>Em Mariana, os alunos est\u00e3o vinculados \u00e0s institui\u00e7\u00f5es Centro Profissionalizante S\u00e3o Jos\u00e9 e Programa Grupo A\u00e7\u00e3o da Secretaria Municipal de Desenvolvimento Social e Cidadania; e em Ouro Preto, os inscritos participam de atividades do Programa Jovens de Ouro.<\/p>\n<p>Houve um processo de sele\u00e7\u00e3o dos alunos inscritos, por meio da realiza\u00e7\u00e3o de entrevistas individuais, utilizando-se um roteiro elaborado com algumas quest\u00f5es importantes, tais como: a descri\u00e7\u00e3o das atividades dos projetos s\u00f3cio-culturais em que cada atua; bem como o interesse, a motiva\u00e7\u00e3o e a disponibilidade do jovem em participar da capacita\u00e7\u00e3o.<\/p>\n<p>&nbsp;<\/p>\n<p><img loading=\"lazy\" decoding=\"async\" class=\"size-medium\" title=\"01-3c2ba-curso-de-vi_deo-em-educac_a_o-patrimonial-para-jovens\" src=\"\/wp-content\/uploads\/01-3c2ba-curso-de-vi_deo-em-educac_a_o-patrimonial-para-jovens-300x199.jpg\" alt=\"Rosilene Figueiredo, da Equipe de Apoio T\u00e9cnico-Administrativo do Vale Registrar, e a instrutora Mariana Zanchetta realizam o processo de sele\u00e7\u00e3o dos alunos para o 3\u00ba Curso de V\u00eddeo em Educa\u00e7\u00e3o Patrimonial para Jovens. Local: Vag\u00e3o Caf\u00e9 \u2013 Esta\u00e7\u00e3o Ferrovi\u00e1ria de Mariana. Data: 20.09.11. Foto: Cristiane Evangelista\" width=\"300\" height=\"199\"><\/p>\n<p>Rosilene Figueiredo, da Equipe de Apoio T\u00e9cnico-Administrativo do Vale Registrar, e a instrutora Mariana Zanchetta realizam o processo de sele\u00e7\u00e3o dos alunos para o 3\u00ba Curso de V\u00eddeo sobre Patrim\u00f4nio Cultural para Jovens. Local: Vag\u00e3o Caf\u00e9 \u2013 Esta\u00e7\u00e3o Ferrovi\u00e1ria de Mariana. Data: 20.09.11 Foto: Cristiane Evangelista<\/p>\n<p>&nbsp;<\/p>\n<p>Durante o curso, os vinte alunos selecionados far\u00e3o discuss\u00f5es e leituras em torno da tem\u00e1tica do patrim\u00f4nio cultural da regi\u00e3o onde moram, com o intuito de despertar o seu interesse para os bens culturais que os cercam, e de sensibiliz\u00e1-los em rela\u00e7\u00e3o \u00e0 necessidade de sua preserva\u00e7\u00e3o.<\/p>\n<p>O recurso audiovisual ser\u00e1 utilizado como instrumento de registro e difus\u00e3o da cultura local, sendo desenvolvidas atividades pr\u00e1ticas voltadas para a produ\u00e7\u00e3o de videodocument\u00e1rios de curta dura\u00e7\u00e3o, os quais ir\u00e3o abordar a riqueza e a diversidade cultural de Mariana e Ouro Preto, referenciadas por seus pr\u00f3prios moradores.<\/p>\n<p>&nbsp;<\/p>\n<p><img loading=\"lazy\" decoding=\"async\" class=\"size-medium\" title=\"04-3c2ba-curso-de-vi_deo-em-educac_a_o-patrimonial-para-jovens\" src=\"\/wp-content\/uploads\/04-3c2ba-curso-de-vi_deo-em-educac_a_o-patrimonial-para-jovens-300x200.jpg\" alt=\"Alunos do 3\u00ba Curso de V\u00eddeo em Educa\u00e7\u00e3o Patrimonial para Jovens, com os professores Mateus Brand\u00e3o e Mariana Zanchetta em atividade Local: Pra\u00e7a Ces\u00e1rio Alvim, em frente a Esta\u00e7\u00e3o Ferrovi\u00e1ria de Ouro Preto. Data: 21.09.11 Foto: Marianne Fonseca\" width=\"300\" height=\"200\"><\/p>\n<p>Alunos do 3\u00ba Curso de V\u00eddeo sobre Patrim\u00f4nio Cultural para Jovens, com os professores Mateus Brand\u00e3o e Mariana Zanchetta em atividade Local: Pra\u00e7a Ces\u00e1rio Alvim, em frente a Esta\u00e7\u00e3o Ferrovi\u00e1ria de Ouro Preto Data: 21.09.11 Foto: Marianne Fonseca<\/p>\n<p>&nbsp;<\/p>\n<p><img loading=\"lazy\" decoding=\"async\" class=\"size-medium\" title=\"03-3c2ba-curso-de-vi_deo-em-educac_a_o-patrimonial-para-jovens\" src=\"\/wp-content\/uploads\/03-3c2ba-curso-de-vi_deo-em-educac_a_o-patrimonial-para-jovens-200x300.jpg\" alt=\"Alunos do 3\u00ba Curso de V\u00eddeo sobre Patrim\u00f4nio Cultural para Jovens em atividade. Local: Sala Multiuso \u2013 Esta\u00e7\u00e3o Ferrovi\u00e1ria de Ouro Preto. Data: 21.09.11 Foto: Marianne Fonseca\" width=\"200\" height=\"300\"><\/p>\n<p>Alunos do 3\u00ba Curso de V\u00eddeo sobre Patrim\u00f4nio Cultural para Jovens em atividade. Local: Sala Multiuso \u2013 Esta\u00e7\u00e3o Ferrovi\u00e1ria de Ouro Preto. Data: 21.09.11 Foto: Marianne Fonseca<\/p>\n<p>&nbsp;<\/p>\n<p>O curso ser\u00e1 realizado de 20 de setembro a 15 de outubro de 2011, de segunda a sexta, de 13h30 \u00e0s 17h30, nas Esta\u00e7\u00f5es de Ouro Preto e de Mariana.<\/p>\n<p>&nbsp;<\/p>\n","protected":false},"excerpt":{"rendered":"<p>Teve in\u00edcio na ter\u00e7a-feira, dia 20 de setembro de 2011, na Sala Multiuso da Esta\u00e7\u00e3o de Ouro Preto, mais um curso promovido gratuitamente pelo Vale Registrar, do Programa de Educa\u00e7\u00e3o Patrimonial Trem da Vale. &nbsp; Rosilene Figueiredo, da Equipe de Apoio T\u00e9cnico-Administrativo do Vale Registrar, realiza a abertura da 3\u00ba &hellip;<\/p>\n","protected":false},"author":1,"featured_media":353,"comment_status":"open","ping_status":"closed","sticky":false,"template":"","format":"standard","meta":{"footnotes":""},"categories":[3],"tags":[],"class_list":["post-46","post","type-post","status-publish","format-standard","has-post-thumbnail","hentry","category-noticias"],"yoast_head":"<!-- This site is optimized with the Yoast SEO plugin v26.1.1 - https:\/\/yoast.com\/wordpress\/plugins\/seo\/ -->\n<title>3\u00ba Curso de V\u00eddeo sobre Patrim\u00f4nio Cultural para Jovens &#8212; Trem da Vale<\/title>\n<meta name=\"robots\" content=\"index, follow, max-snippet:-1, max-image-preview:large, max-video-preview:-1\" \/>\n<link rel=\"canonical\" href=\"https:\/\/tremdavale.org\/pt\/3-curso-de-video-sobre-patrimonio-cultural-para-jovens\/\" \/>\n<meta property=\"og:locale\" content=\"pt_PT\" \/>\n<meta property=\"og:type\" content=\"article\" \/>\n<meta property=\"og:title\" content=\"3\u00ba Curso de V\u00eddeo sobre Patrim\u00f4nio Cultural para Jovens &#8212; Trem da Vale\" \/>\n<meta property=\"og:description\" content=\"Teve in\u00edcio na ter\u00e7a-feira, dia 20 de setembro de 2011, na Sala Multiuso da Esta\u00e7\u00e3o de Ouro Preto, mais um curso promovido gratuitamente pelo Vale Registrar, do Programa de Educa\u00e7\u00e3o Patrimonial Trem da Vale. &nbsp; Rosilene Figueiredo, da Equipe de Apoio T\u00e9cnico-Administrativo do Vale Registrar, realiza a abertura da 3\u00ba &hellip;\" \/>\n<meta property=\"og:url\" content=\"https:\/\/tremdavale.org\/pt\/3-curso-de-video-sobre-patrimonio-cultural-para-jovens\/\" \/>\n<meta property=\"og:site_name\" content=\"Trem da Vale\" \/>\n<meta property=\"article:published_time\" content=\"2013-08-25T04:45:00+00:00\" \/>\n<meta property=\"article:modified_time\" content=\"2025-10-10T11:57:00+00:00\" \/>\n<meta property=\"og:image\" content=\"https:\/\/tremdavale.org\/wp-content\/uploads\/02-3c2ba-curso-de-vi_deo-em-educac_a_o-patrimonial-para-jovens-300x200.jpg\" \/>\n\t<meta property=\"og:image:width\" content=\"300\" \/>\n\t<meta property=\"og:image:height\" content=\"200\" \/>\n\t<meta property=\"og:image:type\" content=\"image\/jpeg\" \/>\n<meta name=\"author\" content=\"admin\" \/>\n<meta name=\"twitter:card\" content=\"summary_large_image\" \/>\n<meta name=\"twitter:label1\" content=\"Escrito por\" \/>\n\t<meta name=\"twitter:data1\" content=\"admin\" \/>\n\t<meta name=\"twitter:label2\" content=\"Tempo estimado de leitura\" \/>\n\t<meta name=\"twitter:data2\" content=\"2 minutos\" \/>\n<script type=\"application\/ld+json\" class=\"yoast-schema-graph\">{\"@context\":\"https:\/\/schema.org\",\"@graph\":[{\"@type\":\"WebPage\",\"@id\":\"https:\/\/tremdavale.org\/pt\/3-curso-de-video-sobre-patrimonio-cultural-para-jovens\/\",\"url\":\"https:\/\/tremdavale.org\/pt\/3-curso-de-video-sobre-patrimonio-cultural-para-jovens\/\",\"name\":\"3\u00ba Curso de V\u00eddeo sobre Patrim\u00f4nio Cultural para Jovens &#8212; Trem da Vale\",\"isPartOf\":{\"@id\":\"https:\/\/tremdavale.org\/pt\/#website\"},\"primaryImageOfPage\":{\"@id\":\"https:\/\/tremdavale.org\/pt\/3-curso-de-video-sobre-patrimonio-cultural-para-jovens\/#primaryimage\"},\"image\":{\"@id\":\"https:\/\/tremdavale.org\/pt\/3-curso-de-video-sobre-patrimonio-cultural-para-jovens\/#primaryimage\"},\"thumbnailUrl\":\"https:\/\/tremdavale.org\/wp-content\/uploads\/02-3c2ba-curso-de-vi_deo-em-educac_a_o-patrimonial-para-jovens-300x200.jpg\",\"datePublished\":\"2013-08-25T04:45:00+00:00\",\"dateModified\":\"2025-10-10T11:57:00+00:00\",\"author\":{\"@id\":\"https:\/\/tremdavale.org\/pt\/#\/schema\/person\/50912137d47426d31329f246d02eaeca\"},\"breadcrumb\":{\"@id\":\"https:\/\/tremdavale.org\/pt\/3-curso-de-video-sobre-patrimonio-cultural-para-jovens\/#breadcrumb\"},\"inLanguage\":\"pt-PT\",\"potentialAction\":[{\"@type\":\"ReadAction\",\"target\":[\"https:\/\/tremdavale.org\/pt\/3-curso-de-video-sobre-patrimonio-cultural-para-jovens\/\"]}]},{\"@type\":\"ImageObject\",\"inLanguage\":\"pt-PT\",\"@id\":\"https:\/\/tremdavale.org\/pt\/3-curso-de-video-sobre-patrimonio-cultural-para-jovens\/#primaryimage\",\"url\":\"https:\/\/tremdavale.org\/wp-content\/uploads\/02-3c2ba-curso-de-vi_deo-em-educac_a_o-patrimonial-para-jovens-300x200.jpg\",\"contentUrl\":\"https:\/\/tremdavale.org\/wp-content\/uploads\/02-3c2ba-curso-de-vi_deo-em-educac_a_o-patrimonial-para-jovens-300x200.jpg\",\"width\":300,\"height\":200},{\"@type\":\"BreadcrumbList\",\"@id\":\"https:\/\/tremdavale.org\/pt\/3-curso-de-video-sobre-patrimonio-cultural-para-jovens\/#breadcrumb\",\"itemListElement\":[{\"@type\":\"ListItem\",\"position\":1,\"name\":\"In\u00edcio\",\"item\":\"https:\/\/tremdavale.org\/pt\/\"},{\"@type\":\"ListItem\",\"position\":2,\"name\":\"3\u00ba Curso de V\u00eddeo sobre Patrim\u00f4nio Cultural para Jovens\"}]},{\"@type\":\"WebSite\",\"@id\":\"https:\/\/tremdavale.org\/pt\/#website\",\"url\":\"https:\/\/tremdavale.org\/pt\/\",\"name\":\"Trem da Vale\",\"description\":\"Programa de Educa\u00e7\u00e3o Patrimonial\",\"potentialAction\":[{\"@type\":\"SearchAction\",\"target\":{\"@type\":\"EntryPoint\",\"urlTemplate\":\"https:\/\/tremdavale.org\/pt\/?s={search_term_string}\"},\"query-input\":{\"@type\":\"PropertyValueSpecification\",\"valueRequired\":true,\"valueName\":\"search_term_string\"}}],\"inLanguage\":\"pt-PT\"},{\"@type\":\"Person\",\"@id\":\"https:\/\/tremdavale.org\/pt\/#\/schema\/person\/50912137d47426d31329f246d02eaeca\",\"name\":\"admin\",\"image\":{\"@type\":\"ImageObject\",\"inLanguage\":\"pt-PT\",\"@id\":\"https:\/\/tremdavale.org\/pt\/#\/schema\/person\/image\/\",\"url\":\"https:\/\/secure.gravatar.com\/avatar\/b3564f0fda6ea47959fe96a4217203e79a167568a37409758659bc3ba443b452?s=96&d=mm&r=g\",\"contentUrl\":\"https:\/\/secure.gravatar.com\/avatar\/b3564f0fda6ea47959fe96a4217203e79a167568a37409758659bc3ba443b452?s=96&d=mm&r=g\",\"caption\":\"admin\"},\"sameAs\":[\"https:\/\/tremdavale.org\"],\"url\":\"https:\/\/tremdavale.org\/pt\/author\/admin\/\"}]}<\/script>\n<!-- \/ Yoast SEO plugin. -->","yoast_head_json":{"title":"3\u00ba Curso de V\u00eddeo sobre Patrim\u00f4nio Cultural para Jovens &#8212; Trem da Vale","robots":{"index":"index","follow":"follow","max-snippet":"max-snippet:-1","max-image-preview":"max-image-preview:large","max-video-preview":"max-video-preview:-1"},"canonical":"https:\/\/tremdavale.org\/pt\/3-curso-de-video-sobre-patrimonio-cultural-para-jovens\/","og_locale":"pt_PT","og_type":"article","og_title":"3\u00ba Curso de V\u00eddeo sobre Patrim\u00f4nio Cultural para Jovens &#8212; Trem da Vale","og_description":"Teve in\u00edcio na ter\u00e7a-feira, dia 20 de setembro de 2011, na Sala Multiuso da Esta\u00e7\u00e3o de Ouro Preto, mais um curso promovido gratuitamente pelo Vale Registrar, do Programa de Educa\u00e7\u00e3o Patrimonial Trem da Vale. &nbsp; Rosilene Figueiredo, da Equipe de Apoio T\u00e9cnico-Administrativo do Vale Registrar, realiza a abertura da 3\u00ba &hellip;","og_url":"https:\/\/tremdavale.org\/pt\/3-curso-de-video-sobre-patrimonio-cultural-para-jovens\/","og_site_name":"Trem da Vale","article_published_time":"2013-08-25T04:45:00+00:00","article_modified_time":"2025-10-10T11:57:00+00:00","og_image":[{"width":300,"height":200,"url":"https:\/\/tremdavale.org\/wp-content\/uploads\/02-3c2ba-curso-de-vi_deo-em-educac_a_o-patrimonial-para-jovens-300x200.jpg","type":"image\/jpeg"}],"author":"admin","twitter_card":"summary_large_image","twitter_misc":{"Escrito por":"admin","Tempo estimado de leitura":"2 minutos"},"schema":{"@context":"https:\/\/schema.org","@graph":[{"@type":"WebPage","@id":"https:\/\/tremdavale.org\/pt\/3-curso-de-video-sobre-patrimonio-cultural-para-jovens\/","url":"https:\/\/tremdavale.org\/pt\/3-curso-de-video-sobre-patrimonio-cultural-para-jovens\/","name":"3\u00ba Curso de V\u00eddeo sobre Patrim\u00f4nio Cultural para Jovens &#8212; Trem da Vale","isPartOf":{"@id":"https:\/\/tremdavale.org\/pt\/#website"},"primaryImageOfPage":{"@id":"https:\/\/tremdavale.org\/pt\/3-curso-de-video-sobre-patrimonio-cultural-para-jovens\/#primaryimage"},"image":{"@id":"https:\/\/tremdavale.org\/pt\/3-curso-de-video-sobre-patrimonio-cultural-para-jovens\/#primaryimage"},"thumbnailUrl":"https:\/\/tremdavale.org\/wp-content\/uploads\/02-3c2ba-curso-de-vi_deo-em-educac_a_o-patrimonial-para-jovens-300x200.jpg","datePublished":"2013-08-25T04:45:00+00:00","dateModified":"2025-10-10T11:57:00+00:00","author":{"@id":"https:\/\/tremdavale.org\/pt\/#\/schema\/person\/50912137d47426d31329f246d02eaeca"},"breadcrumb":{"@id":"https:\/\/tremdavale.org\/pt\/3-curso-de-video-sobre-patrimonio-cultural-para-jovens\/#breadcrumb"},"inLanguage":"pt-PT","potentialAction":[{"@type":"ReadAction","target":["https:\/\/tremdavale.org\/pt\/3-curso-de-video-sobre-patrimonio-cultural-para-jovens\/"]}]},{"@type":"ImageObject","inLanguage":"pt-PT","@id":"https:\/\/tremdavale.org\/pt\/3-curso-de-video-sobre-patrimonio-cultural-para-jovens\/#primaryimage","url":"https:\/\/tremdavale.org\/wp-content\/uploads\/02-3c2ba-curso-de-vi_deo-em-educac_a_o-patrimonial-para-jovens-300x200.jpg","contentUrl":"https:\/\/tremdavale.org\/wp-content\/uploads\/02-3c2ba-curso-de-vi_deo-em-educac_a_o-patrimonial-para-jovens-300x200.jpg","width":300,"height":200},{"@type":"BreadcrumbList","@id":"https:\/\/tremdavale.org\/pt\/3-curso-de-video-sobre-patrimonio-cultural-para-jovens\/#breadcrumb","itemListElement":[{"@type":"ListItem","position":1,"name":"In\u00edcio","item":"https:\/\/tremdavale.org\/pt\/"},{"@type":"ListItem","position":2,"name":"3\u00ba Curso de V\u00eddeo sobre Patrim\u00f4nio Cultural para Jovens"}]},{"@type":"WebSite","@id":"https:\/\/tremdavale.org\/pt\/#website","url":"https:\/\/tremdavale.org\/pt\/","name":"Trem da Vale","description":"Programa de Educa\u00e7\u00e3o Patrimonial","potentialAction":[{"@type":"SearchAction","target":{"@type":"EntryPoint","urlTemplate":"https:\/\/tremdavale.org\/pt\/?s={search_term_string}"},"query-input":{"@type":"PropertyValueSpecification","valueRequired":true,"valueName":"search_term_string"}}],"inLanguage":"pt-PT"},{"@type":"Person","@id":"https:\/\/tremdavale.org\/pt\/#\/schema\/person\/50912137d47426d31329f246d02eaeca","name":"admin","image":{"@type":"ImageObject","inLanguage":"pt-PT","@id":"https:\/\/tremdavale.org\/pt\/#\/schema\/person\/image\/","url":"https:\/\/secure.gravatar.com\/avatar\/b3564f0fda6ea47959fe96a4217203e79a167568a37409758659bc3ba443b452?s=96&d=mm&r=g","contentUrl":"https:\/\/secure.gravatar.com\/avatar\/b3564f0fda6ea47959fe96a4217203e79a167568a37409758659bc3ba443b452?s=96&d=mm&r=g","caption":"admin"},"sameAs":["https:\/\/tremdavale.org"],"url":"https:\/\/tremdavale.org\/pt\/author\/admin\/"}]}},"_links":{"self":[{"href":"https:\/\/tremdavale.org\/pt\/wp-json\/wp\/v2\/posts\/46","targetHints":{"allow":["GET"]}}],"collection":[{"href":"https:\/\/tremdavale.org\/pt\/wp-json\/wp\/v2\/posts"}],"about":[{"href":"https:\/\/tremdavale.org\/pt\/wp-json\/wp\/v2\/types\/post"}],"author":[{"embeddable":true,"href":"https:\/\/tremdavale.org\/pt\/wp-json\/wp\/v2\/users\/1"}],"replies":[{"embeddable":true,"href":"https:\/\/tremdavale.org\/pt\/wp-json\/wp\/v2\/comments?post=46"}],"version-history":[{"count":0,"href":"https:\/\/tremdavale.org\/pt\/wp-json\/wp\/v2\/posts\/46\/revisions"}],"wp:featuredmedia":[{"embeddable":true,"href":"https:\/\/tremdavale.org\/pt\/wp-json\/wp\/v2\/media\/353"}],"wp:attachment":[{"href":"https:\/\/tremdavale.org\/pt\/wp-json\/wp\/v2\/media?parent=46"}],"wp:term":[{"taxonomy":"category","embeddable":true,"href":"https:\/\/tremdavale.org\/pt\/wp-json\/wp\/v2\/categories?post=46"},{"taxonomy":"post_tag","embeddable":true,"href":"https:\/\/tremdavale.org\/pt\/wp-json\/wp\/v2\/tags?post=46"}],"curies":[{"name":"wp","href":"https:\/\/api.w.org\/{rel}","templated":true}]}}