{"id":47,"date":"2013-08-25T04:46:00","date_gmt":"2013-08-25T04:46:00","guid":{"rendered":"https:\/\/tremdavale.org\/?p=47"},"modified":"2025-10-10T11:57:00","modified_gmt":"2025-10-10T11:57:00","slug":"4-curso-de-edicao-de-video","status":"publish","type":"post","link":"https:\/\/tremdavale.org\/pt\/4-curso-de-edicao-de-video\/","title":{"rendered":"4\u00ba curso de Edi\u00e7\u00e3o de V\u00eddeo"},"content":{"rendered":"<p style=\"text-align: left;\">&nbsp;O 4\u00ba Curso de Edi\u00e7\u00e3o de V\u00eddeo, do Vale Registrar, ser\u00e1 realizado sob a coordena\u00e7\u00e3o de Mateus Brand\u00e3o e Alex Queiroz, no per\u00edodo de 26 de agosto a 06 de setembro de 2012, na Esta\u00e7\u00e3o de Ouro Preto, destinado a alunos que participaram do 3\u00ba Curso de V\u00eddeo sobre Patrim\u00f4nio Cultural para Jovens e a funcion\u00e1rios do Programa de Educa\u00e7\u00e3o Patrimonial Trem da Vale. As atividades acontecer\u00e3o de segunda a s\u00e1bado, de 8 as 12 e de 13 as 17 horas.<\/p>\n<p style=\"text-align: left;\">&nbsp;O curso tem por objetivo dar continuidade ao processo de aprendizagem adquirido pelas pessoas selecionados e o aprimoramento da pr\u00e1tica audiovisual. Por isso, \u00e9 importante que os alunos possuam conhecimento m\u00ednimo sobre computa\u00e7\u00e3o, no\u00e7\u00f5es de tempo, ritmo, enquadramento de imagens, roteiro de edi\u00e7\u00e3o e sons, dentro da linguagem audiovisual.<\/p>\n<p style=\"text-align: left;\">&nbsp;De acordo com o cronograma, os participantes realizar\u00e3o a captura de material referente a grava\u00e7\u00f5es feitas pelo N\u00facleo de Audiovisual do Vale Registrar de atividades realizadas pelo Programa de Educa\u00e7\u00e3o Patrimonial Trem da Vale, elabora\u00e7\u00e3o de roteiro de edi\u00e7\u00e3o, aplica\u00e7\u00e3o das ferramentas do programa Final Cut, edi\u00e7\u00e3o do material trabalhado, elabora\u00e7\u00e3o de trilhas sonoras e edi\u00e7\u00e3o de \u00e1udio. Para a execu\u00e7\u00e3o dessas atividades, ser\u00e3o utilizadas duas ilhas de edi\u00e7\u00e3o que comp\u00f5em os equipamentos do Vale Registrar. No \u00faltimo dia de atividade, acontecer\u00e1 a exibi\u00e7\u00e3o dos v\u00eddeos finalizados e a entrega dos certificados de conclus\u00e3o do curso aos alunos.<\/p>\n<p>&nbsp;<\/p>\n<p><img loading=\"lazy\" decoding=\"async\" class=\"size-medium\" title=\"01_-_3ac2ba_curso_de_ediac2a7ao\" src=\"\/wp-content\/uploads\/01_-_3ac2ba_curso_de_ediac2a7ao-300x199.jpg\" alt=\"01_-_3ac2ba_curso_de_ediac2a7ao\" width=\"300\" height=\"199\"><\/p>\n<p>Os professores Alex Queiroz e Mateus Brand\u00e3o, juntamente com Jason Barroso Santa Rosa, na abertura o 3\u00ba Curso de Edi\u00e7\u00e3o de V\u00eddeo com os alunos da turma da tarde.<\/p>\n<p>&nbsp;<\/p>\n<p><img loading=\"lazy\" decoding=\"async\" class=\"size-medium\" title=\"03_-_3ac2ba_curso_de_ediac2a7ao\" src=\"\/wp-content\/uploads\/03_-_3ac2ba_curso_de_ediac2a7ao-300x199.jpg\" alt=\"03_-_3ac2ba_curso_de_ediac2a7ao\" width=\"300\" height=\"199\"><\/p>\n<p>O professor Mateus Brand\u00e3o explica aos alunos o processo de edi\u00e7\u00e3o.<\/p>\n<p>&nbsp;<\/p>\n<p><img loading=\"lazy\" decoding=\"async\" class=\"size-medium\" title=\"04_-_3ac2ba_curso_de_ediac2a7ao\" src=\"\/wp-content\/uploads\/04_-_3ac2ba_curso_de_ediac2a7ao-300x199.jpg\" alt=\"04_-_3ac2ba_curso_de_ediac2a7ao\" width=\"300\" height=\"199\"><\/p>\n<p>Alunos e professores do 3\u00ba Curso de Edi\u00e7\u00e3o de V\u00eddeo juntos com o supervisor do Vale Registrar, Jason Barroso Santa, Rosa em frente ao Vag\u00e3o Oficina de V\u00eddeo na Esta\u00e7\u00e3o Ferrovi\u00e1ria de Mariana.<\/p>\n<p>&nbsp;<\/p>\n","protected":false},"excerpt":{"rendered":"<p>&nbsp;O 4\u00ba Curso de Edi\u00e7\u00e3o de V\u00eddeo, do Vale Registrar, ser\u00e1 realizado sob a coordena\u00e7\u00e3o de Mateus Brand\u00e3o e Alex Queiroz, no per\u00edodo de 26 de agosto a 06 de setembro de 2012, na Esta\u00e7\u00e3o de Ouro Preto, destinado a alunos que participaram do 3\u00ba Curso de V\u00eddeo sobre Patrim\u00f4nio &hellip;<\/p>\n","protected":false},"author":1,"featured_media":354,"comment_status":"open","ping_status":"closed","sticky":false,"template":"","format":"standard","meta":{"footnotes":""},"categories":[2],"tags":[],"class_list":["post-47","post","type-post","status-publish","format-standard","has-post-thumbnail","hentry","category-destaques-home"],"yoast_head":"<!-- This site is optimized with the Yoast SEO plugin v26.1.1 - https:\/\/yoast.com\/wordpress\/plugins\/seo\/ -->\n<title>4\u00ba curso de Edi\u00e7\u00e3o de V\u00eddeo &#8212; Trem da Vale<\/title>\n<meta name=\"robots\" content=\"index, follow, max-snippet:-1, max-image-preview:large, max-video-preview:-1\" \/>\n<link rel=\"canonical\" href=\"https:\/\/tremdavale.org\/pt\/4-curso-de-edicao-de-video\/\" \/>\n<meta property=\"og:locale\" content=\"pt_PT\" \/>\n<meta property=\"og:type\" content=\"article\" \/>\n<meta property=\"og:title\" content=\"4\u00ba curso de Edi\u00e7\u00e3o de V\u00eddeo &#8212; Trem da Vale\" \/>\n<meta property=\"og:description\" content=\"&nbsp;O 4\u00ba Curso de Edi\u00e7\u00e3o de V\u00eddeo, do Vale Registrar, ser\u00e1 realizado sob a coordena\u00e7\u00e3o de Mateus Brand\u00e3o e Alex Queiroz, no per\u00edodo de 26 de agosto a 06 de setembro de 2012, na Esta\u00e7\u00e3o de Ouro Preto, destinado a alunos que participaram do 3\u00ba Curso de V\u00eddeo sobre Patrim\u00f4nio &hellip;\" \/>\n<meta property=\"og:url\" content=\"https:\/\/tremdavale.org\/pt\/4-curso-de-edicao-de-video\/\" \/>\n<meta property=\"og:site_name\" content=\"Trem da Vale\" \/>\n<meta property=\"article:published_time\" content=\"2013-08-25T04:46:00+00:00\" \/>\n<meta property=\"article:modified_time\" content=\"2025-10-10T11:57:00+00:00\" \/>\n<meta property=\"og:image\" content=\"https:\/\/tremdavale.org\/wp-content\/uploads\/01_-_3ac2ba_curso_de_ediac2a7ao-300x199.jpg\" \/>\n\t<meta property=\"og:image:width\" content=\"300\" \/>\n\t<meta property=\"og:image:height\" content=\"199\" \/>\n\t<meta property=\"og:image:type\" content=\"image\/jpeg\" \/>\n<meta name=\"author\" content=\"admin\" \/>\n<meta name=\"twitter:card\" content=\"summary_large_image\" \/>\n<meta name=\"twitter:label1\" content=\"Escrito por\" \/>\n\t<meta name=\"twitter:data1\" content=\"admin\" \/>\n\t<meta name=\"twitter:label2\" content=\"Tempo estimado de leitura\" \/>\n\t<meta name=\"twitter:data2\" content=\"2 minutos\" \/>\n<script type=\"application\/ld+json\" class=\"yoast-schema-graph\">{\"@context\":\"https:\/\/schema.org\",\"@graph\":[{\"@type\":\"WebPage\",\"@id\":\"https:\/\/tremdavale.org\/pt\/4-curso-de-edicao-de-video\/\",\"url\":\"https:\/\/tremdavale.org\/pt\/4-curso-de-edicao-de-video\/\",\"name\":\"4\u00ba curso de Edi\u00e7\u00e3o de V\u00eddeo &#8212; Trem da Vale\",\"isPartOf\":{\"@id\":\"https:\/\/tremdavale.org\/pt\/#website\"},\"primaryImageOfPage\":{\"@id\":\"https:\/\/tremdavale.org\/pt\/4-curso-de-edicao-de-video\/#primaryimage\"},\"image\":{\"@id\":\"https:\/\/tremdavale.org\/pt\/4-curso-de-edicao-de-video\/#primaryimage\"},\"thumbnailUrl\":\"https:\/\/tremdavale.org\/wp-content\/uploads\/01_-_3ac2ba_curso_de_ediac2a7ao-300x199.jpg\",\"datePublished\":\"2013-08-25T04:46:00+00:00\",\"dateModified\":\"2025-10-10T11:57:00+00:00\",\"author\":{\"@id\":\"https:\/\/tremdavale.org\/pt\/#\/schema\/person\/50912137d47426d31329f246d02eaeca\"},\"breadcrumb\":{\"@id\":\"https:\/\/tremdavale.org\/pt\/4-curso-de-edicao-de-video\/#breadcrumb\"},\"inLanguage\":\"pt-PT\",\"potentialAction\":[{\"@type\":\"ReadAction\",\"target\":[\"https:\/\/tremdavale.org\/pt\/4-curso-de-edicao-de-video\/\"]}]},{\"@type\":\"ImageObject\",\"inLanguage\":\"pt-PT\",\"@id\":\"https:\/\/tremdavale.org\/pt\/4-curso-de-edicao-de-video\/#primaryimage\",\"url\":\"https:\/\/tremdavale.org\/wp-content\/uploads\/01_-_3ac2ba_curso_de_ediac2a7ao-300x199.jpg\",\"contentUrl\":\"https:\/\/tremdavale.org\/wp-content\/uploads\/01_-_3ac2ba_curso_de_ediac2a7ao-300x199.jpg\",\"width\":300,\"height\":199},{\"@type\":\"BreadcrumbList\",\"@id\":\"https:\/\/tremdavale.org\/pt\/4-curso-de-edicao-de-video\/#breadcrumb\",\"itemListElement\":[{\"@type\":\"ListItem\",\"position\":1,\"name\":\"In\u00edcio\",\"item\":\"https:\/\/tremdavale.org\/pt\/\"},{\"@type\":\"ListItem\",\"position\":2,\"name\":\"4\u00ba curso de Edi\u00e7\u00e3o de V\u00eddeo\"}]},{\"@type\":\"WebSite\",\"@id\":\"https:\/\/tremdavale.org\/pt\/#website\",\"url\":\"https:\/\/tremdavale.org\/pt\/\",\"name\":\"Trem da Vale\",\"description\":\"Programa de Educa\u00e7\u00e3o Patrimonial\",\"potentialAction\":[{\"@type\":\"SearchAction\",\"target\":{\"@type\":\"EntryPoint\",\"urlTemplate\":\"https:\/\/tremdavale.org\/pt\/?s={search_term_string}\"},\"query-input\":{\"@type\":\"PropertyValueSpecification\",\"valueRequired\":true,\"valueName\":\"search_term_string\"}}],\"inLanguage\":\"pt-PT\"},{\"@type\":\"Person\",\"@id\":\"https:\/\/tremdavale.org\/pt\/#\/schema\/person\/50912137d47426d31329f246d02eaeca\",\"name\":\"admin\",\"image\":{\"@type\":\"ImageObject\",\"inLanguage\":\"pt-PT\",\"@id\":\"https:\/\/tremdavale.org\/pt\/#\/schema\/person\/image\/\",\"url\":\"https:\/\/secure.gravatar.com\/avatar\/b3564f0fda6ea47959fe96a4217203e79a167568a37409758659bc3ba443b452?s=96&d=mm&r=g\",\"contentUrl\":\"https:\/\/secure.gravatar.com\/avatar\/b3564f0fda6ea47959fe96a4217203e79a167568a37409758659bc3ba443b452?s=96&d=mm&r=g\",\"caption\":\"admin\"},\"sameAs\":[\"https:\/\/tremdavale.org\"],\"url\":\"https:\/\/tremdavale.org\/pt\/author\/admin\/\"}]}<\/script>\n<!-- \/ Yoast SEO plugin. -->","yoast_head_json":{"title":"4\u00ba curso de Edi\u00e7\u00e3o de V\u00eddeo &#8212; Trem da Vale","robots":{"index":"index","follow":"follow","max-snippet":"max-snippet:-1","max-image-preview":"max-image-preview:large","max-video-preview":"max-video-preview:-1"},"canonical":"https:\/\/tremdavale.org\/pt\/4-curso-de-edicao-de-video\/","og_locale":"pt_PT","og_type":"article","og_title":"4\u00ba curso de Edi\u00e7\u00e3o de V\u00eddeo &#8212; Trem da Vale","og_description":"&nbsp;O 4\u00ba Curso de Edi\u00e7\u00e3o de V\u00eddeo, do Vale Registrar, ser\u00e1 realizado sob a coordena\u00e7\u00e3o de Mateus Brand\u00e3o e Alex Queiroz, no per\u00edodo de 26 de agosto a 06 de setembro de 2012, na Esta\u00e7\u00e3o de Ouro Preto, destinado a alunos que participaram do 3\u00ba Curso de V\u00eddeo sobre Patrim\u00f4nio &hellip;","og_url":"https:\/\/tremdavale.org\/pt\/4-curso-de-edicao-de-video\/","og_site_name":"Trem da Vale","article_published_time":"2013-08-25T04:46:00+00:00","article_modified_time":"2025-10-10T11:57:00+00:00","og_image":[{"width":300,"height":199,"url":"https:\/\/tremdavale.org\/wp-content\/uploads\/01_-_3ac2ba_curso_de_ediac2a7ao-300x199.jpg","type":"image\/jpeg"}],"author":"admin","twitter_card":"summary_large_image","twitter_misc":{"Escrito por":"admin","Tempo estimado de leitura":"2 minutos"},"schema":{"@context":"https:\/\/schema.org","@graph":[{"@type":"WebPage","@id":"https:\/\/tremdavale.org\/pt\/4-curso-de-edicao-de-video\/","url":"https:\/\/tremdavale.org\/pt\/4-curso-de-edicao-de-video\/","name":"4\u00ba curso de Edi\u00e7\u00e3o de V\u00eddeo &#8212; Trem da Vale","isPartOf":{"@id":"https:\/\/tremdavale.org\/pt\/#website"},"primaryImageOfPage":{"@id":"https:\/\/tremdavale.org\/pt\/4-curso-de-edicao-de-video\/#primaryimage"},"image":{"@id":"https:\/\/tremdavale.org\/pt\/4-curso-de-edicao-de-video\/#primaryimage"},"thumbnailUrl":"https:\/\/tremdavale.org\/wp-content\/uploads\/01_-_3ac2ba_curso_de_ediac2a7ao-300x199.jpg","datePublished":"2013-08-25T04:46:00+00:00","dateModified":"2025-10-10T11:57:00+00:00","author":{"@id":"https:\/\/tremdavale.org\/pt\/#\/schema\/person\/50912137d47426d31329f246d02eaeca"},"breadcrumb":{"@id":"https:\/\/tremdavale.org\/pt\/4-curso-de-edicao-de-video\/#breadcrumb"},"inLanguage":"pt-PT","potentialAction":[{"@type":"ReadAction","target":["https:\/\/tremdavale.org\/pt\/4-curso-de-edicao-de-video\/"]}]},{"@type":"ImageObject","inLanguage":"pt-PT","@id":"https:\/\/tremdavale.org\/pt\/4-curso-de-edicao-de-video\/#primaryimage","url":"https:\/\/tremdavale.org\/wp-content\/uploads\/01_-_3ac2ba_curso_de_ediac2a7ao-300x199.jpg","contentUrl":"https:\/\/tremdavale.org\/wp-content\/uploads\/01_-_3ac2ba_curso_de_ediac2a7ao-300x199.jpg","width":300,"height":199},{"@type":"BreadcrumbList","@id":"https:\/\/tremdavale.org\/pt\/4-curso-de-edicao-de-video\/#breadcrumb","itemListElement":[{"@type":"ListItem","position":1,"name":"In\u00edcio","item":"https:\/\/tremdavale.org\/pt\/"},{"@type":"ListItem","position":2,"name":"4\u00ba curso de Edi\u00e7\u00e3o de V\u00eddeo"}]},{"@type":"WebSite","@id":"https:\/\/tremdavale.org\/pt\/#website","url":"https:\/\/tremdavale.org\/pt\/","name":"Trem da Vale","description":"Programa de Educa\u00e7\u00e3o Patrimonial","potentialAction":[{"@type":"SearchAction","target":{"@type":"EntryPoint","urlTemplate":"https:\/\/tremdavale.org\/pt\/?s={search_term_string}"},"query-input":{"@type":"PropertyValueSpecification","valueRequired":true,"valueName":"search_term_string"}}],"inLanguage":"pt-PT"},{"@type":"Person","@id":"https:\/\/tremdavale.org\/pt\/#\/schema\/person\/50912137d47426d31329f246d02eaeca","name":"admin","image":{"@type":"ImageObject","inLanguage":"pt-PT","@id":"https:\/\/tremdavale.org\/pt\/#\/schema\/person\/image\/","url":"https:\/\/secure.gravatar.com\/avatar\/b3564f0fda6ea47959fe96a4217203e79a167568a37409758659bc3ba443b452?s=96&d=mm&r=g","contentUrl":"https:\/\/secure.gravatar.com\/avatar\/b3564f0fda6ea47959fe96a4217203e79a167568a37409758659bc3ba443b452?s=96&d=mm&r=g","caption":"admin"},"sameAs":["https:\/\/tremdavale.org"],"url":"https:\/\/tremdavale.org\/pt\/author\/admin\/"}]}},"_links":{"self":[{"href":"https:\/\/tremdavale.org\/pt\/wp-json\/wp\/v2\/posts\/47","targetHints":{"allow":["GET"]}}],"collection":[{"href":"https:\/\/tremdavale.org\/pt\/wp-json\/wp\/v2\/posts"}],"about":[{"href":"https:\/\/tremdavale.org\/pt\/wp-json\/wp\/v2\/types\/post"}],"author":[{"embeddable":true,"href":"https:\/\/tremdavale.org\/pt\/wp-json\/wp\/v2\/users\/1"}],"replies":[{"embeddable":true,"href":"https:\/\/tremdavale.org\/pt\/wp-json\/wp\/v2\/comments?post=47"}],"version-history":[{"count":0,"href":"https:\/\/tremdavale.org\/pt\/wp-json\/wp\/v2\/posts\/47\/revisions"}],"wp:featuredmedia":[{"embeddable":true,"href":"https:\/\/tremdavale.org\/pt\/wp-json\/wp\/v2\/media\/354"}],"wp:attachment":[{"href":"https:\/\/tremdavale.org\/pt\/wp-json\/wp\/v2\/media?parent=47"}],"wp:term":[{"taxonomy":"category","embeddable":true,"href":"https:\/\/tremdavale.org\/pt\/wp-json\/wp\/v2\/categories?post=47"},{"taxonomy":"post_tag","embeddable":true,"href":"https:\/\/tremdavale.org\/pt\/wp-json\/wp\/v2\/tags?post=47"}],"curies":[{"name":"wp","href":"https:\/\/api.w.org\/{rel}","templated":true}]}}