{"id":49,"date":"2014-04-30T00:06:00","date_gmt":"2014-04-30T00:06:00","guid":{"rendered":"https:\/\/tremdavale.org\/?p=49"},"modified":"2025-10-10T11:57:00","modified_gmt":"2025-10-10T11:57:00","slug":"5-curso-de-edicao-de-video","status":"publish","type":"post","link":"https:\/\/tremdavale.org\/pt\/5-curso-de-edicao-de-video\/","title":{"rendered":"5\u00ba Curso de Edi\u00e7\u00e3o de V\u00eddeo"},"content":{"rendered":"<p>O 5\u00ba Curso de Edi\u00e7\u00e3o de V\u00eddeo, do Vale Registrar, ser\u00e1 realizado sob a coordena\u00e7\u00e3o de Mateus Brand\u00e3o e Cau\u00ea Brand\u00e3o, no per\u00edodo de 09 a 21 de setembro de 2013, na Esta\u00e7\u00e3o de Ouro Preto, destinado a alunos que participaram de outros cursos de v\u00eddeo oferecidos pelo subprograma e a funcion\u00e1rios do Programa de Educa\u00e7\u00e3o Patrimonial Trem da Vale. As atividades acontecer\u00e3o de segunda a s\u00e1bado, de 8 \u00e0s 12 e de 13 \u00e0s 17 horas.<\/p>\n<p>O curso tem por objetivo dar continuidade ao processo de aprendizagem adquirido pelas pessoas selecionadas e o aprimoramento da pr\u00e1tica audiovisual. Por isso, \u00e9 importante que os alunos possuam conhecimento m\u00ednimo sobre computa\u00e7\u00e3o, no\u00e7\u00f5es de tempo, ritmo, enquadramento de imagens, roteiro de edi\u00e7\u00e3o e sons, dentro da linguagem audiovisual.<\/p>\n<p>De acordo com o cronograma, os participantes realizar\u00e3o a captura de material referente a grava\u00e7\u00f5es feitas pelo N\u00facleo de Audiovisual do Vale Registrar de atividades realizadas pelo Programa de Educa\u00e7\u00e3o Patrimonial Trem da Vale, elabora\u00e7\u00e3o de roteiro de edi\u00e7\u00e3o, aplica\u00e7\u00e3o das ferramentas do programa Final Cut, edi\u00e7\u00e3o do material trabalhado, elabora\u00e7\u00e3o de trilhas sonoras e edi\u00e7\u00e3o de \u00e1udio. Para a execu\u00e7\u00e3o dessas atividades, ser\u00e3o utilizadas duas ilhas de edi\u00e7\u00e3o que foram locadas especialmente para este curso. No \u00faltimo dia de atividade, acontecer\u00e1 a exibi\u00e7\u00e3o dos v\u00eddeos finalizados e a entrega dos certificados de conclus\u00e3o do curso aos alunos.<\/p>\n<p>&nbsp;<\/p>\n","protected":false},"excerpt":{"rendered":"<p>O 5\u00ba Curso de Edi\u00e7\u00e3o de V\u00eddeo, do Vale Registrar, ser\u00e1 realizado sob a coordena\u00e7\u00e3o de Mateus Brand\u00e3o e Cau\u00ea Brand\u00e3o, no per\u00edodo de 09 a 21 de setembro de 2013, na Esta\u00e7\u00e3o de Ouro Preto, destinado a alunos que participaram de outros cursos de v\u00eddeo oferecidos pelo subprograma e &hellip;<\/p>\n","protected":false},"author":1,"featured_media":0,"comment_status":"open","ping_status":"closed","sticky":false,"template":"","format":"standard","meta":{"footnotes":""},"categories":[2],"tags":[],"class_list":["post-49","post","type-post","status-publish","format-standard","hentry","category-destaques-home"],"yoast_head":"<!-- This site is optimized with the Yoast SEO plugin v26.1.1 - https:\/\/yoast.com\/wordpress\/plugins\/seo\/ -->\n<title>5\u00ba Curso de Edi\u00e7\u00e3o de V\u00eddeo &#8212; Trem da Vale<\/title>\n<meta name=\"robots\" content=\"index, follow, max-snippet:-1, max-image-preview:large, max-video-preview:-1\" \/>\n<link rel=\"canonical\" href=\"https:\/\/tremdavale.org\/pt\/5-curso-de-edicao-de-video\/\" \/>\n<meta property=\"og:locale\" content=\"pt_PT\" \/>\n<meta property=\"og:type\" content=\"article\" \/>\n<meta property=\"og:title\" content=\"5\u00ba Curso de Edi\u00e7\u00e3o de V\u00eddeo &#8212; Trem da Vale\" \/>\n<meta property=\"og:description\" content=\"O 5\u00ba Curso de Edi\u00e7\u00e3o de V\u00eddeo, do Vale Registrar, ser\u00e1 realizado sob a coordena\u00e7\u00e3o de Mateus Brand\u00e3o e Cau\u00ea Brand\u00e3o, no per\u00edodo de 09 a 21 de setembro de 2013, na Esta\u00e7\u00e3o de Ouro Preto, destinado a alunos que participaram de outros cursos de v\u00eddeo oferecidos pelo subprograma e &hellip;\" \/>\n<meta property=\"og:url\" content=\"https:\/\/tremdavale.org\/pt\/5-curso-de-edicao-de-video\/\" \/>\n<meta property=\"og:site_name\" content=\"Trem da Vale\" \/>\n<meta property=\"article:published_time\" content=\"2014-04-30T00:06:00+00:00\" \/>\n<meta property=\"article:modified_time\" content=\"2025-10-10T11:57:00+00:00\" \/>\n<meta name=\"author\" content=\"admin\" \/>\n<meta name=\"twitter:card\" content=\"summary_large_image\" \/>\n<meta name=\"twitter:label1\" content=\"Escrito por\" \/>\n\t<meta name=\"twitter:data1\" content=\"admin\" \/>\n\t<meta name=\"twitter:label2\" content=\"Tempo estimado de leitura\" \/>\n\t<meta name=\"twitter:data2\" content=\"1 minuto\" \/>\n<script type=\"application\/ld+json\" class=\"yoast-schema-graph\">{\"@context\":\"https:\/\/schema.org\",\"@graph\":[{\"@type\":\"WebPage\",\"@id\":\"https:\/\/tremdavale.org\/pt\/5-curso-de-edicao-de-video\/\",\"url\":\"https:\/\/tremdavale.org\/pt\/5-curso-de-edicao-de-video\/\",\"name\":\"5\u00ba Curso de Edi\u00e7\u00e3o de V\u00eddeo &#8212; Trem da Vale\",\"isPartOf\":{\"@id\":\"https:\/\/tremdavale.org\/pt\/#website\"},\"datePublished\":\"2014-04-30T00:06:00+00:00\",\"dateModified\":\"2025-10-10T11:57:00+00:00\",\"author\":{\"@id\":\"https:\/\/tremdavale.org\/pt\/#\/schema\/person\/50912137d47426d31329f246d02eaeca\"},\"breadcrumb\":{\"@id\":\"https:\/\/tremdavale.org\/pt\/5-curso-de-edicao-de-video\/#breadcrumb\"},\"inLanguage\":\"pt-PT\",\"potentialAction\":[{\"@type\":\"ReadAction\",\"target\":[\"https:\/\/tremdavale.org\/pt\/5-curso-de-edicao-de-video\/\"]}]},{\"@type\":\"BreadcrumbList\",\"@id\":\"https:\/\/tremdavale.org\/pt\/5-curso-de-edicao-de-video\/#breadcrumb\",\"itemListElement\":[{\"@type\":\"ListItem\",\"position\":1,\"name\":\"In\u00edcio\",\"item\":\"https:\/\/tremdavale.org\/pt\/\"},{\"@type\":\"ListItem\",\"position\":2,\"name\":\"5\u00ba Curso de Edi\u00e7\u00e3o de V\u00eddeo\"}]},{\"@type\":\"WebSite\",\"@id\":\"https:\/\/tremdavale.org\/pt\/#website\",\"url\":\"https:\/\/tremdavale.org\/pt\/\",\"name\":\"Trem da Vale\",\"description\":\"Programa de Educa\u00e7\u00e3o Patrimonial\",\"potentialAction\":[{\"@type\":\"SearchAction\",\"target\":{\"@type\":\"EntryPoint\",\"urlTemplate\":\"https:\/\/tremdavale.org\/pt\/?s={search_term_string}\"},\"query-input\":{\"@type\":\"PropertyValueSpecification\",\"valueRequired\":true,\"valueName\":\"search_term_string\"}}],\"inLanguage\":\"pt-PT\"},{\"@type\":\"Person\",\"@id\":\"https:\/\/tremdavale.org\/pt\/#\/schema\/person\/50912137d47426d31329f246d02eaeca\",\"name\":\"admin\",\"image\":{\"@type\":\"ImageObject\",\"inLanguage\":\"pt-PT\",\"@id\":\"https:\/\/tremdavale.org\/pt\/#\/schema\/person\/image\/\",\"url\":\"https:\/\/secure.gravatar.com\/avatar\/b3564f0fda6ea47959fe96a4217203e79a167568a37409758659bc3ba443b452?s=96&d=mm&r=g\",\"contentUrl\":\"https:\/\/secure.gravatar.com\/avatar\/b3564f0fda6ea47959fe96a4217203e79a167568a37409758659bc3ba443b452?s=96&d=mm&r=g\",\"caption\":\"admin\"},\"sameAs\":[\"https:\/\/tremdavale.org\"],\"url\":\"https:\/\/tremdavale.org\/pt\/author\/admin\/\"}]}<\/script>\n<!-- \/ Yoast SEO plugin. -->","yoast_head_json":{"title":"5\u00ba Curso de Edi\u00e7\u00e3o de V\u00eddeo &#8212; Trem da Vale","robots":{"index":"index","follow":"follow","max-snippet":"max-snippet:-1","max-image-preview":"max-image-preview:large","max-video-preview":"max-video-preview:-1"},"canonical":"https:\/\/tremdavale.org\/pt\/5-curso-de-edicao-de-video\/","og_locale":"pt_PT","og_type":"article","og_title":"5\u00ba Curso de Edi\u00e7\u00e3o de V\u00eddeo &#8212; Trem da Vale","og_description":"O 5\u00ba Curso de Edi\u00e7\u00e3o de V\u00eddeo, do Vale Registrar, ser\u00e1 realizado sob a coordena\u00e7\u00e3o de Mateus Brand\u00e3o e Cau\u00ea Brand\u00e3o, no per\u00edodo de 09 a 21 de setembro de 2013, na Esta\u00e7\u00e3o de Ouro Preto, destinado a alunos que participaram de outros cursos de v\u00eddeo oferecidos pelo subprograma e &hellip;","og_url":"https:\/\/tremdavale.org\/pt\/5-curso-de-edicao-de-video\/","og_site_name":"Trem da Vale","article_published_time":"2014-04-30T00:06:00+00:00","article_modified_time":"2025-10-10T11:57:00+00:00","author":"admin","twitter_card":"summary_large_image","twitter_misc":{"Escrito por":"admin","Tempo estimado de leitura":"1 minuto"},"schema":{"@context":"https:\/\/schema.org","@graph":[{"@type":"WebPage","@id":"https:\/\/tremdavale.org\/pt\/5-curso-de-edicao-de-video\/","url":"https:\/\/tremdavale.org\/pt\/5-curso-de-edicao-de-video\/","name":"5\u00ba Curso de Edi\u00e7\u00e3o de V\u00eddeo &#8212; Trem da Vale","isPartOf":{"@id":"https:\/\/tremdavale.org\/pt\/#website"},"datePublished":"2014-04-30T00:06:00+00:00","dateModified":"2025-10-10T11:57:00+00:00","author":{"@id":"https:\/\/tremdavale.org\/pt\/#\/schema\/person\/50912137d47426d31329f246d02eaeca"},"breadcrumb":{"@id":"https:\/\/tremdavale.org\/pt\/5-curso-de-edicao-de-video\/#breadcrumb"},"inLanguage":"pt-PT","potentialAction":[{"@type":"ReadAction","target":["https:\/\/tremdavale.org\/pt\/5-curso-de-edicao-de-video\/"]}]},{"@type":"BreadcrumbList","@id":"https:\/\/tremdavale.org\/pt\/5-curso-de-edicao-de-video\/#breadcrumb","itemListElement":[{"@type":"ListItem","position":1,"name":"In\u00edcio","item":"https:\/\/tremdavale.org\/pt\/"},{"@type":"ListItem","position":2,"name":"5\u00ba Curso de Edi\u00e7\u00e3o de V\u00eddeo"}]},{"@type":"WebSite","@id":"https:\/\/tremdavale.org\/pt\/#website","url":"https:\/\/tremdavale.org\/pt\/","name":"Trem da Vale","description":"Programa de Educa\u00e7\u00e3o Patrimonial","potentialAction":[{"@type":"SearchAction","target":{"@type":"EntryPoint","urlTemplate":"https:\/\/tremdavale.org\/pt\/?s={search_term_string}"},"query-input":{"@type":"PropertyValueSpecification","valueRequired":true,"valueName":"search_term_string"}}],"inLanguage":"pt-PT"},{"@type":"Person","@id":"https:\/\/tremdavale.org\/pt\/#\/schema\/person\/50912137d47426d31329f246d02eaeca","name":"admin","image":{"@type":"ImageObject","inLanguage":"pt-PT","@id":"https:\/\/tremdavale.org\/pt\/#\/schema\/person\/image\/","url":"https:\/\/secure.gravatar.com\/avatar\/b3564f0fda6ea47959fe96a4217203e79a167568a37409758659bc3ba443b452?s=96&d=mm&r=g","contentUrl":"https:\/\/secure.gravatar.com\/avatar\/b3564f0fda6ea47959fe96a4217203e79a167568a37409758659bc3ba443b452?s=96&d=mm&r=g","caption":"admin"},"sameAs":["https:\/\/tremdavale.org"],"url":"https:\/\/tremdavale.org\/pt\/author\/admin\/"}]}},"_links":{"self":[{"href":"https:\/\/tremdavale.org\/pt\/wp-json\/wp\/v2\/posts\/49","targetHints":{"allow":["GET"]}}],"collection":[{"href":"https:\/\/tremdavale.org\/pt\/wp-json\/wp\/v2\/posts"}],"about":[{"href":"https:\/\/tremdavale.org\/pt\/wp-json\/wp\/v2\/types\/post"}],"author":[{"embeddable":true,"href":"https:\/\/tremdavale.org\/pt\/wp-json\/wp\/v2\/users\/1"}],"replies":[{"embeddable":true,"href":"https:\/\/tremdavale.org\/pt\/wp-json\/wp\/v2\/comments?post=49"}],"version-history":[{"count":0,"href":"https:\/\/tremdavale.org\/pt\/wp-json\/wp\/v2\/posts\/49\/revisions"}],"wp:attachment":[{"href":"https:\/\/tremdavale.org\/pt\/wp-json\/wp\/v2\/media?parent=49"}],"wp:term":[{"taxonomy":"category","embeddable":true,"href":"https:\/\/tremdavale.org\/pt\/wp-json\/wp\/v2\/categories?post=49"},{"taxonomy":"post_tag","embeddable":true,"href":"https:\/\/tremdavale.org\/pt\/wp-json\/wp\/v2\/tags?post=49"}],"curies":[{"name":"wp","href":"https:\/\/api.w.org\/{rel}","templated":true}]}}