{"id":50,"date":"2013-08-25T04:59:00","date_gmt":"2013-08-25T04:59:00","guid":{"rendered":"https:\/\/tremdavale.org\/?p=50"},"modified":"2025-10-10T11:57:00","modified_gmt":"2025-10-10T11:57:00","slug":"6-oficina-de-fotografia-digital","status":"publish","type":"post","link":"https:\/\/tremdavale.org\/pt\/6-oficina-de-fotografia-digital\/","title":{"rendered":"6\u00aa oficina de Fotografia Digital"},"content":{"rendered":"<p style=\"text-align: left;\">A 6\u00aa Oficina de Fotografia Digital, do Vale Registrar, ser\u00e1 realizada sob a coordena\u00e7\u00e3o do fot\u00f3grafo Dimas Dario Guedes, no per\u00edodo de 17 a 22 de setembro de 2012, na Esta\u00e7\u00e3o de Ouro Preto, e de 24 a 29 de setembro, na Esta\u00e7\u00e3o de Mariana; destinada aos moradores das cidades. As atividades acontecer\u00e3o de segunda a s\u00e1bado, de 8 as 12 horas.<\/p>\n<p style=\"text-align: left;\">&nbsp;As inscri\u00e7\u00f5es poder\u00e3o ser realizadas de 20 de agosto a 11 de setembro de 2012, na Sala de Hist\u00f3rias da Esta\u00e7\u00e3o de Ouro Preto, para os moradores desta cidade, e no Vag\u00e3o Sala de Hist\u00f3rias da Esta\u00e7\u00e3o de Mariana, para os moradores de Mariana; de segunda a domingo, no hor\u00e1rio de 9 \u00e0s 17 horas.&nbsp;<\/p>\n<p style=\"text-align: left;\">Para participar da oficina, o interessado dever\u00e1 ter a idade m\u00ednima de 18 anos, disponibilidade de hor\u00e1rio para comparecer a todas as aulas e levar uma m\u00e1quina fotogr\u00e1fica digital para as atividades pr\u00e1ticas.&nbsp;<\/p>\n<p style=\"text-align: left;\">Os participantes ser\u00e3o selecionados pelo coordenador da oficina, juntamente com a equipe do Vale Registrar, por meio da ficha de inscri\u00e7\u00e3o que ser\u00e1 preenchida por cada interessado. A sele\u00e7\u00e3o acontecer\u00e1 no dia 12 de setembro de 2012, e <strong>todos os candidatos selecionados ser\u00e3o contactados por telefone.<\/strong><\/p>\n<p style=\"text-align: left;\">&nbsp;Ser\u00e3o oferecidas 10 (dez) vagas para moradores, al\u00e9m de 02 (duas) para funcion\u00e1rios do Trem da Vale, em cada cidade.<\/p>\n<p style=\"text-align: left;\">A oficina tem como objetivo explorar o olhar dos participantes sobre a composi\u00e7\u00e3o e o desenho na fotografia digital, abordando os seguintes t\u00f3picos: uso correto da c\u00e2mera digital; ponto, reta e plano; hist\u00f3ria da fotografia; erros mais comuns; import\u00e2ncia e treino do olhar; trabalho de aplica\u00e7\u00e3o pr\u00e1tica; sele\u00e7\u00e3o e tratamento das imagens; discuss\u00e3o dos resultados; amplia\u00e7\u00e3o e impress\u00e3o. A partir do aprendizado sobre o uso da c\u00e2mera digital, os participantes da oficina ir\u00e3o fazer registros fotogr\u00e1ficos de manifesta\u00e7\u00f5es, personagens, edifica\u00e7\u00f5es e lugares culturalmente representativos de seus bairros. A inten\u00e7\u00e3o \u00e9 que os pr\u00f3prios moradores possam documentar pela fotografia os modos de viver ali existentes, e a partir das imagens geradas, pessoas e espa\u00e7os de sua refer\u00eancia poder\u00e3o ser revelados e (re)conhecidos, com caracter\u00edsticas e peculiaridades que lhes representam e identificam.<\/p>\n<p style=\"text-align: left;\">Ap\u00f3s a realiza\u00e7\u00e3o da oficina, est\u00e1 prevista uma exposi\u00e7\u00e3o com fotografias feitas pelos alunos, nas plataformas das Esta\u00e7\u00f5es de Mariana e de Ouro Preto e em espa\u00e7os de uso coletivo nos bairros registrados.&nbsp;&nbsp;<\/p>\n<p style=\"text-align: left;\">&nbsp;<\/p>\n<p>&nbsp;<\/p>\n<p><img loading=\"lazy\" decoding=\"async\" class=\"size-medium\" title=\"02-5ac2aa_ofci_fotografia\" src=\"\/wp-content\/uploads\/02-5ac2aa_ofci_fotografia-300x199.jpg\" alt=\"02-5ac2aa_ofci_fotografia\" width=\"300\" height=\"199\"><\/p>\n<p>A gerente operacional do Apoio T\u00e9cnico Administrativo do Vale Registrar, Rosilene Figueiredo, realiza discurso de abertura da 5\u00aa Oficina de Fotografia Digital na Sala Multiuso da Esta\u00e7\u00e3o Ferrovi\u00e1ria de Mariana.<\/p>\n<p>&nbsp;<\/p>\n<p><img loading=\"lazy\" decoding=\"async\" class=\"size-medium\" title=\"03-5ac2aa_ofci_fotografia1\" src=\"\/wp-content\/uploads\/03-5ac2aa_ofci_fotografia1-300x177.jpg\" alt=\"03-5ac2aa_ofci_fotografia1\" width=\"300\" height=\"177\"><\/p>\n<p>Os alunos da 5\u00aa Oficina de Fotografia Digital realizam atividade pr\u00e1tica no Bairro Santana, em Mariana.<\/p>\n<p>&nbsp;<\/p>\n<p><img loading=\"lazy\" decoding=\"async\" class=\"size-medium\" title=\"01-5ac2aa_ofci_fotografia2\" src=\"\/wp-content\/uploads\/01-5ac2aa_ofci_fotografia2-300x199.jpg\" alt=\"01-5ac2aa_ofci_fotografia2\" width=\"300\" height=\"199\"><\/p>\n<p>Os alunos da 5\u00aa Oficina de Fotografia Digital editam suas fotos na Sala Multiuso da Esta\u00e7\u00e3o Ferrovi\u00e1ria de Ouro Preto.<\/p>\n<p>&nbsp;<\/p>\n","protected":false},"excerpt":{"rendered":"<p>A 6\u00aa Oficina de Fotografia Digital, do Vale Registrar, ser\u00e1 realizada sob a coordena\u00e7\u00e3o do fot\u00f3grafo Dimas Dario Guedes, no per\u00edodo de 17 a 22 de setembro de 2012, na Esta\u00e7\u00e3o de Ouro Preto, e de 24 a 29 de setembro, na Esta\u00e7\u00e3o de Mariana; destinada aos moradores das cidades. &hellip;<\/p>\n","protected":false},"author":1,"featured_media":356,"comment_status":"open","ping_status":"closed","sticky":false,"template":"","format":"standard","meta":{"footnotes":""},"categories":[2],"tags":[],"class_list":["post-50","post","type-post","status-publish","format-standard","has-post-thumbnail","hentry","category-destaques-home"],"yoast_head":"<!-- This site is optimized with the Yoast SEO plugin v26.1.1 - https:\/\/yoast.com\/wordpress\/plugins\/seo\/ -->\n<title>6\u00aa oficina de Fotografia Digital &#8212; Trem da Vale<\/title>\n<meta name=\"robots\" content=\"index, follow, max-snippet:-1, max-image-preview:large, max-video-preview:-1\" \/>\n<link rel=\"canonical\" href=\"https:\/\/tremdavale.org\/pt\/6-oficina-de-fotografia-digital\/\" \/>\n<meta property=\"og:locale\" content=\"pt_PT\" \/>\n<meta property=\"og:type\" content=\"article\" \/>\n<meta property=\"og:title\" content=\"6\u00aa oficina de Fotografia Digital &#8212; Trem da Vale\" \/>\n<meta property=\"og:description\" content=\"A 6\u00aa Oficina de Fotografia Digital, do Vale Registrar, ser\u00e1 realizada sob a coordena\u00e7\u00e3o do fot\u00f3grafo Dimas Dario Guedes, no per\u00edodo de 17 a 22 de setembro de 2012, na Esta\u00e7\u00e3o de Ouro Preto, e de 24 a 29 de setembro, na Esta\u00e7\u00e3o de Mariana; destinada aos moradores das cidades. &hellip;\" \/>\n<meta property=\"og:url\" content=\"https:\/\/tremdavale.org\/pt\/6-oficina-de-fotografia-digital\/\" \/>\n<meta property=\"og:site_name\" content=\"Trem da Vale\" \/>\n<meta property=\"article:published_time\" content=\"2013-08-25T04:59:00+00:00\" \/>\n<meta property=\"article:modified_time\" content=\"2025-10-10T11:57:00+00:00\" \/>\n<meta property=\"og:image\" content=\"https:\/\/tremdavale.org\/wp-content\/uploads\/02-5ac2aa_ofci_fotografia-300x199.jpg\" \/>\n\t<meta property=\"og:image:width\" content=\"300\" \/>\n\t<meta property=\"og:image:height\" content=\"199\" \/>\n\t<meta property=\"og:image:type\" content=\"image\/jpeg\" \/>\n<meta name=\"author\" content=\"admin\" \/>\n<meta name=\"twitter:card\" content=\"summary_large_image\" \/>\n<meta name=\"twitter:label1\" content=\"Escrito por\" \/>\n\t<meta name=\"twitter:data1\" content=\"admin\" \/>\n\t<meta name=\"twitter:label2\" content=\"Tempo estimado de leitura\" \/>\n\t<meta name=\"twitter:data2\" content=\"2 minutos\" \/>\n<script type=\"application\/ld+json\" class=\"yoast-schema-graph\">{\"@context\":\"https:\/\/schema.org\",\"@graph\":[{\"@type\":\"WebPage\",\"@id\":\"https:\/\/tremdavale.org\/pt\/6-oficina-de-fotografia-digital\/\",\"url\":\"https:\/\/tremdavale.org\/pt\/6-oficina-de-fotografia-digital\/\",\"name\":\"6\u00aa oficina de Fotografia Digital &#8212; Trem da Vale\",\"isPartOf\":{\"@id\":\"https:\/\/tremdavale.org\/pt\/#website\"},\"primaryImageOfPage\":{\"@id\":\"https:\/\/tremdavale.org\/pt\/6-oficina-de-fotografia-digital\/#primaryimage\"},\"image\":{\"@id\":\"https:\/\/tremdavale.org\/pt\/6-oficina-de-fotografia-digital\/#primaryimage\"},\"thumbnailUrl\":\"https:\/\/tremdavale.org\/wp-content\/uploads\/02-5ac2aa_ofci_fotografia-300x199.jpg\",\"datePublished\":\"2013-08-25T04:59:00+00:00\",\"dateModified\":\"2025-10-10T11:57:00+00:00\",\"author\":{\"@id\":\"https:\/\/tremdavale.org\/pt\/#\/schema\/person\/50912137d47426d31329f246d02eaeca\"},\"breadcrumb\":{\"@id\":\"https:\/\/tremdavale.org\/pt\/6-oficina-de-fotografia-digital\/#breadcrumb\"},\"inLanguage\":\"pt-PT\",\"potentialAction\":[{\"@type\":\"ReadAction\",\"target\":[\"https:\/\/tremdavale.org\/pt\/6-oficina-de-fotografia-digital\/\"]}]},{\"@type\":\"ImageObject\",\"inLanguage\":\"pt-PT\",\"@id\":\"https:\/\/tremdavale.org\/pt\/6-oficina-de-fotografia-digital\/#primaryimage\",\"url\":\"https:\/\/tremdavale.org\/wp-content\/uploads\/02-5ac2aa_ofci_fotografia-300x199.jpg\",\"contentUrl\":\"https:\/\/tremdavale.org\/wp-content\/uploads\/02-5ac2aa_ofci_fotografia-300x199.jpg\",\"width\":300,\"height\":199},{\"@type\":\"BreadcrumbList\",\"@id\":\"https:\/\/tremdavale.org\/pt\/6-oficina-de-fotografia-digital\/#breadcrumb\",\"itemListElement\":[{\"@type\":\"ListItem\",\"position\":1,\"name\":\"In\u00edcio\",\"item\":\"https:\/\/tremdavale.org\/pt\/\"},{\"@type\":\"ListItem\",\"position\":2,\"name\":\"6\u00aa oficina de Fotografia Digital\"}]},{\"@type\":\"WebSite\",\"@id\":\"https:\/\/tremdavale.org\/pt\/#website\",\"url\":\"https:\/\/tremdavale.org\/pt\/\",\"name\":\"Trem da Vale\",\"description\":\"Programa de Educa\u00e7\u00e3o Patrimonial\",\"potentialAction\":[{\"@type\":\"SearchAction\",\"target\":{\"@type\":\"EntryPoint\",\"urlTemplate\":\"https:\/\/tremdavale.org\/pt\/?s={search_term_string}\"},\"query-input\":{\"@type\":\"PropertyValueSpecification\",\"valueRequired\":true,\"valueName\":\"search_term_string\"}}],\"inLanguage\":\"pt-PT\"},{\"@type\":\"Person\",\"@id\":\"https:\/\/tremdavale.org\/pt\/#\/schema\/person\/50912137d47426d31329f246d02eaeca\",\"name\":\"admin\",\"image\":{\"@type\":\"ImageObject\",\"inLanguage\":\"pt-PT\",\"@id\":\"https:\/\/tremdavale.org\/pt\/#\/schema\/person\/image\/\",\"url\":\"https:\/\/secure.gravatar.com\/avatar\/b3564f0fda6ea47959fe96a4217203e79a167568a37409758659bc3ba443b452?s=96&d=mm&r=g\",\"contentUrl\":\"https:\/\/secure.gravatar.com\/avatar\/b3564f0fda6ea47959fe96a4217203e79a167568a37409758659bc3ba443b452?s=96&d=mm&r=g\",\"caption\":\"admin\"},\"sameAs\":[\"https:\/\/tremdavale.org\"],\"url\":\"https:\/\/tremdavale.org\/pt\/author\/admin\/\"}]}<\/script>\n<!-- \/ Yoast SEO plugin. -->","yoast_head_json":{"title":"6\u00aa oficina de Fotografia Digital &#8212; Trem da Vale","robots":{"index":"index","follow":"follow","max-snippet":"max-snippet:-1","max-image-preview":"max-image-preview:large","max-video-preview":"max-video-preview:-1"},"canonical":"https:\/\/tremdavale.org\/pt\/6-oficina-de-fotografia-digital\/","og_locale":"pt_PT","og_type":"article","og_title":"6\u00aa oficina de Fotografia Digital &#8212; Trem da Vale","og_description":"A 6\u00aa Oficina de Fotografia Digital, do Vale Registrar, ser\u00e1 realizada sob a coordena\u00e7\u00e3o do fot\u00f3grafo Dimas Dario Guedes, no per\u00edodo de 17 a 22 de setembro de 2012, na Esta\u00e7\u00e3o de Ouro Preto, e de 24 a 29 de setembro, na Esta\u00e7\u00e3o de Mariana; destinada aos moradores das cidades. &hellip;","og_url":"https:\/\/tremdavale.org\/pt\/6-oficina-de-fotografia-digital\/","og_site_name":"Trem da Vale","article_published_time":"2013-08-25T04:59:00+00:00","article_modified_time":"2025-10-10T11:57:00+00:00","og_image":[{"width":300,"height":199,"url":"https:\/\/tremdavale.org\/wp-content\/uploads\/02-5ac2aa_ofci_fotografia-300x199.jpg","type":"image\/jpeg"}],"author":"admin","twitter_card":"summary_large_image","twitter_misc":{"Escrito por":"admin","Tempo estimado de leitura":"2 minutos"},"schema":{"@context":"https:\/\/schema.org","@graph":[{"@type":"WebPage","@id":"https:\/\/tremdavale.org\/pt\/6-oficina-de-fotografia-digital\/","url":"https:\/\/tremdavale.org\/pt\/6-oficina-de-fotografia-digital\/","name":"6\u00aa oficina de Fotografia Digital &#8212; Trem da Vale","isPartOf":{"@id":"https:\/\/tremdavale.org\/pt\/#website"},"primaryImageOfPage":{"@id":"https:\/\/tremdavale.org\/pt\/6-oficina-de-fotografia-digital\/#primaryimage"},"image":{"@id":"https:\/\/tremdavale.org\/pt\/6-oficina-de-fotografia-digital\/#primaryimage"},"thumbnailUrl":"https:\/\/tremdavale.org\/wp-content\/uploads\/02-5ac2aa_ofci_fotografia-300x199.jpg","datePublished":"2013-08-25T04:59:00+00:00","dateModified":"2025-10-10T11:57:00+00:00","author":{"@id":"https:\/\/tremdavale.org\/pt\/#\/schema\/person\/50912137d47426d31329f246d02eaeca"},"breadcrumb":{"@id":"https:\/\/tremdavale.org\/pt\/6-oficina-de-fotografia-digital\/#breadcrumb"},"inLanguage":"pt-PT","potentialAction":[{"@type":"ReadAction","target":["https:\/\/tremdavale.org\/pt\/6-oficina-de-fotografia-digital\/"]}]},{"@type":"ImageObject","inLanguage":"pt-PT","@id":"https:\/\/tremdavale.org\/pt\/6-oficina-de-fotografia-digital\/#primaryimage","url":"https:\/\/tremdavale.org\/wp-content\/uploads\/02-5ac2aa_ofci_fotografia-300x199.jpg","contentUrl":"https:\/\/tremdavale.org\/wp-content\/uploads\/02-5ac2aa_ofci_fotografia-300x199.jpg","width":300,"height":199},{"@type":"BreadcrumbList","@id":"https:\/\/tremdavale.org\/pt\/6-oficina-de-fotografia-digital\/#breadcrumb","itemListElement":[{"@type":"ListItem","position":1,"name":"In\u00edcio","item":"https:\/\/tremdavale.org\/pt\/"},{"@type":"ListItem","position":2,"name":"6\u00aa oficina de Fotografia Digital"}]},{"@type":"WebSite","@id":"https:\/\/tremdavale.org\/pt\/#website","url":"https:\/\/tremdavale.org\/pt\/","name":"Trem da Vale","description":"Programa de Educa\u00e7\u00e3o Patrimonial","potentialAction":[{"@type":"SearchAction","target":{"@type":"EntryPoint","urlTemplate":"https:\/\/tremdavale.org\/pt\/?s={search_term_string}"},"query-input":{"@type":"PropertyValueSpecification","valueRequired":true,"valueName":"search_term_string"}}],"inLanguage":"pt-PT"},{"@type":"Person","@id":"https:\/\/tremdavale.org\/pt\/#\/schema\/person\/50912137d47426d31329f246d02eaeca","name":"admin","image":{"@type":"ImageObject","inLanguage":"pt-PT","@id":"https:\/\/tremdavale.org\/pt\/#\/schema\/person\/image\/","url":"https:\/\/secure.gravatar.com\/avatar\/b3564f0fda6ea47959fe96a4217203e79a167568a37409758659bc3ba443b452?s=96&d=mm&r=g","contentUrl":"https:\/\/secure.gravatar.com\/avatar\/b3564f0fda6ea47959fe96a4217203e79a167568a37409758659bc3ba443b452?s=96&d=mm&r=g","caption":"admin"},"sameAs":["https:\/\/tremdavale.org"],"url":"https:\/\/tremdavale.org\/pt\/author\/admin\/"}]}},"_links":{"self":[{"href":"https:\/\/tremdavale.org\/pt\/wp-json\/wp\/v2\/posts\/50","targetHints":{"allow":["GET"]}}],"collection":[{"href":"https:\/\/tremdavale.org\/pt\/wp-json\/wp\/v2\/posts"}],"about":[{"href":"https:\/\/tremdavale.org\/pt\/wp-json\/wp\/v2\/types\/post"}],"author":[{"embeddable":true,"href":"https:\/\/tremdavale.org\/pt\/wp-json\/wp\/v2\/users\/1"}],"replies":[{"embeddable":true,"href":"https:\/\/tremdavale.org\/pt\/wp-json\/wp\/v2\/comments?post=50"}],"version-history":[{"count":0,"href":"https:\/\/tremdavale.org\/pt\/wp-json\/wp\/v2\/posts\/50\/revisions"}],"wp:featuredmedia":[{"embeddable":true,"href":"https:\/\/tremdavale.org\/pt\/wp-json\/wp\/v2\/media\/356"}],"wp:attachment":[{"href":"https:\/\/tremdavale.org\/pt\/wp-json\/wp\/v2\/media?parent=50"}],"wp:term":[{"taxonomy":"category","embeddable":true,"href":"https:\/\/tremdavale.org\/pt\/wp-json\/wp\/v2\/categories?post=50"},{"taxonomy":"post_tag","embeddable":true,"href":"https:\/\/tremdavale.org\/pt\/wp-json\/wp\/v2\/tags?post=50"}],"curies":[{"name":"wp","href":"https:\/\/api.w.org\/{rel}","templated":true}]}}