{"id":52,"date":"2012-04-08T00:22:00","date_gmt":"2012-04-08T00:22:00","guid":{"rendered":"https:\/\/tremdavale.org\/?p=52"},"modified":"2025-10-10T11:57:00","modified_gmt":"2025-10-10T11:57:00","slug":"abertas-as-inscricoes-para-o-concurso-de-redacao-e-de-desenho-do-trem-da-vale","status":"publish","type":"post","link":"https:\/\/tremdavale.org\/pt\/abertas-as-inscricoes-para-o-concurso-de-redacao-e-de-desenho-do-trem-da-vale\/","title":{"rendered":"Abertas as inscri\u00e7\u00f5es para o Concurso de reda\u00e7\u00e3o e de desenho do Trem da Vale"},"content":{"rendered":"<p>Est\u00e3o abertas as inscri\u00e7\u00f5es para o Concurso de reda\u00e7\u00e3o e de desenho do Trem da Vale. O tema desta edi\u00e7\u00e3o \u00e9 \u201cNo trilho, no trecho, nas esta\u00e7\u00f5es: por onde o trem passa\u2026\u201d. O concurso est\u00e1 aberto para estudantes de escolas p\u00fablicas de Mariana e Ouro Preto e usu\u00e1rios cadastrados nas Bibliotecas das esta\u00e7\u00f5es. Para concorrer na categoria reda\u00e7\u00e3o \u00e9 necess\u00e1rio cursar entre o 6\u00ba e o 9\u00ba ano do Ensino Fundamental e para a categoria desenho \u00e9 necess\u00e1rio ser estudante do 1\u00ba ao 5\u00ba ano do Ensino Fundamental.<\/p>\n<p>Conhe\u00e7a os editais, imprima sua ficha de inscri\u00e7\u00e3o e participe!<\/p>\n<p>Edital Concurso de desenho 2012<\/p>\n<p>Edital Concurso de Reda\u00e7\u00e3o 2012<\/p>\n<p>Ficha e Inscri\u00e7\u00e3o e Termo de Autoriza\u00e7\u00e3o<\/p>\n<p>&nbsp;<\/p>\n","protected":false},"excerpt":{"rendered":"<p>Est\u00e3o abertas as inscri\u00e7\u00f5es para o Concurso de reda\u00e7\u00e3o e de desenho do Trem da Vale. O tema desta edi\u00e7\u00e3o \u00e9 \u201cNo trilho, no trecho, nas esta\u00e7\u00f5es: por onde o trem passa\u2026\u201d. O concurso est\u00e1 aberto para estudantes de escolas p\u00fablicas de Mariana e Ouro Preto e usu\u00e1rios cadastrados nas &hellip;<\/p>\n","protected":false},"author":1,"featured_media":0,"comment_status":"open","ping_status":"closed","sticky":false,"template":"","format":"standard","meta":{"footnotes":""},"categories":[2],"tags":[],"class_list":["post-52","post","type-post","status-publish","format-standard","hentry","category-destaques-home"],"yoast_head":"<!-- This site is optimized with the Yoast SEO plugin v26.1.1 - https:\/\/yoast.com\/wordpress\/plugins\/seo\/ -->\n<title>Abertas as inscri\u00e7\u00f5es para o Concurso de reda\u00e7\u00e3o e de desenho do Trem da Vale &#8212; Trem da Vale<\/title>\n<meta name=\"robots\" content=\"index, follow, max-snippet:-1, max-image-preview:large, max-video-preview:-1\" \/>\n<link rel=\"canonical\" href=\"https:\/\/tremdavale.org\/pt\/abertas-as-inscricoes-para-o-concurso-de-redacao-e-de-desenho-do-trem-da-vale\/\" \/>\n<meta property=\"og:locale\" content=\"pt_PT\" \/>\n<meta property=\"og:type\" content=\"article\" \/>\n<meta property=\"og:title\" content=\"Abertas as inscri\u00e7\u00f5es para o Concurso de reda\u00e7\u00e3o e de desenho do Trem da Vale &#8212; Trem da Vale\" \/>\n<meta property=\"og:description\" content=\"Est\u00e3o abertas as inscri\u00e7\u00f5es para o Concurso de reda\u00e7\u00e3o e de desenho do Trem da Vale. O tema desta edi\u00e7\u00e3o \u00e9 \u201cNo trilho, no trecho, nas esta\u00e7\u00f5es: por onde o trem passa\u2026\u201d. O concurso est\u00e1 aberto para estudantes de escolas p\u00fablicas de Mariana e Ouro Preto e usu\u00e1rios cadastrados nas &hellip;\" \/>\n<meta property=\"og:url\" content=\"https:\/\/tremdavale.org\/pt\/abertas-as-inscricoes-para-o-concurso-de-redacao-e-de-desenho-do-trem-da-vale\/\" \/>\n<meta property=\"og:site_name\" content=\"Trem da Vale\" \/>\n<meta property=\"article:published_time\" content=\"2012-04-08T00:22:00+00:00\" \/>\n<meta property=\"article:modified_time\" content=\"2025-10-10T11:57:00+00:00\" \/>\n<meta name=\"author\" content=\"admin\" \/>\n<meta name=\"twitter:card\" content=\"summary_large_image\" \/>\n<meta name=\"twitter:label1\" content=\"Escrito por\" \/>\n\t<meta name=\"twitter:data1\" content=\"admin\" \/>\n\t<meta name=\"twitter:label2\" content=\"Tempo estimado de leitura\" \/>\n\t<meta name=\"twitter:data2\" content=\"1 minuto\" \/>\n<script type=\"application\/ld+json\" class=\"yoast-schema-graph\">{\"@context\":\"https:\/\/schema.org\",\"@graph\":[{\"@type\":\"WebPage\",\"@id\":\"https:\/\/tremdavale.org\/pt\/abertas-as-inscricoes-para-o-concurso-de-redacao-e-de-desenho-do-trem-da-vale\/\",\"url\":\"https:\/\/tremdavale.org\/pt\/abertas-as-inscricoes-para-o-concurso-de-redacao-e-de-desenho-do-trem-da-vale\/\",\"name\":\"Abertas as inscri\u00e7\u00f5es para o Concurso de reda\u00e7\u00e3o e de desenho do Trem da Vale &#8212; Trem da Vale\",\"isPartOf\":{\"@id\":\"https:\/\/tremdavale.org\/pt\/#website\"},\"datePublished\":\"2012-04-08T00:22:00+00:00\",\"dateModified\":\"2025-10-10T11:57:00+00:00\",\"author\":{\"@id\":\"https:\/\/tremdavale.org\/pt\/#\/schema\/person\/50912137d47426d31329f246d02eaeca\"},\"breadcrumb\":{\"@id\":\"https:\/\/tremdavale.org\/pt\/abertas-as-inscricoes-para-o-concurso-de-redacao-e-de-desenho-do-trem-da-vale\/#breadcrumb\"},\"inLanguage\":\"pt-PT\",\"potentialAction\":[{\"@type\":\"ReadAction\",\"target\":[\"https:\/\/tremdavale.org\/pt\/abertas-as-inscricoes-para-o-concurso-de-redacao-e-de-desenho-do-trem-da-vale\/\"]}]},{\"@type\":\"BreadcrumbList\",\"@id\":\"https:\/\/tremdavale.org\/pt\/abertas-as-inscricoes-para-o-concurso-de-redacao-e-de-desenho-do-trem-da-vale\/#breadcrumb\",\"itemListElement\":[{\"@type\":\"ListItem\",\"position\":1,\"name\":\"In\u00edcio\",\"item\":\"https:\/\/tremdavale.org\/pt\/\"},{\"@type\":\"ListItem\",\"position\":2,\"name\":\"Abertas as inscri\u00e7\u00f5es para o Concurso de reda\u00e7\u00e3o e de desenho do Trem da Vale\"}]},{\"@type\":\"WebSite\",\"@id\":\"https:\/\/tremdavale.org\/pt\/#website\",\"url\":\"https:\/\/tremdavale.org\/pt\/\",\"name\":\"Trem da Vale\",\"description\":\"Programa de Educa\u00e7\u00e3o Patrimonial\",\"potentialAction\":[{\"@type\":\"SearchAction\",\"target\":{\"@type\":\"EntryPoint\",\"urlTemplate\":\"https:\/\/tremdavale.org\/pt\/?s={search_term_string}\"},\"query-input\":{\"@type\":\"PropertyValueSpecification\",\"valueRequired\":true,\"valueName\":\"search_term_string\"}}],\"inLanguage\":\"pt-PT\"},{\"@type\":\"Person\",\"@id\":\"https:\/\/tremdavale.org\/pt\/#\/schema\/person\/50912137d47426d31329f246d02eaeca\",\"name\":\"admin\",\"image\":{\"@type\":\"ImageObject\",\"inLanguage\":\"pt-PT\",\"@id\":\"https:\/\/tremdavale.org\/pt\/#\/schema\/person\/image\/\",\"url\":\"https:\/\/secure.gravatar.com\/avatar\/b3564f0fda6ea47959fe96a4217203e79a167568a37409758659bc3ba443b452?s=96&d=mm&r=g\",\"contentUrl\":\"https:\/\/secure.gravatar.com\/avatar\/b3564f0fda6ea47959fe96a4217203e79a167568a37409758659bc3ba443b452?s=96&d=mm&r=g\",\"caption\":\"admin\"},\"sameAs\":[\"https:\/\/tremdavale.org\"],\"url\":\"https:\/\/tremdavale.org\/pt\/author\/admin\/\"}]}<\/script>\n<!-- \/ Yoast SEO plugin. -->","yoast_head_json":{"title":"Abertas as inscri\u00e7\u00f5es para o Concurso de reda\u00e7\u00e3o e de desenho do Trem da Vale &#8212; Trem da Vale","robots":{"index":"index","follow":"follow","max-snippet":"max-snippet:-1","max-image-preview":"max-image-preview:large","max-video-preview":"max-video-preview:-1"},"canonical":"https:\/\/tremdavale.org\/pt\/abertas-as-inscricoes-para-o-concurso-de-redacao-e-de-desenho-do-trem-da-vale\/","og_locale":"pt_PT","og_type":"article","og_title":"Abertas as inscri\u00e7\u00f5es para o Concurso de reda\u00e7\u00e3o e de desenho do Trem da Vale &#8212; Trem da Vale","og_description":"Est\u00e3o abertas as inscri\u00e7\u00f5es para o Concurso de reda\u00e7\u00e3o e de desenho do Trem da Vale. O tema desta edi\u00e7\u00e3o \u00e9 \u201cNo trilho, no trecho, nas esta\u00e7\u00f5es: por onde o trem passa\u2026\u201d. O concurso est\u00e1 aberto para estudantes de escolas p\u00fablicas de Mariana e Ouro Preto e usu\u00e1rios cadastrados nas &hellip;","og_url":"https:\/\/tremdavale.org\/pt\/abertas-as-inscricoes-para-o-concurso-de-redacao-e-de-desenho-do-trem-da-vale\/","og_site_name":"Trem da Vale","article_published_time":"2012-04-08T00:22:00+00:00","article_modified_time":"2025-10-10T11:57:00+00:00","author":"admin","twitter_card":"summary_large_image","twitter_misc":{"Escrito por":"admin","Tempo estimado de leitura":"1 minuto"},"schema":{"@context":"https:\/\/schema.org","@graph":[{"@type":"WebPage","@id":"https:\/\/tremdavale.org\/pt\/abertas-as-inscricoes-para-o-concurso-de-redacao-e-de-desenho-do-trem-da-vale\/","url":"https:\/\/tremdavale.org\/pt\/abertas-as-inscricoes-para-o-concurso-de-redacao-e-de-desenho-do-trem-da-vale\/","name":"Abertas as inscri\u00e7\u00f5es para o Concurso de reda\u00e7\u00e3o e de desenho do Trem da Vale &#8212; Trem da Vale","isPartOf":{"@id":"https:\/\/tremdavale.org\/pt\/#website"},"datePublished":"2012-04-08T00:22:00+00:00","dateModified":"2025-10-10T11:57:00+00:00","author":{"@id":"https:\/\/tremdavale.org\/pt\/#\/schema\/person\/50912137d47426d31329f246d02eaeca"},"breadcrumb":{"@id":"https:\/\/tremdavale.org\/pt\/abertas-as-inscricoes-para-o-concurso-de-redacao-e-de-desenho-do-trem-da-vale\/#breadcrumb"},"inLanguage":"pt-PT","potentialAction":[{"@type":"ReadAction","target":["https:\/\/tremdavale.org\/pt\/abertas-as-inscricoes-para-o-concurso-de-redacao-e-de-desenho-do-trem-da-vale\/"]}]},{"@type":"BreadcrumbList","@id":"https:\/\/tremdavale.org\/pt\/abertas-as-inscricoes-para-o-concurso-de-redacao-e-de-desenho-do-trem-da-vale\/#breadcrumb","itemListElement":[{"@type":"ListItem","position":1,"name":"In\u00edcio","item":"https:\/\/tremdavale.org\/pt\/"},{"@type":"ListItem","position":2,"name":"Abertas as inscri\u00e7\u00f5es para o Concurso de reda\u00e7\u00e3o e de desenho do Trem da Vale"}]},{"@type":"WebSite","@id":"https:\/\/tremdavale.org\/pt\/#website","url":"https:\/\/tremdavale.org\/pt\/","name":"Trem da Vale","description":"Programa de Educa\u00e7\u00e3o Patrimonial","potentialAction":[{"@type":"SearchAction","target":{"@type":"EntryPoint","urlTemplate":"https:\/\/tremdavale.org\/pt\/?s={search_term_string}"},"query-input":{"@type":"PropertyValueSpecification","valueRequired":true,"valueName":"search_term_string"}}],"inLanguage":"pt-PT"},{"@type":"Person","@id":"https:\/\/tremdavale.org\/pt\/#\/schema\/person\/50912137d47426d31329f246d02eaeca","name":"admin","image":{"@type":"ImageObject","inLanguage":"pt-PT","@id":"https:\/\/tremdavale.org\/pt\/#\/schema\/person\/image\/","url":"https:\/\/secure.gravatar.com\/avatar\/b3564f0fda6ea47959fe96a4217203e79a167568a37409758659bc3ba443b452?s=96&d=mm&r=g","contentUrl":"https:\/\/secure.gravatar.com\/avatar\/b3564f0fda6ea47959fe96a4217203e79a167568a37409758659bc3ba443b452?s=96&d=mm&r=g","caption":"admin"},"sameAs":["https:\/\/tremdavale.org"],"url":"https:\/\/tremdavale.org\/pt\/author\/admin\/"}]}},"_links":{"self":[{"href":"https:\/\/tremdavale.org\/pt\/wp-json\/wp\/v2\/posts\/52","targetHints":{"allow":["GET"]}}],"collection":[{"href":"https:\/\/tremdavale.org\/pt\/wp-json\/wp\/v2\/posts"}],"about":[{"href":"https:\/\/tremdavale.org\/pt\/wp-json\/wp\/v2\/types\/post"}],"author":[{"embeddable":true,"href":"https:\/\/tremdavale.org\/pt\/wp-json\/wp\/v2\/users\/1"}],"replies":[{"embeddable":true,"href":"https:\/\/tremdavale.org\/pt\/wp-json\/wp\/v2\/comments?post=52"}],"version-history":[{"count":0,"href":"https:\/\/tremdavale.org\/pt\/wp-json\/wp\/v2\/posts\/52\/revisions"}],"wp:attachment":[{"href":"https:\/\/tremdavale.org\/pt\/wp-json\/wp\/v2\/media?parent=52"}],"wp:term":[{"taxonomy":"category","embeddable":true,"href":"https:\/\/tremdavale.org\/pt\/wp-json\/wp\/v2\/categories?post=52"},{"taxonomy":"post_tag","embeddable":true,"href":"https:\/\/tremdavale.org\/pt\/wp-json\/wp\/v2\/tags?post=52"}],"curies":[{"name":"wp","href":"https:\/\/api.w.org\/{rel}","templated":true}]}}