{"id":54,"date":"2014-04-30T00:49:00","date_gmt":"2014-04-30T00:49:00","guid":{"rendered":"https:\/\/tremdavale.org\/?p=54"},"modified":"2025-10-10T11:57:00","modified_gmt":"2025-10-10T11:57:00","slug":"abertura-da-7-oficina-de-fotografia","status":"publish","type":"post","link":"https:\/\/tremdavale.org\/pt\/abertura-da-7-oficina-de-fotografia\/","title":{"rendered":"Abertura da 7\u00aa Oficina de Fotografia Digital"},"content":{"rendered":"<p>A 7\u00aa Oficina de Fotografia Digital, realizada pelo Vale Registrar do Programa de Educa\u00e7\u00e3o Patrimonial Trem da Vale, teve in\u00edcio no dia 19 de agosto de 2013, na Esta\u00e7\u00e3o Ferrovi\u00e1ria de Ouro Preto, sob a coordena\u00e7\u00e3o do fot\u00f3grafo Dimas Guedes.<\/p>\n<p>As atividades seguem at\u00e9 o dia 24 de agosto, de segunda a s\u00e1bado, de 08 as 12 horas, com a participa\u00e7\u00e3o de 12 alunos selecionados. Ser\u00e3o tr\u00eas dias de aulas te\u00f3ricas, dois dias de registros fotogr\u00e1ficos em campo e um dia para o tratamento das fotos feitas pelos participantes da capacita\u00e7\u00e3o.<\/p>\n<p>A oficina tem como foco a composi\u00e7\u00e3o e o desenho na fotografia em preto e branco, e foi direcionada para um p\u00fablico que j\u00e1 possui a pr\u00e1tica fotogr\u00e1fica, seja profissional ou n\u00e3o.<\/p>\n<p>Para a etapa de Mariana, as atividades da oficina acontecer\u00e3o de 26 a 31 de agosto, com a mesma programa\u00e7\u00e3o de segunda a s\u00e1bado, na Esta\u00e7\u00e3o Ferrovi\u00e1ria da cidade.<\/p>\n<p>Ap\u00f3s a realiza\u00e7\u00e3o das duas etapas da oficina, est\u00e1 prevista exposi\u00e7\u00e3o com fotografias produzidas pelos pr\u00f3prios alunos, nas plataformas das Esta\u00e7\u00f5es de Mariana e de Ouro Preto.<\/p>\n<p>&nbsp;<\/p>\n<p><img loading=\"lazy\" decoding=\"async\" class=\"size-medium\" title=\"01-7c2aa-oficina-de-fotografia-digital1\" src=\"\/wp-content\/uploads\/01-7c2aa-oficina-de-fotografia-digital1-300x192.jpg\" alt=\"01-7c2aa-oficina-de-fotografia-digital1\" width=\"300\" height=\"192\"><\/p>\n<p>O instrutor da 7\u00aa Oficina de Fotografia Digital, Dimas Dario Guedes, e seus alunos, no primeiro dia de aula, na Sala Multiuso da Esta\u00e7\u00e3o Ferrovi\u00e1ria de Ouro Preto. Foto: Leonardo Penna<\/p>\n<p>&nbsp;<\/p>\n","protected":false},"excerpt":{"rendered":"<p>A 7\u00aa Oficina de Fotografia Digital, realizada pelo Vale Registrar do Programa de Educa\u00e7\u00e3o Patrimonial Trem da Vale, teve in\u00edcio no dia 19 de agosto de 2013, na Esta\u00e7\u00e3o Ferrovi\u00e1ria de Ouro Preto, sob a coordena\u00e7\u00e3o do fot\u00f3grafo Dimas Guedes. As atividades seguem at\u00e9 o dia 24 de agosto, de &hellip;<\/p>\n","protected":false},"author":1,"featured_media":359,"comment_status":"open","ping_status":"closed","sticky":false,"template":"","format":"standard","meta":{"footnotes":""},"categories":[2],"tags":[],"class_list":["post-54","post","type-post","status-publish","format-standard","has-post-thumbnail","hentry","category-destaques-home"],"yoast_head":"<!-- This site is optimized with the Yoast SEO plugin v26.1.1 - https:\/\/yoast.com\/wordpress\/plugins\/seo\/ -->\n<title>Abertura da 7\u00aa Oficina de Fotografia Digital &#8212; Trem da Vale<\/title>\n<meta name=\"robots\" content=\"index, follow, max-snippet:-1, max-image-preview:large, max-video-preview:-1\" \/>\n<link rel=\"canonical\" href=\"https:\/\/tremdavale.org\/pt\/abertura-da-7-oficina-de-fotografia\/\" \/>\n<meta property=\"og:locale\" content=\"pt_PT\" \/>\n<meta property=\"og:type\" content=\"article\" \/>\n<meta property=\"og:title\" content=\"Abertura da 7\u00aa Oficina de Fotografia Digital &#8212; Trem da Vale\" \/>\n<meta property=\"og:description\" content=\"A 7\u00aa Oficina de Fotografia Digital, realizada pelo Vale Registrar do Programa de Educa\u00e7\u00e3o Patrimonial Trem da Vale, teve in\u00edcio no dia 19 de agosto de 2013, na Esta\u00e7\u00e3o Ferrovi\u00e1ria de Ouro Preto, sob a coordena\u00e7\u00e3o do fot\u00f3grafo Dimas Guedes. As atividades seguem at\u00e9 o dia 24 de agosto, de &hellip;\" \/>\n<meta property=\"og:url\" content=\"https:\/\/tremdavale.org\/pt\/abertura-da-7-oficina-de-fotografia\/\" \/>\n<meta property=\"og:site_name\" content=\"Trem da Vale\" \/>\n<meta property=\"article:published_time\" content=\"2014-04-30T00:49:00+00:00\" \/>\n<meta property=\"article:modified_time\" content=\"2025-10-10T11:57:00+00:00\" \/>\n<meta property=\"og:image\" content=\"https:\/\/tremdavale.org\/wp-content\/uploads\/01-7c2aa-oficina-de-fotografia-digital1-300x192.jpg\" \/>\n\t<meta property=\"og:image:width\" content=\"300\" \/>\n\t<meta property=\"og:image:height\" content=\"192\" \/>\n\t<meta property=\"og:image:type\" content=\"image\/jpeg\" \/>\n<meta name=\"author\" content=\"admin\" \/>\n<meta name=\"twitter:card\" content=\"summary_large_image\" \/>\n<meta name=\"twitter:label1\" content=\"Escrito por\" \/>\n\t<meta name=\"twitter:data1\" content=\"admin\" \/>\n\t<meta name=\"twitter:label2\" content=\"Tempo estimado de leitura\" \/>\n\t<meta name=\"twitter:data2\" content=\"1 minuto\" \/>\n<script type=\"application\/ld+json\" class=\"yoast-schema-graph\">{\"@context\":\"https:\/\/schema.org\",\"@graph\":[{\"@type\":\"WebPage\",\"@id\":\"https:\/\/tremdavale.org\/pt\/abertura-da-7-oficina-de-fotografia\/\",\"url\":\"https:\/\/tremdavale.org\/pt\/abertura-da-7-oficina-de-fotografia\/\",\"name\":\"Abertura da 7\u00aa Oficina de Fotografia Digital &#8212; Trem da Vale\",\"isPartOf\":{\"@id\":\"https:\/\/tremdavale.org\/pt\/#website\"},\"primaryImageOfPage\":{\"@id\":\"https:\/\/tremdavale.org\/pt\/abertura-da-7-oficina-de-fotografia\/#primaryimage\"},\"image\":{\"@id\":\"https:\/\/tremdavale.org\/pt\/abertura-da-7-oficina-de-fotografia\/#primaryimage\"},\"thumbnailUrl\":\"https:\/\/tremdavale.org\/wp-content\/uploads\/01-7c2aa-oficina-de-fotografia-digital1-300x192.jpg\",\"datePublished\":\"2014-04-30T00:49:00+00:00\",\"dateModified\":\"2025-10-10T11:57:00+00:00\",\"author\":{\"@id\":\"https:\/\/tremdavale.org\/pt\/#\/schema\/person\/50912137d47426d31329f246d02eaeca\"},\"breadcrumb\":{\"@id\":\"https:\/\/tremdavale.org\/pt\/abertura-da-7-oficina-de-fotografia\/#breadcrumb\"},\"inLanguage\":\"pt-PT\",\"potentialAction\":[{\"@type\":\"ReadAction\",\"target\":[\"https:\/\/tremdavale.org\/pt\/abertura-da-7-oficina-de-fotografia\/\"]}]},{\"@type\":\"ImageObject\",\"inLanguage\":\"pt-PT\",\"@id\":\"https:\/\/tremdavale.org\/pt\/abertura-da-7-oficina-de-fotografia\/#primaryimage\",\"url\":\"https:\/\/tremdavale.org\/wp-content\/uploads\/01-7c2aa-oficina-de-fotografia-digital1-300x192.jpg\",\"contentUrl\":\"https:\/\/tremdavale.org\/wp-content\/uploads\/01-7c2aa-oficina-de-fotografia-digital1-300x192.jpg\",\"width\":300,\"height\":192},{\"@type\":\"BreadcrumbList\",\"@id\":\"https:\/\/tremdavale.org\/pt\/abertura-da-7-oficina-de-fotografia\/#breadcrumb\",\"itemListElement\":[{\"@type\":\"ListItem\",\"position\":1,\"name\":\"In\u00edcio\",\"item\":\"https:\/\/tremdavale.org\/pt\/\"},{\"@type\":\"ListItem\",\"position\":2,\"name\":\"Abertura da 7\u00aa Oficina de Fotografia Digital\"}]},{\"@type\":\"WebSite\",\"@id\":\"https:\/\/tremdavale.org\/pt\/#website\",\"url\":\"https:\/\/tremdavale.org\/pt\/\",\"name\":\"Trem da Vale\",\"description\":\"Programa de Educa\u00e7\u00e3o Patrimonial\",\"potentialAction\":[{\"@type\":\"SearchAction\",\"target\":{\"@type\":\"EntryPoint\",\"urlTemplate\":\"https:\/\/tremdavale.org\/pt\/?s={search_term_string}\"},\"query-input\":{\"@type\":\"PropertyValueSpecification\",\"valueRequired\":true,\"valueName\":\"search_term_string\"}}],\"inLanguage\":\"pt-PT\"},{\"@type\":\"Person\",\"@id\":\"https:\/\/tremdavale.org\/pt\/#\/schema\/person\/50912137d47426d31329f246d02eaeca\",\"name\":\"admin\",\"image\":{\"@type\":\"ImageObject\",\"inLanguage\":\"pt-PT\",\"@id\":\"https:\/\/tremdavale.org\/pt\/#\/schema\/person\/image\/\",\"url\":\"https:\/\/secure.gravatar.com\/avatar\/b3564f0fda6ea47959fe96a4217203e79a167568a37409758659bc3ba443b452?s=96&d=mm&r=g\",\"contentUrl\":\"https:\/\/secure.gravatar.com\/avatar\/b3564f0fda6ea47959fe96a4217203e79a167568a37409758659bc3ba443b452?s=96&d=mm&r=g\",\"caption\":\"admin\"},\"sameAs\":[\"https:\/\/tremdavale.org\"],\"url\":\"https:\/\/tremdavale.org\/pt\/author\/admin\/\"}]}<\/script>\n<!-- \/ Yoast SEO plugin. -->","yoast_head_json":{"title":"Abertura da 7\u00aa Oficina de Fotografia Digital &#8212; Trem da Vale","robots":{"index":"index","follow":"follow","max-snippet":"max-snippet:-1","max-image-preview":"max-image-preview:large","max-video-preview":"max-video-preview:-1"},"canonical":"https:\/\/tremdavale.org\/pt\/abertura-da-7-oficina-de-fotografia\/","og_locale":"pt_PT","og_type":"article","og_title":"Abertura da 7\u00aa Oficina de Fotografia Digital &#8212; Trem da Vale","og_description":"A 7\u00aa Oficina de Fotografia Digital, realizada pelo Vale Registrar do Programa de Educa\u00e7\u00e3o Patrimonial Trem da Vale, teve in\u00edcio no dia 19 de agosto de 2013, na Esta\u00e7\u00e3o Ferrovi\u00e1ria de Ouro Preto, sob a coordena\u00e7\u00e3o do fot\u00f3grafo Dimas Guedes. As atividades seguem at\u00e9 o dia 24 de agosto, de &hellip;","og_url":"https:\/\/tremdavale.org\/pt\/abertura-da-7-oficina-de-fotografia\/","og_site_name":"Trem da Vale","article_published_time":"2014-04-30T00:49:00+00:00","article_modified_time":"2025-10-10T11:57:00+00:00","og_image":[{"width":300,"height":192,"url":"https:\/\/tremdavale.org\/wp-content\/uploads\/01-7c2aa-oficina-de-fotografia-digital1-300x192.jpg","type":"image\/jpeg"}],"author":"admin","twitter_card":"summary_large_image","twitter_misc":{"Escrito por":"admin","Tempo estimado de leitura":"1 minuto"},"schema":{"@context":"https:\/\/schema.org","@graph":[{"@type":"WebPage","@id":"https:\/\/tremdavale.org\/pt\/abertura-da-7-oficina-de-fotografia\/","url":"https:\/\/tremdavale.org\/pt\/abertura-da-7-oficina-de-fotografia\/","name":"Abertura da 7\u00aa Oficina de Fotografia Digital &#8212; Trem da Vale","isPartOf":{"@id":"https:\/\/tremdavale.org\/pt\/#website"},"primaryImageOfPage":{"@id":"https:\/\/tremdavale.org\/pt\/abertura-da-7-oficina-de-fotografia\/#primaryimage"},"image":{"@id":"https:\/\/tremdavale.org\/pt\/abertura-da-7-oficina-de-fotografia\/#primaryimage"},"thumbnailUrl":"https:\/\/tremdavale.org\/wp-content\/uploads\/01-7c2aa-oficina-de-fotografia-digital1-300x192.jpg","datePublished":"2014-04-30T00:49:00+00:00","dateModified":"2025-10-10T11:57:00+00:00","author":{"@id":"https:\/\/tremdavale.org\/pt\/#\/schema\/person\/50912137d47426d31329f246d02eaeca"},"breadcrumb":{"@id":"https:\/\/tremdavale.org\/pt\/abertura-da-7-oficina-de-fotografia\/#breadcrumb"},"inLanguage":"pt-PT","potentialAction":[{"@type":"ReadAction","target":["https:\/\/tremdavale.org\/pt\/abertura-da-7-oficina-de-fotografia\/"]}]},{"@type":"ImageObject","inLanguage":"pt-PT","@id":"https:\/\/tremdavale.org\/pt\/abertura-da-7-oficina-de-fotografia\/#primaryimage","url":"https:\/\/tremdavale.org\/wp-content\/uploads\/01-7c2aa-oficina-de-fotografia-digital1-300x192.jpg","contentUrl":"https:\/\/tremdavale.org\/wp-content\/uploads\/01-7c2aa-oficina-de-fotografia-digital1-300x192.jpg","width":300,"height":192},{"@type":"BreadcrumbList","@id":"https:\/\/tremdavale.org\/pt\/abertura-da-7-oficina-de-fotografia\/#breadcrumb","itemListElement":[{"@type":"ListItem","position":1,"name":"In\u00edcio","item":"https:\/\/tremdavale.org\/pt\/"},{"@type":"ListItem","position":2,"name":"Abertura da 7\u00aa Oficina de Fotografia Digital"}]},{"@type":"WebSite","@id":"https:\/\/tremdavale.org\/pt\/#website","url":"https:\/\/tremdavale.org\/pt\/","name":"Trem da Vale","description":"Programa de Educa\u00e7\u00e3o Patrimonial","potentialAction":[{"@type":"SearchAction","target":{"@type":"EntryPoint","urlTemplate":"https:\/\/tremdavale.org\/pt\/?s={search_term_string}"},"query-input":{"@type":"PropertyValueSpecification","valueRequired":true,"valueName":"search_term_string"}}],"inLanguage":"pt-PT"},{"@type":"Person","@id":"https:\/\/tremdavale.org\/pt\/#\/schema\/person\/50912137d47426d31329f246d02eaeca","name":"admin","image":{"@type":"ImageObject","inLanguage":"pt-PT","@id":"https:\/\/tremdavale.org\/pt\/#\/schema\/person\/image\/","url":"https:\/\/secure.gravatar.com\/avatar\/b3564f0fda6ea47959fe96a4217203e79a167568a37409758659bc3ba443b452?s=96&d=mm&r=g","contentUrl":"https:\/\/secure.gravatar.com\/avatar\/b3564f0fda6ea47959fe96a4217203e79a167568a37409758659bc3ba443b452?s=96&d=mm&r=g","caption":"admin"},"sameAs":["https:\/\/tremdavale.org"],"url":"https:\/\/tremdavale.org\/pt\/author\/admin\/"}]}},"_links":{"self":[{"href":"https:\/\/tremdavale.org\/pt\/wp-json\/wp\/v2\/posts\/54","targetHints":{"allow":["GET"]}}],"collection":[{"href":"https:\/\/tremdavale.org\/pt\/wp-json\/wp\/v2\/posts"}],"about":[{"href":"https:\/\/tremdavale.org\/pt\/wp-json\/wp\/v2\/types\/post"}],"author":[{"embeddable":true,"href":"https:\/\/tremdavale.org\/pt\/wp-json\/wp\/v2\/users\/1"}],"replies":[{"embeddable":true,"href":"https:\/\/tremdavale.org\/pt\/wp-json\/wp\/v2\/comments?post=54"}],"version-history":[{"count":0,"href":"https:\/\/tremdavale.org\/pt\/wp-json\/wp\/v2\/posts\/54\/revisions"}],"wp:featuredmedia":[{"embeddable":true,"href":"https:\/\/tremdavale.org\/pt\/wp-json\/wp\/v2\/media\/359"}],"wp:attachment":[{"href":"https:\/\/tremdavale.org\/pt\/wp-json\/wp\/v2\/media?parent=54"}],"wp:term":[{"taxonomy":"category","embeddable":true,"href":"https:\/\/tremdavale.org\/pt\/wp-json\/wp\/v2\/categories?post=54"},{"taxonomy":"post_tag","embeddable":true,"href":"https:\/\/tremdavale.org\/pt\/wp-json\/wp\/v2\/tags?post=54"}],"curies":[{"name":"wp","href":"https:\/\/api.w.org\/{rel}","templated":true}]}}