{"id":57,"date":"2013-08-25T04:46:00","date_gmt":"2013-08-25T04:46:00","guid":{"rendered":"https:\/\/tremdavale.org\/?p=57"},"modified":"2025-10-10T11:57:00","modified_gmt":"2025-10-10T11:57:00","slug":"abertura-da-exposicao-fotografica-da-5-oficina-de-fotografia-digital-na-sacristia-da-igreja-de-nossa-senhora-do-rosario-dos-pretos-em-mariana","status":"publish","type":"post","link":"https:\/\/tremdavale.org\/pt\/abertura-da-exposicao-fotografica-da-5-oficina-de-fotografia-digital-na-sacristia-da-igreja-de-nossa-senhora-do-rosario-dos-pretos-em-mariana\/","title":{"rendered":"Abertura da Exposi\u00e7\u00e3o Fotogr\u00e1fica da 5\u00aa Oficina de Fotografia Digital na Sacristia da Igreja de Nossa Senhora do Ros\u00e1rio dos Pretos, em Mariana"},"content":{"rendered":"<p>No dia 16 de outubro de 2012, \u00e0s 10 horas, foi aberta a Exposi\u00e7\u00e3o Fotogr\u00e1fica relativa \u00e0 5\u00aa Oficina de Fotografia Digital promovida pelo Vale Registrar, na Sacristia da Igreja de Nossa Senhora do Ros\u00e1rio dos Pretos, em Mariana. &nbsp;Na ocasi\u00e3o, contamos com a presen\u00e7a de v\u00e1rias pessoas da comunidade, inclusive de moradores que tiveram seus trabalhos ou sua resid\u00eancia registrados pelos alunos da oficina, cujas fotografias integram a exposi\u00e7\u00e3o.<\/p>\n<p><em><\/em><\/p>\n<p><em>O artista&nbsp;Roque Raimundo de Oliveira que teve suas obras registradas (pinturas e arte em cimento e ferro) disse que quando faz seus trabalhos n\u00e3o d\u00e1 tanto valor aos mesmos, mas depois fica satisfeito em perceber como outras pessoas os admiram. Roque acrescenta que ficou bem feliz em ver suas obras fazerem parte de uma exposi\u00e7\u00e3o fotogr\u00e1fica, que busca valorizar os patrim\u00f4nios que temos em Mariana e Ouro Preto.<\/em><\/p>\n<p><em><\/em><\/p>\n<p><em>O senhor Hamilton Vieira de Carvalho tamb\u00e9m disse ter ficado muito satisfeito em ver sua casa no bairro Santana registrada, ressaltando que, segundo ele, \u201ca constru\u00e7\u00e3o \u00e9 de 1703, onde funcionou a primeira casa de sa\u00fade da cidade de Mariana\u201d.<\/em><\/p>\n<p>A Igreja est\u00e1 localizada na Pra\u00e7a do Ros\u00e1rio, s\/n\u00ba, bairro Ros\u00e1rio. A exposi\u00e7\u00e3o poder\u00e1 ser apreciada de segunda a sexta, de 13h30 \u00e0s 20 horas, aos s\u00e1bados de 08h \u00e0s 11h e de 16h \u00e0s 18 horas, e aos domingos de 07h \u00e0s 11h e de 16h \u00e0s 20 horas, at\u00e9 o dia 28 de outubro de 2012.<\/p>\n<p>&nbsp;<\/p>\n<p><img loading=\"lazy\" decoding=\"async\" class=\"size-medium\" title=\"01-expo-foto-5c2aa-ofic-rosario-ma\" src=\"\/wp-content\/uploads\/01-expo-foto-5c2aa-ofic-rosario-ma-300x220.jpg\" alt=\"01-expo-foto-5c2aa-ofic-rosario-ma\" width=\"300\" height=\"220\"><\/p>\n<p>Visitante observa a exposi\u00e7\u00e3o fotogr\u00e1fica da 5\u00aa Oficina de Fotografia Digital montada na Sacristia da Igreja de Nossa Senhora do Ros\u00e1rio dos Pretos, no Bairro Ros\u00e1rio em Mariana. Foto: Rosilene Figueiredo<\/p>\n<p>&nbsp;<\/p>\n<p><img loading=\"lazy\" decoding=\"async\" class=\"size-medium\" title=\"02-expo-foto-5c2aa-ofic-rosario-ma1\" src=\"\/wp-content\/uploads\/02-expo-foto-5c2aa-ofic-rosario-ma1-300x233.jpg\" alt=\"02-expo-foto-5c2aa-ofic-rosario-ma1\" width=\"300\" height=\"233\"><\/p>\n<p>A comunidade aprecia as fotos da 5\u00aa Oficina de Fotografia Digital na Sacristia da Igreja de Nossa Senhora do Ros\u00e1rio dos Pretos, em Mariana. Foto: Rosilene Figueiredo<\/p>\n<p>&nbsp;<\/p>\n","protected":false},"excerpt":{"rendered":"<p>No dia 16 de outubro de 2012, \u00e0s 10 horas, foi aberta a Exposi\u00e7\u00e3o Fotogr\u00e1fica relativa \u00e0 5\u00aa Oficina de Fotografia Digital promovida pelo Vale Registrar, na Sacristia da Igreja de Nossa Senhora do Ros\u00e1rio dos Pretos, em Mariana. &nbsp;Na ocasi\u00e3o, contamos com a presen\u00e7a de v\u00e1rias pessoas da comunidade, &hellip;<\/p>\n","protected":false},"author":1,"featured_media":362,"comment_status":"open","ping_status":"closed","sticky":false,"template":"","format":"standard","meta":{"footnotes":""},"categories":[2],"tags":[],"class_list":["post-57","post","type-post","status-publish","format-standard","has-post-thumbnail","hentry","category-destaques-home"],"yoast_head":"<!-- This site is optimized with the Yoast SEO plugin v26.1.1 - https:\/\/yoast.com\/wordpress\/plugins\/seo\/ -->\n<title>Abertura da Exposi\u00e7\u00e3o Fotogr\u00e1fica da 5\u00aa Oficina de Fotografia Digital na Sacristia da Igreja de Nossa Senhora do Ros\u00e1rio dos Pretos, em Mariana &#8212; Trem da Vale<\/title>\n<meta name=\"robots\" content=\"index, follow, max-snippet:-1, max-image-preview:large, max-video-preview:-1\" \/>\n<link rel=\"canonical\" href=\"https:\/\/tremdavale.org\/pt\/abertura-da-exposicao-fotografica-da-5-oficina-de-fotografia-digital-na-sacristia-da-igreja-de-nossa-senhora-do-rosario-dos-pretos-em-mariana\/\" \/>\n<meta property=\"og:locale\" content=\"pt_PT\" \/>\n<meta property=\"og:type\" content=\"article\" \/>\n<meta property=\"og:title\" content=\"Abertura da Exposi\u00e7\u00e3o Fotogr\u00e1fica da 5\u00aa Oficina de Fotografia Digital na Sacristia da Igreja de Nossa Senhora do Ros\u00e1rio dos Pretos, em Mariana &#8212; Trem da Vale\" \/>\n<meta property=\"og:description\" content=\"No dia 16 de outubro de 2012, \u00e0s 10 horas, foi aberta a Exposi\u00e7\u00e3o Fotogr\u00e1fica relativa \u00e0 5\u00aa Oficina de Fotografia Digital promovida pelo Vale Registrar, na Sacristia da Igreja de Nossa Senhora do Ros\u00e1rio dos Pretos, em Mariana. &nbsp;Na ocasi\u00e3o, contamos com a presen\u00e7a de v\u00e1rias pessoas da comunidade, &hellip;\" \/>\n<meta property=\"og:url\" content=\"https:\/\/tremdavale.org\/pt\/abertura-da-exposicao-fotografica-da-5-oficina-de-fotografia-digital-na-sacristia-da-igreja-de-nossa-senhora-do-rosario-dos-pretos-em-mariana\/\" \/>\n<meta property=\"og:site_name\" content=\"Trem da Vale\" \/>\n<meta property=\"article:published_time\" content=\"2013-08-25T04:46:00+00:00\" \/>\n<meta property=\"article:modified_time\" content=\"2025-10-10T11:57:00+00:00\" \/>\n<meta property=\"og:image\" content=\"https:\/\/tremdavale.org\/wp-content\/uploads\/01-expo-foto-5c2aa-ofic-rosario-ma-300x220.jpg\" \/>\n\t<meta property=\"og:image:width\" content=\"300\" \/>\n\t<meta property=\"og:image:height\" content=\"220\" \/>\n\t<meta property=\"og:image:type\" content=\"image\/jpeg\" \/>\n<meta name=\"author\" content=\"admin\" \/>\n<meta name=\"twitter:card\" content=\"summary_large_image\" \/>\n<meta name=\"twitter:label1\" content=\"Escrito por\" \/>\n\t<meta name=\"twitter:data1\" content=\"admin\" \/>\n\t<meta name=\"twitter:label2\" content=\"Tempo estimado de leitura\" \/>\n\t<meta name=\"twitter:data2\" content=\"2 minutos\" \/>\n<script type=\"application\/ld+json\" class=\"yoast-schema-graph\">{\"@context\":\"https:\/\/schema.org\",\"@graph\":[{\"@type\":\"WebPage\",\"@id\":\"https:\/\/tremdavale.org\/pt\/abertura-da-exposicao-fotografica-da-5-oficina-de-fotografia-digital-na-sacristia-da-igreja-de-nossa-senhora-do-rosario-dos-pretos-em-mariana\/\",\"url\":\"https:\/\/tremdavale.org\/pt\/abertura-da-exposicao-fotografica-da-5-oficina-de-fotografia-digital-na-sacristia-da-igreja-de-nossa-senhora-do-rosario-dos-pretos-em-mariana\/\",\"name\":\"Abertura da Exposi\u00e7\u00e3o Fotogr\u00e1fica da 5\u00aa Oficina de Fotografia Digital na Sacristia da Igreja de Nossa Senhora do Ros\u00e1rio dos Pretos, em Mariana &#8212; Trem da Vale\",\"isPartOf\":{\"@id\":\"https:\/\/tremdavale.org\/pt\/#website\"},\"primaryImageOfPage\":{\"@id\":\"https:\/\/tremdavale.org\/pt\/abertura-da-exposicao-fotografica-da-5-oficina-de-fotografia-digital-na-sacristia-da-igreja-de-nossa-senhora-do-rosario-dos-pretos-em-mariana\/#primaryimage\"},\"image\":{\"@id\":\"https:\/\/tremdavale.org\/pt\/abertura-da-exposicao-fotografica-da-5-oficina-de-fotografia-digital-na-sacristia-da-igreja-de-nossa-senhora-do-rosario-dos-pretos-em-mariana\/#primaryimage\"},\"thumbnailUrl\":\"https:\/\/tremdavale.org\/wp-content\/uploads\/01-expo-foto-5c2aa-ofic-rosario-ma-300x220.jpg\",\"datePublished\":\"2013-08-25T04:46:00+00:00\",\"dateModified\":\"2025-10-10T11:57:00+00:00\",\"author\":{\"@id\":\"https:\/\/tremdavale.org\/pt\/#\/schema\/person\/50912137d47426d31329f246d02eaeca\"},\"breadcrumb\":{\"@id\":\"https:\/\/tremdavale.org\/pt\/abertura-da-exposicao-fotografica-da-5-oficina-de-fotografia-digital-na-sacristia-da-igreja-de-nossa-senhora-do-rosario-dos-pretos-em-mariana\/#breadcrumb\"},\"inLanguage\":\"pt-PT\",\"potentialAction\":[{\"@type\":\"ReadAction\",\"target\":[\"https:\/\/tremdavale.org\/pt\/abertura-da-exposicao-fotografica-da-5-oficina-de-fotografia-digital-na-sacristia-da-igreja-de-nossa-senhora-do-rosario-dos-pretos-em-mariana\/\"]}]},{\"@type\":\"ImageObject\",\"inLanguage\":\"pt-PT\",\"@id\":\"https:\/\/tremdavale.org\/pt\/abertura-da-exposicao-fotografica-da-5-oficina-de-fotografia-digital-na-sacristia-da-igreja-de-nossa-senhora-do-rosario-dos-pretos-em-mariana\/#primaryimage\",\"url\":\"https:\/\/tremdavale.org\/wp-content\/uploads\/01-expo-foto-5c2aa-ofic-rosario-ma-300x220.jpg\",\"contentUrl\":\"https:\/\/tremdavale.org\/wp-content\/uploads\/01-expo-foto-5c2aa-ofic-rosario-ma-300x220.jpg\",\"width\":300,\"height\":220},{\"@type\":\"BreadcrumbList\",\"@id\":\"https:\/\/tremdavale.org\/pt\/abertura-da-exposicao-fotografica-da-5-oficina-de-fotografia-digital-na-sacristia-da-igreja-de-nossa-senhora-do-rosario-dos-pretos-em-mariana\/#breadcrumb\",\"itemListElement\":[{\"@type\":\"ListItem\",\"position\":1,\"name\":\"In\u00edcio\",\"item\":\"https:\/\/tremdavale.org\/pt\/\"},{\"@type\":\"ListItem\",\"position\":2,\"name\":\"Abertura da Exposi\u00e7\u00e3o Fotogr\u00e1fica da 5\u00aa Oficina de Fotografia Digital na Sacristia da Igreja de Nossa Senhora do Ros\u00e1rio dos Pretos, em Mariana\"}]},{\"@type\":\"WebSite\",\"@id\":\"https:\/\/tremdavale.org\/pt\/#website\",\"url\":\"https:\/\/tremdavale.org\/pt\/\",\"name\":\"Trem da Vale\",\"description\":\"Programa de Educa\u00e7\u00e3o Patrimonial\",\"potentialAction\":[{\"@type\":\"SearchAction\",\"target\":{\"@type\":\"EntryPoint\",\"urlTemplate\":\"https:\/\/tremdavale.org\/pt\/?s={search_term_string}\"},\"query-input\":{\"@type\":\"PropertyValueSpecification\",\"valueRequired\":true,\"valueName\":\"search_term_string\"}}],\"inLanguage\":\"pt-PT\"},{\"@type\":\"Person\",\"@id\":\"https:\/\/tremdavale.org\/pt\/#\/schema\/person\/50912137d47426d31329f246d02eaeca\",\"name\":\"admin\",\"image\":{\"@type\":\"ImageObject\",\"inLanguage\":\"pt-PT\",\"@id\":\"https:\/\/tremdavale.org\/pt\/#\/schema\/person\/image\/\",\"url\":\"https:\/\/secure.gravatar.com\/avatar\/b3564f0fda6ea47959fe96a4217203e79a167568a37409758659bc3ba443b452?s=96&d=mm&r=g\",\"contentUrl\":\"https:\/\/secure.gravatar.com\/avatar\/b3564f0fda6ea47959fe96a4217203e79a167568a37409758659bc3ba443b452?s=96&d=mm&r=g\",\"caption\":\"admin\"},\"sameAs\":[\"https:\/\/tremdavale.org\"],\"url\":\"https:\/\/tremdavale.org\/pt\/author\/admin\/\"}]}<\/script>\n<!-- \/ Yoast SEO plugin. -->","yoast_head_json":{"title":"Abertura da Exposi\u00e7\u00e3o Fotogr\u00e1fica da 5\u00aa Oficina de Fotografia Digital na Sacristia da Igreja de Nossa Senhora do Ros\u00e1rio dos Pretos, em Mariana &#8212; Trem da Vale","robots":{"index":"index","follow":"follow","max-snippet":"max-snippet:-1","max-image-preview":"max-image-preview:large","max-video-preview":"max-video-preview:-1"},"canonical":"https:\/\/tremdavale.org\/pt\/abertura-da-exposicao-fotografica-da-5-oficina-de-fotografia-digital-na-sacristia-da-igreja-de-nossa-senhora-do-rosario-dos-pretos-em-mariana\/","og_locale":"pt_PT","og_type":"article","og_title":"Abertura da Exposi\u00e7\u00e3o Fotogr\u00e1fica da 5\u00aa Oficina de Fotografia Digital na Sacristia da Igreja de Nossa Senhora do Ros\u00e1rio dos Pretos, em Mariana &#8212; Trem da Vale","og_description":"No dia 16 de outubro de 2012, \u00e0s 10 horas, foi aberta a Exposi\u00e7\u00e3o Fotogr\u00e1fica relativa \u00e0 5\u00aa Oficina de Fotografia Digital promovida pelo Vale Registrar, na Sacristia da Igreja de Nossa Senhora do Ros\u00e1rio dos Pretos, em Mariana. &nbsp;Na ocasi\u00e3o, contamos com a presen\u00e7a de v\u00e1rias pessoas da comunidade, &hellip;","og_url":"https:\/\/tremdavale.org\/pt\/abertura-da-exposicao-fotografica-da-5-oficina-de-fotografia-digital-na-sacristia-da-igreja-de-nossa-senhora-do-rosario-dos-pretos-em-mariana\/","og_site_name":"Trem da Vale","article_published_time":"2013-08-25T04:46:00+00:00","article_modified_time":"2025-10-10T11:57:00+00:00","og_image":[{"width":300,"height":220,"url":"https:\/\/tremdavale.org\/wp-content\/uploads\/01-expo-foto-5c2aa-ofic-rosario-ma-300x220.jpg","type":"image\/jpeg"}],"author":"admin","twitter_card":"summary_large_image","twitter_misc":{"Escrito por":"admin","Tempo estimado de leitura":"2 minutos"},"schema":{"@context":"https:\/\/schema.org","@graph":[{"@type":"WebPage","@id":"https:\/\/tremdavale.org\/pt\/abertura-da-exposicao-fotografica-da-5-oficina-de-fotografia-digital-na-sacristia-da-igreja-de-nossa-senhora-do-rosario-dos-pretos-em-mariana\/","url":"https:\/\/tremdavale.org\/pt\/abertura-da-exposicao-fotografica-da-5-oficina-de-fotografia-digital-na-sacristia-da-igreja-de-nossa-senhora-do-rosario-dos-pretos-em-mariana\/","name":"Abertura da Exposi\u00e7\u00e3o Fotogr\u00e1fica da 5\u00aa Oficina de Fotografia Digital na Sacristia da Igreja de Nossa Senhora do Ros\u00e1rio dos Pretos, em Mariana &#8212; Trem da Vale","isPartOf":{"@id":"https:\/\/tremdavale.org\/pt\/#website"},"primaryImageOfPage":{"@id":"https:\/\/tremdavale.org\/pt\/abertura-da-exposicao-fotografica-da-5-oficina-de-fotografia-digital-na-sacristia-da-igreja-de-nossa-senhora-do-rosario-dos-pretos-em-mariana\/#primaryimage"},"image":{"@id":"https:\/\/tremdavale.org\/pt\/abertura-da-exposicao-fotografica-da-5-oficina-de-fotografia-digital-na-sacristia-da-igreja-de-nossa-senhora-do-rosario-dos-pretos-em-mariana\/#primaryimage"},"thumbnailUrl":"https:\/\/tremdavale.org\/wp-content\/uploads\/01-expo-foto-5c2aa-ofic-rosario-ma-300x220.jpg","datePublished":"2013-08-25T04:46:00+00:00","dateModified":"2025-10-10T11:57:00+00:00","author":{"@id":"https:\/\/tremdavale.org\/pt\/#\/schema\/person\/50912137d47426d31329f246d02eaeca"},"breadcrumb":{"@id":"https:\/\/tremdavale.org\/pt\/abertura-da-exposicao-fotografica-da-5-oficina-de-fotografia-digital-na-sacristia-da-igreja-de-nossa-senhora-do-rosario-dos-pretos-em-mariana\/#breadcrumb"},"inLanguage":"pt-PT","potentialAction":[{"@type":"ReadAction","target":["https:\/\/tremdavale.org\/pt\/abertura-da-exposicao-fotografica-da-5-oficina-de-fotografia-digital-na-sacristia-da-igreja-de-nossa-senhora-do-rosario-dos-pretos-em-mariana\/"]}]},{"@type":"ImageObject","inLanguage":"pt-PT","@id":"https:\/\/tremdavale.org\/pt\/abertura-da-exposicao-fotografica-da-5-oficina-de-fotografia-digital-na-sacristia-da-igreja-de-nossa-senhora-do-rosario-dos-pretos-em-mariana\/#primaryimage","url":"https:\/\/tremdavale.org\/wp-content\/uploads\/01-expo-foto-5c2aa-ofic-rosario-ma-300x220.jpg","contentUrl":"https:\/\/tremdavale.org\/wp-content\/uploads\/01-expo-foto-5c2aa-ofic-rosario-ma-300x220.jpg","width":300,"height":220},{"@type":"BreadcrumbList","@id":"https:\/\/tremdavale.org\/pt\/abertura-da-exposicao-fotografica-da-5-oficina-de-fotografia-digital-na-sacristia-da-igreja-de-nossa-senhora-do-rosario-dos-pretos-em-mariana\/#breadcrumb","itemListElement":[{"@type":"ListItem","position":1,"name":"In\u00edcio","item":"https:\/\/tremdavale.org\/pt\/"},{"@type":"ListItem","position":2,"name":"Abertura da Exposi\u00e7\u00e3o Fotogr\u00e1fica da 5\u00aa Oficina de Fotografia Digital na Sacristia da Igreja de Nossa Senhora do Ros\u00e1rio dos Pretos, em Mariana"}]},{"@type":"WebSite","@id":"https:\/\/tremdavale.org\/pt\/#website","url":"https:\/\/tremdavale.org\/pt\/","name":"Trem da Vale","description":"Programa de Educa\u00e7\u00e3o Patrimonial","potentialAction":[{"@type":"SearchAction","target":{"@type":"EntryPoint","urlTemplate":"https:\/\/tremdavale.org\/pt\/?s={search_term_string}"},"query-input":{"@type":"PropertyValueSpecification","valueRequired":true,"valueName":"search_term_string"}}],"inLanguage":"pt-PT"},{"@type":"Person","@id":"https:\/\/tremdavale.org\/pt\/#\/schema\/person\/50912137d47426d31329f246d02eaeca","name":"admin","image":{"@type":"ImageObject","inLanguage":"pt-PT","@id":"https:\/\/tremdavale.org\/pt\/#\/schema\/person\/image\/","url":"https:\/\/secure.gravatar.com\/avatar\/b3564f0fda6ea47959fe96a4217203e79a167568a37409758659bc3ba443b452?s=96&d=mm&r=g","contentUrl":"https:\/\/secure.gravatar.com\/avatar\/b3564f0fda6ea47959fe96a4217203e79a167568a37409758659bc3ba443b452?s=96&d=mm&r=g","caption":"admin"},"sameAs":["https:\/\/tremdavale.org"],"url":"https:\/\/tremdavale.org\/pt\/author\/admin\/"}]}},"_links":{"self":[{"href":"https:\/\/tremdavale.org\/pt\/wp-json\/wp\/v2\/posts\/57","targetHints":{"allow":["GET"]}}],"collection":[{"href":"https:\/\/tremdavale.org\/pt\/wp-json\/wp\/v2\/posts"}],"about":[{"href":"https:\/\/tremdavale.org\/pt\/wp-json\/wp\/v2\/types\/post"}],"author":[{"embeddable":true,"href":"https:\/\/tremdavale.org\/pt\/wp-json\/wp\/v2\/users\/1"}],"replies":[{"embeddable":true,"href":"https:\/\/tremdavale.org\/pt\/wp-json\/wp\/v2\/comments?post=57"}],"version-history":[{"count":0,"href":"https:\/\/tremdavale.org\/pt\/wp-json\/wp\/v2\/posts\/57\/revisions"}],"wp:featuredmedia":[{"embeddable":true,"href":"https:\/\/tremdavale.org\/pt\/wp-json\/wp\/v2\/media\/362"}],"wp:attachment":[{"href":"https:\/\/tremdavale.org\/pt\/wp-json\/wp\/v2\/media?parent=57"}],"wp:term":[{"taxonomy":"category","embeddable":true,"href":"https:\/\/tremdavale.org\/pt\/wp-json\/wp\/v2\/categories?post=57"},{"taxonomy":"post_tag","embeddable":true,"href":"https:\/\/tremdavale.org\/pt\/wp-json\/wp\/v2\/tags?post=57"}],"curies":[{"name":"wp","href":"https:\/\/api.w.org\/{rel}","templated":true}]}}