{"id":59,"date":"2013-12-19T16:51:00","date_gmt":"2013-12-19T16:51:00","guid":{"rendered":"https:\/\/tremdavale.org\/?p=59"},"modified":"2025-10-10T11:57:00","modified_gmt":"2025-10-10T11:57:00","slug":"abertura-da-exposicao-fotografica-da-7-oficina-de-fotografia-digital-na-estacao-de-mariana","status":"publish","type":"post","link":"https:\/\/tremdavale.org\/pt\/abertura-da-exposicao-fotografica-da-7-oficina-de-fotografia-digital-na-estacao-de-mariana\/","title":{"rendered":"Abertura da Exposi\u00e7\u00e3o Fotogr\u00e1fica da \u20187\u00aa Oficina de Fotografia Digital\u2019 na Esta\u00e7\u00e3o de Mariana"},"content":{"rendered":"<p>No dia 1\u00ba de outubro de 2013, \u00e0s 11 horas, na plataforma da Esta\u00e7\u00e3o de Mariana ser\u00e1 aberta a Exposi\u00e7\u00e3o Fotogr\u00e1fica relativa \u00e0 7\u00aa Oficina de Fotografia Digital, que aconteceu durante o \u00faltimo m\u00eas de agosto, promovida pelo Vale Registrar. A mostra ali permanecer\u00e1 at\u00e9 13 de outubro e poder\u00e1 ser apreciada de 3\u00aa a domingo, de 9 \u00e0s 17 horas,<\/p>\n<p>Em seu primeiro momento, a exposi\u00e7\u00e3o ocupou a plataforma&nbsp;da Esta\u00e7\u00e3o de Ouro Preto no per\u00edodo de 17 a 29 de setembro.<\/p>\n<p>&nbsp;<\/p>\n","protected":false},"excerpt":{"rendered":"<p>No dia 1\u00ba de outubro de 2013, \u00e0s 11 horas, na plataforma da Esta\u00e7\u00e3o de Mariana ser\u00e1 aberta a Exposi\u00e7\u00e3o Fotogr\u00e1fica relativa \u00e0 7\u00aa Oficina de Fotografia Digital, que aconteceu durante o \u00faltimo m\u00eas de agosto, promovida pelo Vale Registrar. A mostra ali permanecer\u00e1 at\u00e9 13 de outubro e poder\u00e1 &hellip;<\/p>\n","protected":false},"author":1,"featured_media":0,"comment_status":"open","ping_status":"closed","sticky":false,"template":"","format":"standard","meta":{"footnotes":""},"categories":[3],"tags":[],"class_list":["post-59","post","type-post","status-publish","format-standard","hentry","category-noticias"],"yoast_head":"<!-- This site is optimized with the Yoast SEO plugin v26.1.1 - https:\/\/yoast.com\/wordpress\/plugins\/seo\/ -->\n<title>Abertura da Exposi\u00e7\u00e3o Fotogr\u00e1fica da \u20187\u00aa Oficina de Fotografia Digital\u2019 na Esta\u00e7\u00e3o de Mariana &#8212; Trem da Vale<\/title>\n<meta name=\"robots\" content=\"index, follow, max-snippet:-1, max-image-preview:large, max-video-preview:-1\" \/>\n<link rel=\"canonical\" href=\"https:\/\/tremdavale.org\/pt\/abertura-da-exposicao-fotografica-da-7-oficina-de-fotografia-digital-na-estacao-de-mariana\/\" \/>\n<meta property=\"og:locale\" content=\"pt_PT\" \/>\n<meta property=\"og:type\" content=\"article\" \/>\n<meta property=\"og:title\" content=\"Abertura da Exposi\u00e7\u00e3o Fotogr\u00e1fica da \u20187\u00aa Oficina de Fotografia Digital\u2019 na Esta\u00e7\u00e3o de Mariana &#8212; Trem da Vale\" \/>\n<meta property=\"og:description\" content=\"No dia 1\u00ba de outubro de 2013, \u00e0s 11 horas, na plataforma da Esta\u00e7\u00e3o de Mariana ser\u00e1 aberta a Exposi\u00e7\u00e3o Fotogr\u00e1fica relativa \u00e0 7\u00aa Oficina de Fotografia Digital, que aconteceu durante o \u00faltimo m\u00eas de agosto, promovida pelo Vale Registrar. A mostra ali permanecer\u00e1 at\u00e9 13 de outubro e poder\u00e1 &hellip;\" \/>\n<meta property=\"og:url\" content=\"https:\/\/tremdavale.org\/pt\/abertura-da-exposicao-fotografica-da-7-oficina-de-fotografia-digital-na-estacao-de-mariana\/\" \/>\n<meta property=\"og:site_name\" content=\"Trem da Vale\" \/>\n<meta property=\"article:published_time\" content=\"2013-12-19T16:51:00+00:00\" \/>\n<meta property=\"article:modified_time\" content=\"2025-10-10T11:57:00+00:00\" \/>\n<meta name=\"author\" content=\"admin\" \/>\n<meta name=\"twitter:card\" content=\"summary_large_image\" \/>\n<meta name=\"twitter:label1\" content=\"Escrito por\" \/>\n\t<meta name=\"twitter:data1\" content=\"admin\" \/>\n<script type=\"application\/ld+json\" class=\"yoast-schema-graph\">{\"@context\":\"https:\/\/schema.org\",\"@graph\":[{\"@type\":\"WebPage\",\"@id\":\"https:\/\/tremdavale.org\/pt\/abertura-da-exposicao-fotografica-da-7-oficina-de-fotografia-digital-na-estacao-de-mariana\/\",\"url\":\"https:\/\/tremdavale.org\/pt\/abertura-da-exposicao-fotografica-da-7-oficina-de-fotografia-digital-na-estacao-de-mariana\/\",\"name\":\"Abertura da Exposi\u00e7\u00e3o Fotogr\u00e1fica da \u20187\u00aa Oficina de Fotografia Digital\u2019 na Esta\u00e7\u00e3o de Mariana &#8212; Trem da Vale\",\"isPartOf\":{\"@id\":\"https:\/\/tremdavale.org\/pt\/#website\"},\"datePublished\":\"2013-12-19T16:51:00+00:00\",\"dateModified\":\"2025-10-10T11:57:00+00:00\",\"author\":{\"@id\":\"https:\/\/tremdavale.org\/pt\/#\/schema\/person\/50912137d47426d31329f246d02eaeca\"},\"breadcrumb\":{\"@id\":\"https:\/\/tremdavale.org\/pt\/abertura-da-exposicao-fotografica-da-7-oficina-de-fotografia-digital-na-estacao-de-mariana\/#breadcrumb\"},\"inLanguage\":\"pt-PT\",\"potentialAction\":[{\"@type\":\"ReadAction\",\"target\":[\"https:\/\/tremdavale.org\/pt\/abertura-da-exposicao-fotografica-da-7-oficina-de-fotografia-digital-na-estacao-de-mariana\/\"]}]},{\"@type\":\"BreadcrumbList\",\"@id\":\"https:\/\/tremdavale.org\/pt\/abertura-da-exposicao-fotografica-da-7-oficina-de-fotografia-digital-na-estacao-de-mariana\/#breadcrumb\",\"itemListElement\":[{\"@type\":\"ListItem\",\"position\":1,\"name\":\"In\u00edcio\",\"item\":\"https:\/\/tremdavale.org\/pt\/\"},{\"@type\":\"ListItem\",\"position\":2,\"name\":\"Abertura da Exposi\u00e7\u00e3o Fotogr\u00e1fica da \u20187\u00aa Oficina de Fotografia Digital\u2019 na Esta\u00e7\u00e3o de Mariana\"}]},{\"@type\":\"WebSite\",\"@id\":\"https:\/\/tremdavale.org\/pt\/#website\",\"url\":\"https:\/\/tremdavale.org\/pt\/\",\"name\":\"Trem da Vale\",\"description\":\"Programa de Educa\u00e7\u00e3o Patrimonial\",\"potentialAction\":[{\"@type\":\"SearchAction\",\"target\":{\"@type\":\"EntryPoint\",\"urlTemplate\":\"https:\/\/tremdavale.org\/pt\/?s={search_term_string}\"},\"query-input\":{\"@type\":\"PropertyValueSpecification\",\"valueRequired\":true,\"valueName\":\"search_term_string\"}}],\"inLanguage\":\"pt-PT\"},{\"@type\":\"Person\",\"@id\":\"https:\/\/tremdavale.org\/pt\/#\/schema\/person\/50912137d47426d31329f246d02eaeca\",\"name\":\"admin\",\"image\":{\"@type\":\"ImageObject\",\"inLanguage\":\"pt-PT\",\"@id\":\"https:\/\/tremdavale.org\/pt\/#\/schema\/person\/image\/\",\"url\":\"https:\/\/secure.gravatar.com\/avatar\/b3564f0fda6ea47959fe96a4217203e79a167568a37409758659bc3ba443b452?s=96&d=mm&r=g\",\"contentUrl\":\"https:\/\/secure.gravatar.com\/avatar\/b3564f0fda6ea47959fe96a4217203e79a167568a37409758659bc3ba443b452?s=96&d=mm&r=g\",\"caption\":\"admin\"},\"sameAs\":[\"https:\/\/tremdavale.org\"],\"url\":\"https:\/\/tremdavale.org\/pt\/author\/admin\/\"}]}<\/script>\n<!-- \/ Yoast SEO plugin. -->","yoast_head_json":{"title":"Abertura da Exposi\u00e7\u00e3o Fotogr\u00e1fica da \u20187\u00aa Oficina de Fotografia Digital\u2019 na Esta\u00e7\u00e3o de Mariana &#8212; Trem da Vale","robots":{"index":"index","follow":"follow","max-snippet":"max-snippet:-1","max-image-preview":"max-image-preview:large","max-video-preview":"max-video-preview:-1"},"canonical":"https:\/\/tremdavale.org\/pt\/abertura-da-exposicao-fotografica-da-7-oficina-de-fotografia-digital-na-estacao-de-mariana\/","og_locale":"pt_PT","og_type":"article","og_title":"Abertura da Exposi\u00e7\u00e3o Fotogr\u00e1fica da \u20187\u00aa Oficina de Fotografia Digital\u2019 na Esta\u00e7\u00e3o de Mariana &#8212; Trem da Vale","og_description":"No dia 1\u00ba de outubro de 2013, \u00e0s 11 horas, na plataforma da Esta\u00e7\u00e3o de Mariana ser\u00e1 aberta a Exposi\u00e7\u00e3o Fotogr\u00e1fica relativa \u00e0 7\u00aa Oficina de Fotografia Digital, que aconteceu durante o \u00faltimo m\u00eas de agosto, promovida pelo Vale Registrar. A mostra ali permanecer\u00e1 at\u00e9 13 de outubro e poder\u00e1 &hellip;","og_url":"https:\/\/tremdavale.org\/pt\/abertura-da-exposicao-fotografica-da-7-oficina-de-fotografia-digital-na-estacao-de-mariana\/","og_site_name":"Trem da Vale","article_published_time":"2013-12-19T16:51:00+00:00","article_modified_time":"2025-10-10T11:57:00+00:00","author":"admin","twitter_card":"summary_large_image","twitter_misc":{"Escrito por":"admin"},"schema":{"@context":"https:\/\/schema.org","@graph":[{"@type":"WebPage","@id":"https:\/\/tremdavale.org\/pt\/abertura-da-exposicao-fotografica-da-7-oficina-de-fotografia-digital-na-estacao-de-mariana\/","url":"https:\/\/tremdavale.org\/pt\/abertura-da-exposicao-fotografica-da-7-oficina-de-fotografia-digital-na-estacao-de-mariana\/","name":"Abertura da Exposi\u00e7\u00e3o Fotogr\u00e1fica da \u20187\u00aa Oficina de Fotografia Digital\u2019 na Esta\u00e7\u00e3o de Mariana &#8212; Trem da Vale","isPartOf":{"@id":"https:\/\/tremdavale.org\/pt\/#website"},"datePublished":"2013-12-19T16:51:00+00:00","dateModified":"2025-10-10T11:57:00+00:00","author":{"@id":"https:\/\/tremdavale.org\/pt\/#\/schema\/person\/50912137d47426d31329f246d02eaeca"},"breadcrumb":{"@id":"https:\/\/tremdavale.org\/pt\/abertura-da-exposicao-fotografica-da-7-oficina-de-fotografia-digital-na-estacao-de-mariana\/#breadcrumb"},"inLanguage":"pt-PT","potentialAction":[{"@type":"ReadAction","target":["https:\/\/tremdavale.org\/pt\/abertura-da-exposicao-fotografica-da-7-oficina-de-fotografia-digital-na-estacao-de-mariana\/"]}]},{"@type":"BreadcrumbList","@id":"https:\/\/tremdavale.org\/pt\/abertura-da-exposicao-fotografica-da-7-oficina-de-fotografia-digital-na-estacao-de-mariana\/#breadcrumb","itemListElement":[{"@type":"ListItem","position":1,"name":"In\u00edcio","item":"https:\/\/tremdavale.org\/pt\/"},{"@type":"ListItem","position":2,"name":"Abertura da Exposi\u00e7\u00e3o Fotogr\u00e1fica da \u20187\u00aa Oficina de Fotografia Digital\u2019 na Esta\u00e7\u00e3o de Mariana"}]},{"@type":"WebSite","@id":"https:\/\/tremdavale.org\/pt\/#website","url":"https:\/\/tremdavale.org\/pt\/","name":"Trem da Vale","description":"Programa de Educa\u00e7\u00e3o Patrimonial","potentialAction":[{"@type":"SearchAction","target":{"@type":"EntryPoint","urlTemplate":"https:\/\/tremdavale.org\/pt\/?s={search_term_string}"},"query-input":{"@type":"PropertyValueSpecification","valueRequired":true,"valueName":"search_term_string"}}],"inLanguage":"pt-PT"},{"@type":"Person","@id":"https:\/\/tremdavale.org\/pt\/#\/schema\/person\/50912137d47426d31329f246d02eaeca","name":"admin","image":{"@type":"ImageObject","inLanguage":"pt-PT","@id":"https:\/\/tremdavale.org\/pt\/#\/schema\/person\/image\/","url":"https:\/\/secure.gravatar.com\/avatar\/b3564f0fda6ea47959fe96a4217203e79a167568a37409758659bc3ba443b452?s=96&d=mm&r=g","contentUrl":"https:\/\/secure.gravatar.com\/avatar\/b3564f0fda6ea47959fe96a4217203e79a167568a37409758659bc3ba443b452?s=96&d=mm&r=g","caption":"admin"},"sameAs":["https:\/\/tremdavale.org"],"url":"https:\/\/tremdavale.org\/pt\/author\/admin\/"}]}},"_links":{"self":[{"href":"https:\/\/tremdavale.org\/pt\/wp-json\/wp\/v2\/posts\/59","targetHints":{"allow":["GET"]}}],"collection":[{"href":"https:\/\/tremdavale.org\/pt\/wp-json\/wp\/v2\/posts"}],"about":[{"href":"https:\/\/tremdavale.org\/pt\/wp-json\/wp\/v2\/types\/post"}],"author":[{"embeddable":true,"href":"https:\/\/tremdavale.org\/pt\/wp-json\/wp\/v2\/users\/1"}],"replies":[{"embeddable":true,"href":"https:\/\/tremdavale.org\/pt\/wp-json\/wp\/v2\/comments?post=59"}],"version-history":[{"count":0,"href":"https:\/\/tremdavale.org\/pt\/wp-json\/wp\/v2\/posts\/59\/revisions"}],"wp:attachment":[{"href":"https:\/\/tremdavale.org\/pt\/wp-json\/wp\/v2\/media?parent=59"}],"wp:term":[{"taxonomy":"category","embeddable":true,"href":"https:\/\/tremdavale.org\/pt\/wp-json\/wp\/v2\/categories?post=59"},{"taxonomy":"post_tag","embeddable":true,"href":"https:\/\/tremdavale.org\/pt\/wp-json\/wp\/v2\/tags?post=59"}],"curies":[{"name":"wp","href":"https:\/\/api.w.org\/{rel}","templated":true}]}}