{"id":61,"date":"2013-08-25T09:50:00","date_gmt":"2013-08-25T09:50:00","guid":{"rendered":"https:\/\/tremdavale.org\/?p=61"},"modified":"2025-10-10T11:57:00","modified_gmt":"2025-10-10T11:57:00","slug":"abertura-da-exposicao-fotografica-da-6-oficina-de-fotografia-digital","status":"publish","type":"post","link":"https:\/\/tremdavale.org\/pt\/abertura-da-exposicao-fotografica-da-6-oficina-de-fotografia-digital\/","title":{"rendered":"Abertura da exposi\u00e7\u00e3o fotogr\u00e1fica da \u201c6\u00aa Oficina de Fotografia Digital\u201d."},"content":{"rendered":"<p><img loading=\"lazy\" decoding=\"async\" class=\"aligncenter size-medium\" title=\"01-abertexpo-foto-ma1\" src=\"\/wp-content\/uploads\/01-abertexpo-foto-ma1-300x199.jpg\" alt=\"01-abertexpo-foto-ma1\" width=\"300\" height=\"199\"><\/p>\n<p>&nbsp;<\/p>\n<p><span>No dia 18 de dezembro de 2012, \u00e0s 11 horas, na Sala Multiuso da Esta\u00e7\u00e3o de Mariana foi aberta a Exposi\u00e7\u00e3o Fotogr\u00e1fica relativa \u00e0 6\u00aa Oficina de Fotografia Digital promovida pelo Vale Registrar.<\/span><\/p>\n<p><span>A 6\u00aa Oficina de Fotografia Digital do Vale Registrar foi realizada em duas etapas: de 17 a 22 de Setembro de 2012 na Esta\u00e7\u00e3o de Ouro Preto; e de 24 a 29 de Setembro na Esta\u00e7\u00e3o de Mariana. Em Ouro Preto, os 13 alunos realizaram registros fotogr\u00e1ficos nos bairros<\/span> <span>Alto da Cruz e<\/span> <span>Centro, e em Mariana, os 14 participantes da oficina retrataram os bairros S\u00e3o Gon\u00e7alo e Barro Preto. Dentre os 27 alunos que foram capacitados pela oficina, 05 eram integrantes da equipe do Programa de Educa\u00e7\u00e3o Patrimonial Trem da Vale.<\/span><\/p>\n<p><span>A atividade, com dura\u00e7\u00e3o total de 24 horas em cada cidade, foi ministrada pelo fot\u00f3grafo Dimas Guedes. Buscou-se explorar o olhar dos participantes da oficina sobre a composi\u00e7\u00e3o e o desenho na fotografia digital, e realizar, como atividade pr\u00e1tica, registros fotogr\u00e1ficos de aspectos, manifesta\u00e7\u00f5es, personagens, edifica\u00e7\u00f5es e lugares culturalmente representativos de cada bairro documentado.<\/span><\/p>\n<p><span>Alguns destes registros fotogr\u00e1ficos que foram selecionados pelos pr\u00f3prios autores, comp\u00f5em esta exposi\u00e7\u00e3o, que permanecer\u00e1 na Sala Multiuso da Esta\u00e7\u00e3o de Mariana at\u00e9 o dia <span>1\u00ba de janeiro de 2013,<\/span> e poder\u00e1 ser apreciada de ter\u00e7a a domingo, de 09 \u00e0s 17 horas.<\/span><\/p>\n<p><span>A exposi\u00e7\u00e3o foi realizada na p<\/span><span>lataforma da Esta\u00e7\u00e3o de Ouro Preto no per\u00edodo de 04 a 16 de dezembro de 2012<\/span><\/p>\n<p><span><\/span><\/p>\n<p><span><\/span><\/p>\n<p>&nbsp;<\/p>\n<p><img loading=\"lazy\" decoding=\"async\" class=\"size-medium\" title=\"02-abertexpo-foto-ma\" src=\"\/wp-content\/uploads\/02-abertexpo-foto-ma-300x199.jpg\" alt=\"Visitantes observam as fotografias da Exposi\u00e7\u00e3o da 6\u00aa Oficina de Fotografia Digital, na Sala Multiuso da Esta\u00e7\u00e3o Ferrovi\u00e1ria de Mariana. Local: Sala Multiuso \u2013 Esta\u00e7\u00e3o Ferrovi\u00e1ria de Mariana Foto: Rafael Bou\u00e7as\" width=\"300\" height=\"199\"><\/p>\n<p>Visitantes observam as fotografias da Exposi\u00e7\u00e3o da 6\u00aa Oficina de Fotografia Digital, na Sala Multiuso da Esta\u00e7\u00e3o Ferrovi\u00e1ria de Mariana. Local: Sala Multiuso \u2013 Esta\u00e7\u00e3o Ferrovi\u00e1ria de Mariana Foto: Rafael Bou\u00e7as<\/p>\n<p>&nbsp;<\/p>\n<p><span><\/span><\/p>\n<p><span><\/span><\/p>\n<p><span>Ap\u00f3s ser realizada na Esta\u00e7\u00e3o de Mariana, a mostra ficar\u00e1 exposta na Par\u00f3quia Sagrado Cora\u00e7\u00e3o de Jesus, localizada \u00e0 Rua Santa Cruz, s\/n\u00ba, bairro Barro Preto, em Mariana, de 3 a 13 de janeiro de 2013.<\/span><\/p>\n<p><span>E para coroamento da atividade, a exposi\u00e7\u00e3o poder\u00e1 ser apreciada nas depend\u00eancias do Centro Cultural e Tur\u00edstico do Sistema FIEMG em Ouro Preto, situado na Pra\u00e7a Tiradentes, n\u00ba 04, bairro Centro, no per\u00edodo de 15 a 27 de janeiro de 2013.<\/span><\/p>\n<p>&nbsp;<\/p>\n","protected":false},"excerpt":{"rendered":"<p>&nbsp; No dia 18 de dezembro de 2012, \u00e0s 11 horas, na Sala Multiuso da Esta\u00e7\u00e3o de Mariana foi aberta a Exposi\u00e7\u00e3o Fotogr\u00e1fica relativa \u00e0 6\u00aa Oficina de Fotografia Digital promovida pelo Vale Registrar. A 6\u00aa Oficina de Fotografia Digital do Vale Registrar foi realizada em duas etapas: de 17 &hellip;<\/p>\n","protected":false},"author":1,"featured_media":365,"comment_status":"open","ping_status":"closed","sticky":false,"template":"","format":"standard","meta":{"footnotes":""},"categories":[3],"tags":[],"class_list":["post-61","post","type-post","status-publish","format-standard","has-post-thumbnail","hentry","category-noticias"],"yoast_head":"<!-- This site is optimized with the Yoast SEO plugin v26.1.1 - https:\/\/yoast.com\/wordpress\/plugins\/seo\/ -->\n<title>Abertura da exposi\u00e7\u00e3o fotogr\u00e1fica da \u201c6\u00aa Oficina de Fotografia Digital\u201d. &#8212; Trem da Vale<\/title>\n<meta name=\"robots\" content=\"index, follow, max-snippet:-1, max-image-preview:large, max-video-preview:-1\" \/>\n<link rel=\"canonical\" href=\"https:\/\/tremdavale.org\/pt\/abertura-da-exposicao-fotografica-da-6-oficina-de-fotografia-digital\/\" \/>\n<meta property=\"og:locale\" content=\"pt_PT\" \/>\n<meta property=\"og:type\" content=\"article\" \/>\n<meta property=\"og:title\" content=\"Abertura da exposi\u00e7\u00e3o fotogr\u00e1fica da \u201c6\u00aa Oficina de Fotografia Digital\u201d. &#8212; Trem da Vale\" \/>\n<meta property=\"og:description\" content=\"&nbsp; No dia 18 de dezembro de 2012, \u00e0s 11 horas, na Sala Multiuso da Esta\u00e7\u00e3o de Mariana foi aberta a Exposi\u00e7\u00e3o Fotogr\u00e1fica relativa \u00e0 6\u00aa Oficina de Fotografia Digital promovida pelo Vale Registrar. A 6\u00aa Oficina de Fotografia Digital do Vale Registrar foi realizada em duas etapas: de 17 &hellip;\" \/>\n<meta property=\"og:url\" content=\"https:\/\/tremdavale.org\/pt\/abertura-da-exposicao-fotografica-da-6-oficina-de-fotografia-digital\/\" \/>\n<meta property=\"og:site_name\" content=\"Trem da Vale\" \/>\n<meta property=\"article:published_time\" content=\"2013-08-25T09:50:00+00:00\" \/>\n<meta property=\"article:modified_time\" content=\"2025-10-10T11:57:00+00:00\" \/>\n<meta property=\"og:image\" content=\"https:\/\/tremdavale.org\/wp-content\/uploads\/01-abertexpo-foto-ma1-300x199.jpg\" \/>\n\t<meta property=\"og:image:width\" content=\"300\" \/>\n\t<meta property=\"og:image:height\" content=\"199\" \/>\n\t<meta property=\"og:image:type\" content=\"image\/jpeg\" \/>\n<meta name=\"author\" content=\"admin\" \/>\n<meta name=\"twitter:card\" content=\"summary_large_image\" \/>\n<meta name=\"twitter:label1\" content=\"Escrito por\" \/>\n\t<meta name=\"twitter:data1\" content=\"admin\" \/>\n\t<meta name=\"twitter:label2\" content=\"Tempo estimado de leitura\" \/>\n\t<meta name=\"twitter:data2\" content=\"2 minutos\" \/>\n<script type=\"application\/ld+json\" class=\"yoast-schema-graph\">{\"@context\":\"https:\/\/schema.org\",\"@graph\":[{\"@type\":\"WebPage\",\"@id\":\"https:\/\/tremdavale.org\/pt\/abertura-da-exposicao-fotografica-da-6-oficina-de-fotografia-digital\/\",\"url\":\"https:\/\/tremdavale.org\/pt\/abertura-da-exposicao-fotografica-da-6-oficina-de-fotografia-digital\/\",\"name\":\"Abertura da exposi\u00e7\u00e3o fotogr\u00e1fica da \u201c6\u00aa Oficina de Fotografia Digital\u201d. &#8212; Trem da Vale\",\"isPartOf\":{\"@id\":\"https:\/\/tremdavale.org\/pt\/#website\"},\"primaryImageOfPage\":{\"@id\":\"https:\/\/tremdavale.org\/pt\/abertura-da-exposicao-fotografica-da-6-oficina-de-fotografia-digital\/#primaryimage\"},\"image\":{\"@id\":\"https:\/\/tremdavale.org\/pt\/abertura-da-exposicao-fotografica-da-6-oficina-de-fotografia-digital\/#primaryimage\"},\"thumbnailUrl\":\"https:\/\/tremdavale.org\/wp-content\/uploads\/01-abertexpo-foto-ma1-300x199.jpg\",\"datePublished\":\"2013-08-25T09:50:00+00:00\",\"dateModified\":\"2025-10-10T11:57:00+00:00\",\"author\":{\"@id\":\"https:\/\/tremdavale.org\/pt\/#\/schema\/person\/50912137d47426d31329f246d02eaeca\"},\"breadcrumb\":{\"@id\":\"https:\/\/tremdavale.org\/pt\/abertura-da-exposicao-fotografica-da-6-oficina-de-fotografia-digital\/#breadcrumb\"},\"inLanguage\":\"pt-PT\",\"potentialAction\":[{\"@type\":\"ReadAction\",\"target\":[\"https:\/\/tremdavale.org\/pt\/abertura-da-exposicao-fotografica-da-6-oficina-de-fotografia-digital\/\"]}]},{\"@type\":\"ImageObject\",\"inLanguage\":\"pt-PT\",\"@id\":\"https:\/\/tremdavale.org\/pt\/abertura-da-exposicao-fotografica-da-6-oficina-de-fotografia-digital\/#primaryimage\",\"url\":\"https:\/\/tremdavale.org\/wp-content\/uploads\/01-abertexpo-foto-ma1-300x199.jpg\",\"contentUrl\":\"https:\/\/tremdavale.org\/wp-content\/uploads\/01-abertexpo-foto-ma1-300x199.jpg\",\"width\":300,\"height\":199},{\"@type\":\"BreadcrumbList\",\"@id\":\"https:\/\/tremdavale.org\/pt\/abertura-da-exposicao-fotografica-da-6-oficina-de-fotografia-digital\/#breadcrumb\",\"itemListElement\":[{\"@type\":\"ListItem\",\"position\":1,\"name\":\"In\u00edcio\",\"item\":\"https:\/\/tremdavale.org\/pt\/\"},{\"@type\":\"ListItem\",\"position\":2,\"name\":\"Abertura da exposi\u00e7\u00e3o fotogr\u00e1fica da \u201c6\u00aa Oficina de Fotografia Digital\u201d.\"}]},{\"@type\":\"WebSite\",\"@id\":\"https:\/\/tremdavale.org\/pt\/#website\",\"url\":\"https:\/\/tremdavale.org\/pt\/\",\"name\":\"Trem da Vale\",\"description\":\"Programa de Educa\u00e7\u00e3o Patrimonial\",\"potentialAction\":[{\"@type\":\"SearchAction\",\"target\":{\"@type\":\"EntryPoint\",\"urlTemplate\":\"https:\/\/tremdavale.org\/pt\/?s={search_term_string}\"},\"query-input\":{\"@type\":\"PropertyValueSpecification\",\"valueRequired\":true,\"valueName\":\"search_term_string\"}}],\"inLanguage\":\"pt-PT\"},{\"@type\":\"Person\",\"@id\":\"https:\/\/tremdavale.org\/pt\/#\/schema\/person\/50912137d47426d31329f246d02eaeca\",\"name\":\"admin\",\"image\":{\"@type\":\"ImageObject\",\"inLanguage\":\"pt-PT\",\"@id\":\"https:\/\/tremdavale.org\/pt\/#\/schema\/person\/image\/\",\"url\":\"https:\/\/secure.gravatar.com\/avatar\/b3564f0fda6ea47959fe96a4217203e79a167568a37409758659bc3ba443b452?s=96&d=mm&r=g\",\"contentUrl\":\"https:\/\/secure.gravatar.com\/avatar\/b3564f0fda6ea47959fe96a4217203e79a167568a37409758659bc3ba443b452?s=96&d=mm&r=g\",\"caption\":\"admin\"},\"sameAs\":[\"https:\/\/tremdavale.org\"],\"url\":\"https:\/\/tremdavale.org\/pt\/author\/admin\/\"}]}<\/script>\n<!-- \/ Yoast SEO plugin. -->","yoast_head_json":{"title":"Abertura da exposi\u00e7\u00e3o fotogr\u00e1fica da \u201c6\u00aa Oficina de Fotografia Digital\u201d. &#8212; Trem da Vale","robots":{"index":"index","follow":"follow","max-snippet":"max-snippet:-1","max-image-preview":"max-image-preview:large","max-video-preview":"max-video-preview:-1"},"canonical":"https:\/\/tremdavale.org\/pt\/abertura-da-exposicao-fotografica-da-6-oficina-de-fotografia-digital\/","og_locale":"pt_PT","og_type":"article","og_title":"Abertura da exposi\u00e7\u00e3o fotogr\u00e1fica da \u201c6\u00aa Oficina de Fotografia Digital\u201d. &#8212; Trem da Vale","og_description":"&nbsp; No dia 18 de dezembro de 2012, \u00e0s 11 horas, na Sala Multiuso da Esta\u00e7\u00e3o de Mariana foi aberta a Exposi\u00e7\u00e3o Fotogr\u00e1fica relativa \u00e0 6\u00aa Oficina de Fotografia Digital promovida pelo Vale Registrar. A 6\u00aa Oficina de Fotografia Digital do Vale Registrar foi realizada em duas etapas: de 17 &hellip;","og_url":"https:\/\/tremdavale.org\/pt\/abertura-da-exposicao-fotografica-da-6-oficina-de-fotografia-digital\/","og_site_name":"Trem da Vale","article_published_time":"2013-08-25T09:50:00+00:00","article_modified_time":"2025-10-10T11:57:00+00:00","og_image":[{"width":300,"height":199,"url":"https:\/\/tremdavale.org\/wp-content\/uploads\/01-abertexpo-foto-ma1-300x199.jpg","type":"image\/jpeg"}],"author":"admin","twitter_card":"summary_large_image","twitter_misc":{"Escrito por":"admin","Tempo estimado de leitura":"2 minutos"},"schema":{"@context":"https:\/\/schema.org","@graph":[{"@type":"WebPage","@id":"https:\/\/tremdavale.org\/pt\/abertura-da-exposicao-fotografica-da-6-oficina-de-fotografia-digital\/","url":"https:\/\/tremdavale.org\/pt\/abertura-da-exposicao-fotografica-da-6-oficina-de-fotografia-digital\/","name":"Abertura da exposi\u00e7\u00e3o fotogr\u00e1fica da \u201c6\u00aa Oficina de Fotografia Digital\u201d. &#8212; Trem da Vale","isPartOf":{"@id":"https:\/\/tremdavale.org\/pt\/#website"},"primaryImageOfPage":{"@id":"https:\/\/tremdavale.org\/pt\/abertura-da-exposicao-fotografica-da-6-oficina-de-fotografia-digital\/#primaryimage"},"image":{"@id":"https:\/\/tremdavale.org\/pt\/abertura-da-exposicao-fotografica-da-6-oficina-de-fotografia-digital\/#primaryimage"},"thumbnailUrl":"https:\/\/tremdavale.org\/wp-content\/uploads\/01-abertexpo-foto-ma1-300x199.jpg","datePublished":"2013-08-25T09:50:00+00:00","dateModified":"2025-10-10T11:57:00+00:00","author":{"@id":"https:\/\/tremdavale.org\/pt\/#\/schema\/person\/50912137d47426d31329f246d02eaeca"},"breadcrumb":{"@id":"https:\/\/tremdavale.org\/pt\/abertura-da-exposicao-fotografica-da-6-oficina-de-fotografia-digital\/#breadcrumb"},"inLanguage":"pt-PT","potentialAction":[{"@type":"ReadAction","target":["https:\/\/tremdavale.org\/pt\/abertura-da-exposicao-fotografica-da-6-oficina-de-fotografia-digital\/"]}]},{"@type":"ImageObject","inLanguage":"pt-PT","@id":"https:\/\/tremdavale.org\/pt\/abertura-da-exposicao-fotografica-da-6-oficina-de-fotografia-digital\/#primaryimage","url":"https:\/\/tremdavale.org\/wp-content\/uploads\/01-abertexpo-foto-ma1-300x199.jpg","contentUrl":"https:\/\/tremdavale.org\/wp-content\/uploads\/01-abertexpo-foto-ma1-300x199.jpg","width":300,"height":199},{"@type":"BreadcrumbList","@id":"https:\/\/tremdavale.org\/pt\/abertura-da-exposicao-fotografica-da-6-oficina-de-fotografia-digital\/#breadcrumb","itemListElement":[{"@type":"ListItem","position":1,"name":"In\u00edcio","item":"https:\/\/tremdavale.org\/pt\/"},{"@type":"ListItem","position":2,"name":"Abertura da exposi\u00e7\u00e3o fotogr\u00e1fica da \u201c6\u00aa Oficina de Fotografia Digital\u201d."}]},{"@type":"WebSite","@id":"https:\/\/tremdavale.org\/pt\/#website","url":"https:\/\/tremdavale.org\/pt\/","name":"Trem da Vale","description":"Programa de Educa\u00e7\u00e3o Patrimonial","potentialAction":[{"@type":"SearchAction","target":{"@type":"EntryPoint","urlTemplate":"https:\/\/tremdavale.org\/pt\/?s={search_term_string}"},"query-input":{"@type":"PropertyValueSpecification","valueRequired":true,"valueName":"search_term_string"}}],"inLanguage":"pt-PT"},{"@type":"Person","@id":"https:\/\/tremdavale.org\/pt\/#\/schema\/person\/50912137d47426d31329f246d02eaeca","name":"admin","image":{"@type":"ImageObject","inLanguage":"pt-PT","@id":"https:\/\/tremdavale.org\/pt\/#\/schema\/person\/image\/","url":"https:\/\/secure.gravatar.com\/avatar\/b3564f0fda6ea47959fe96a4217203e79a167568a37409758659bc3ba443b452?s=96&d=mm&r=g","contentUrl":"https:\/\/secure.gravatar.com\/avatar\/b3564f0fda6ea47959fe96a4217203e79a167568a37409758659bc3ba443b452?s=96&d=mm&r=g","caption":"admin"},"sameAs":["https:\/\/tremdavale.org"],"url":"https:\/\/tremdavale.org\/pt\/author\/admin\/"}]}},"_links":{"self":[{"href":"https:\/\/tremdavale.org\/pt\/wp-json\/wp\/v2\/posts\/61","targetHints":{"allow":["GET"]}}],"collection":[{"href":"https:\/\/tremdavale.org\/pt\/wp-json\/wp\/v2\/posts"}],"about":[{"href":"https:\/\/tremdavale.org\/pt\/wp-json\/wp\/v2\/types\/post"}],"author":[{"embeddable":true,"href":"https:\/\/tremdavale.org\/pt\/wp-json\/wp\/v2\/users\/1"}],"replies":[{"embeddable":true,"href":"https:\/\/tremdavale.org\/pt\/wp-json\/wp\/v2\/comments?post=61"}],"version-history":[{"count":0,"href":"https:\/\/tremdavale.org\/pt\/wp-json\/wp\/v2\/posts\/61\/revisions"}],"wp:featuredmedia":[{"embeddable":true,"href":"https:\/\/tremdavale.org\/pt\/wp-json\/wp\/v2\/media\/365"}],"wp:attachment":[{"href":"https:\/\/tremdavale.org\/pt\/wp-json\/wp\/v2\/media?parent=61"}],"wp:term":[{"taxonomy":"category","embeddable":true,"href":"https:\/\/tremdavale.org\/pt\/wp-json\/wp\/v2\/categories?post=61"},{"taxonomy":"post_tag","embeddable":true,"href":"https:\/\/tremdavale.org\/pt\/wp-json\/wp\/v2\/tags?post=61"}],"curies":[{"name":"wp","href":"https:\/\/api.w.org\/{rel}","templated":true}]}}