{"id":62,"date":"2013-08-25T09:50:00","date_gmt":"2013-08-25T09:50:00","guid":{"rendered":"https:\/\/tremdavale.org\/?p=62"},"modified":"2025-10-10T11:57:00","modified_gmt":"2025-10-10T11:57:00","slug":"abertura-da-exposicao-fotografica-da-6-oficina-de-fotografia-digital-na-estacao-de-ouro-preto","status":"publish","type":"post","link":"https:\/\/tremdavale.org\/pt\/abertura-da-exposicao-fotografica-da-6-oficina-de-fotografia-digital-na-estacao-de-ouro-preto\/","title":{"rendered":"ABERTURA DA EXPOSI\u00c7\u00c3O FOTOGR\u00c1FICA DA \u201c6\u00aa OFICINA DE FOTOGRAFIA DIGITAL\u201d, NA ESTA\u00c7\u00c3O DE OURO PRETO"},"content":{"rendered":"<p><img loading=\"lazy\" decoding=\"async\" class=\"size-medium\" title=\"01-expo-foto-6c2aa-oficina\" src=\"\/wp-content\/uploads\/01-expo-foto-6c2aa-oficina-300x199.jpg\" alt=\"01-expo-foto-6c2aa-oficina\" width=\"300\" height=\"199\"><\/p>\n<p>O aluno da 6\u00aa Oficina de Fotografia Digital, Osmar Alves de Oliveira J\u00fanior, olha as fotos produzidas e selecionadas pelos participantes da oficina, na plataforma da Esta\u00e7\u00e3o Ferrovi\u00e1ria de Ouro Preto. Foto: Rafael Bou\u00e7as<\/p>\n<p>&nbsp;<\/p>\n<p>No dia 04 de dezembro de 2012, \u00e0s 11 horas, na Plataforma da Esta\u00e7\u00e3o de Ouro Preto foi aberta a Exposi\u00e7\u00e3o Fotogr\u00e1fica relativa \u00e0 6\u00aa Oficina de Fotografia Digital promovida pelo Vale Registrar.<\/p>\n<p>A 6\u00aa Oficina de Fotografia Digital do Vale Registrar foi realizada em duas etapas: de 17 a 22 de Setembro de 2012 na Esta\u00e7\u00e3o de Ouro Preto; e de 24 a 29 de Setembro na Esta\u00e7\u00e3o de Mariana. Em Ouro Preto, os 13 alunos realizaram registros fotogr\u00e1ficos nos bairros Alto da Cruz e Centro, e em Mariana, os 14 participantes da oficina retrataram os bairros S\u00e3o Gon\u00e7alo e Barro Preto. Dentre os 27 alunos que foram capacitados pela oficina, 05 eram integrantes da equipe do Programa de Educa\u00e7\u00e3o Patrimonial Trem da Vale.<\/p>\n<p>A atividade, com dura\u00e7\u00e3o total de 24 horas em cada cidade, foi ministrada pelo fot\u00f3grafo Dimas Guedes. Buscou-se explorar o olhar dos participantes da oficina sobre a composi\u00e7\u00e3o e o desenho na fotografia digital, e realizar, como atividade pr\u00e1tica, registros fotogr\u00e1ficos de aspectos, manifesta\u00e7\u00f5es, personagens, edifica\u00e7\u00f5es e lugares culturalmente representativos de cada bairro documentado.<\/p>\n<p>Alguns destes registros fotogr\u00e1ficos que foram selecionados pelos pr\u00f3prios autores, comp\u00f5em esta exposi\u00e7\u00e3o, que permanecer\u00e1 na Plataforma da Esta\u00e7\u00e3o de Ouro Preto at\u00e9 o dia 16 de dezembro de 2012, e poder\u00e1 ser apreciada de ter\u00e7a a domingo, de 09 \u00e0s 17 horas.<\/p>\n<p>A abertura da Exposi\u00e7\u00e3o Fotogr\u00e1fica, na Esta\u00e7\u00e3o de Ouro Preto, <em>foi executada com grande sucesso. C<\/em>ontamos com a presen\u00e7a de v\u00e1rias pessoas, dentre elas, Dimas Guedes e alunos da oficina, que cederam seus depoimentos avaliativos sobre a participa\u00e7\u00e3o na atividade, conforme relatos abaixo:<\/p>\n<p>Dimas Guedes, instrutor das oficinas de fotografia, disse que&nbsp; \u201c\u2026 cada vez eu fico mais surpreso com o resultado de nossas oficinas, sabe? E essa, particularmente, foi muito interessante. Eu acho que o resultado foi muito bom, os alunos aproveitaram&nbsp; muito e n\u00f3s tivemos muito sucesso no trabalho de campo. Eu gostei muito!\u201d<\/p>\n<p>J\u00e1 a aluna Deborah Kelly Nascimento Pessoa, afirma que \u201cE foi a primeira experi\u00eancia de curso de fotografia que eu tive. E foi uma experi\u00eancia muito interessante pelo tempo que foi muito bem aproveitado, pela intera\u00e7\u00e3o do grupo, pela experi\u00eancia pr\u00e1tica, fotografando o que voc\u00ea visse, buscando temas interessantes onde aparentemente n\u00e3o existia\u2026\u201d<\/p>\n<p>Ap\u00f3s ser realizada na Esta\u00e7\u00e3o de Ouro Preto, a exposi\u00e7\u00e3o ser\u00e1 montada na Sala Multiuso da Esta\u00e7\u00e3o de Mariana, no per\u00edodo de 18 de dezembro de 2012 a 1\u00ba de janeiro de 2013.<\/p>\n<p>Em seguida, a mostra ficar\u00e1 exposta na Par\u00f3quia Sagrado Cora\u00e7\u00e3o de Jesus, localizada \u00e0 Rua Santa Cruz, s\/n\u00ba, bairro Barro Preto, em Mariana.<\/p>\n<p>E para coroamento da atividade, a exposi\u00e7\u00e3o poder\u00e1 ser apreciada nas depend\u00eancias do Centro Cultural e Tur\u00edstico do Sistema FIEMG em Ouro Preto, situado na Pra\u00e7a Tiradentes, n\u00ba 04, bairro Centro, no per\u00edodo de 15 a 27 de janeiro de 2013.<\/p>\n<p>&nbsp;<\/p>\n<dl id=\"attachment_4660\" class=\"wp-caption aligncenter\" style=\"width: 209px;\">\n<dt class=\"wp-caption-dt\"><img loading=\"lazy\" decoding=\"async\" class=\"size-medium\" title=\"03-expo-foto-6c2aa-oficina\" src=\"\/wp-content\/uploads\/03-expo-foto-6c2aa-oficina-199x300.jpg\" alt=\"03-expo-foto-6c2aa-oficina\" width=\"199\" height=\"300\"><\/dt>\n<dd>O aluno da 6\u00aa Oficina de Fotografia Digital, Edson Santos Melo, assina o livro de registro da exposi\u00e7\u00e3o, na plataforma da Esta\u00e7\u00e3o Ferrovi\u00e1ria de Ouro Preto. Foto: Rafael Bou\u00e7as<\/dd>\n<dd>\n<p>&nbsp;<\/p>\n<\/dd>\n<\/dl>\n<p>&nbsp;<\/p>\n","protected":false},"excerpt":{"rendered":"<p>O aluno da 6\u00aa Oficina de Fotografia Digital, Osmar Alves de Oliveira J\u00fanior, olha as fotos produzidas e selecionadas pelos participantes da oficina, na plataforma da Esta\u00e7\u00e3o Ferrovi\u00e1ria de Ouro Preto. Foto: Rafael Bou\u00e7as &nbsp; No dia 04 de dezembro de 2012, \u00e0s 11 horas, na Plataforma da Esta\u00e7\u00e3o de &hellip;<\/p>\n","protected":false},"author":1,"featured_media":366,"comment_status":"open","ping_status":"closed","sticky":false,"template":"","format":"standard","meta":{"footnotes":""},"categories":[2],"tags":[],"class_list":["post-62","post","type-post","status-publish","format-standard","has-post-thumbnail","hentry","category-destaques-home"],"yoast_head":"<!-- This site is optimized with the Yoast SEO plugin v26.1.1 - https:\/\/yoast.com\/wordpress\/plugins\/seo\/ -->\n<title>ABERTURA DA EXPOSI\u00c7\u00c3O FOTOGR\u00c1FICA DA \u201c6\u00aa OFICINA DE FOTOGRAFIA DIGITAL\u201d, NA ESTA\u00c7\u00c3O DE OURO PRETO &#8212; Trem da Vale<\/title>\n<meta name=\"robots\" content=\"index, follow, max-snippet:-1, max-image-preview:large, max-video-preview:-1\" \/>\n<link rel=\"canonical\" href=\"https:\/\/tremdavale.org\/pt\/abertura-da-exposicao-fotografica-da-6-oficina-de-fotografia-digital-na-estacao-de-ouro-preto\/\" \/>\n<meta property=\"og:locale\" content=\"pt_PT\" \/>\n<meta property=\"og:type\" content=\"article\" \/>\n<meta property=\"og:title\" content=\"ABERTURA DA EXPOSI\u00c7\u00c3O FOTOGR\u00c1FICA DA \u201c6\u00aa OFICINA DE FOTOGRAFIA DIGITAL\u201d, NA ESTA\u00c7\u00c3O DE OURO PRETO &#8212; Trem da Vale\" \/>\n<meta property=\"og:description\" content=\"O aluno da 6\u00aa Oficina de Fotografia Digital, Osmar Alves de Oliveira J\u00fanior, olha as fotos produzidas e selecionadas pelos participantes da oficina, na plataforma da Esta\u00e7\u00e3o Ferrovi\u00e1ria de Ouro Preto. Foto: Rafael Bou\u00e7as &nbsp; No dia 04 de dezembro de 2012, \u00e0s 11 horas, na Plataforma da Esta\u00e7\u00e3o de &hellip;\" \/>\n<meta property=\"og:url\" content=\"https:\/\/tremdavale.org\/pt\/abertura-da-exposicao-fotografica-da-6-oficina-de-fotografia-digital-na-estacao-de-ouro-preto\/\" \/>\n<meta property=\"og:site_name\" content=\"Trem da Vale\" \/>\n<meta property=\"article:published_time\" content=\"2013-08-25T09:50:00+00:00\" \/>\n<meta property=\"article:modified_time\" content=\"2025-10-10T11:57:00+00:00\" \/>\n<meta property=\"og:image\" content=\"https:\/\/tremdavale.org\/wp-content\/uploads\/01-expo-foto-6c2aa-oficina-300x199.jpg\" \/>\n\t<meta property=\"og:image:width\" content=\"300\" \/>\n\t<meta property=\"og:image:height\" content=\"199\" \/>\n\t<meta property=\"og:image:type\" content=\"image\/jpeg\" \/>\n<meta name=\"author\" content=\"admin\" \/>\n<meta name=\"twitter:card\" content=\"summary_large_image\" \/>\n<meta name=\"twitter:label1\" content=\"Escrito por\" \/>\n\t<meta name=\"twitter:data1\" content=\"admin\" \/>\n\t<meta name=\"twitter:label2\" content=\"Tempo estimado de leitura\" \/>\n\t<meta name=\"twitter:data2\" content=\"3 minutos\" \/>\n<script type=\"application\/ld+json\" class=\"yoast-schema-graph\">{\"@context\":\"https:\/\/schema.org\",\"@graph\":[{\"@type\":\"WebPage\",\"@id\":\"https:\/\/tremdavale.org\/pt\/abertura-da-exposicao-fotografica-da-6-oficina-de-fotografia-digital-na-estacao-de-ouro-preto\/\",\"url\":\"https:\/\/tremdavale.org\/pt\/abertura-da-exposicao-fotografica-da-6-oficina-de-fotografia-digital-na-estacao-de-ouro-preto\/\",\"name\":\"ABERTURA DA EXPOSI\u00c7\u00c3O FOTOGR\u00c1FICA DA \u201c6\u00aa OFICINA DE FOTOGRAFIA DIGITAL\u201d, NA ESTA\u00c7\u00c3O DE OURO PRETO &#8212; Trem da Vale\",\"isPartOf\":{\"@id\":\"https:\/\/tremdavale.org\/pt\/#website\"},\"primaryImageOfPage\":{\"@id\":\"https:\/\/tremdavale.org\/pt\/abertura-da-exposicao-fotografica-da-6-oficina-de-fotografia-digital-na-estacao-de-ouro-preto\/#primaryimage\"},\"image\":{\"@id\":\"https:\/\/tremdavale.org\/pt\/abertura-da-exposicao-fotografica-da-6-oficina-de-fotografia-digital-na-estacao-de-ouro-preto\/#primaryimage\"},\"thumbnailUrl\":\"https:\/\/tremdavale.org\/wp-content\/uploads\/01-expo-foto-6c2aa-oficina-300x199.jpg\",\"datePublished\":\"2013-08-25T09:50:00+00:00\",\"dateModified\":\"2025-10-10T11:57:00+00:00\",\"author\":{\"@id\":\"https:\/\/tremdavale.org\/pt\/#\/schema\/person\/50912137d47426d31329f246d02eaeca\"},\"breadcrumb\":{\"@id\":\"https:\/\/tremdavale.org\/pt\/abertura-da-exposicao-fotografica-da-6-oficina-de-fotografia-digital-na-estacao-de-ouro-preto\/#breadcrumb\"},\"inLanguage\":\"pt-PT\",\"potentialAction\":[{\"@type\":\"ReadAction\",\"target\":[\"https:\/\/tremdavale.org\/pt\/abertura-da-exposicao-fotografica-da-6-oficina-de-fotografia-digital-na-estacao-de-ouro-preto\/\"]}]},{\"@type\":\"ImageObject\",\"inLanguage\":\"pt-PT\",\"@id\":\"https:\/\/tremdavale.org\/pt\/abertura-da-exposicao-fotografica-da-6-oficina-de-fotografia-digital-na-estacao-de-ouro-preto\/#primaryimage\",\"url\":\"https:\/\/tremdavale.org\/wp-content\/uploads\/01-expo-foto-6c2aa-oficina-300x199.jpg\",\"contentUrl\":\"https:\/\/tremdavale.org\/wp-content\/uploads\/01-expo-foto-6c2aa-oficina-300x199.jpg\",\"width\":300,\"height\":199},{\"@type\":\"BreadcrumbList\",\"@id\":\"https:\/\/tremdavale.org\/pt\/abertura-da-exposicao-fotografica-da-6-oficina-de-fotografia-digital-na-estacao-de-ouro-preto\/#breadcrumb\",\"itemListElement\":[{\"@type\":\"ListItem\",\"position\":1,\"name\":\"In\u00edcio\",\"item\":\"https:\/\/tremdavale.org\/pt\/\"},{\"@type\":\"ListItem\",\"position\":2,\"name\":\"ABERTURA DA EXPOSI\u00c7\u00c3O FOTOGR\u00c1FICA DA \u201c6\u00aa OFICINA DE FOTOGRAFIA DIGITAL\u201d, NA ESTA\u00c7\u00c3O DE OURO PRETO\"}]},{\"@type\":\"WebSite\",\"@id\":\"https:\/\/tremdavale.org\/pt\/#website\",\"url\":\"https:\/\/tremdavale.org\/pt\/\",\"name\":\"Trem da Vale\",\"description\":\"Programa de Educa\u00e7\u00e3o Patrimonial\",\"potentialAction\":[{\"@type\":\"SearchAction\",\"target\":{\"@type\":\"EntryPoint\",\"urlTemplate\":\"https:\/\/tremdavale.org\/pt\/?s={search_term_string}\"},\"query-input\":{\"@type\":\"PropertyValueSpecification\",\"valueRequired\":true,\"valueName\":\"search_term_string\"}}],\"inLanguage\":\"pt-PT\"},{\"@type\":\"Person\",\"@id\":\"https:\/\/tremdavale.org\/pt\/#\/schema\/person\/50912137d47426d31329f246d02eaeca\",\"name\":\"admin\",\"image\":{\"@type\":\"ImageObject\",\"inLanguage\":\"pt-PT\",\"@id\":\"https:\/\/tremdavale.org\/pt\/#\/schema\/person\/image\/\",\"url\":\"https:\/\/secure.gravatar.com\/avatar\/b3564f0fda6ea47959fe96a4217203e79a167568a37409758659bc3ba443b452?s=96&d=mm&r=g\",\"contentUrl\":\"https:\/\/secure.gravatar.com\/avatar\/b3564f0fda6ea47959fe96a4217203e79a167568a37409758659bc3ba443b452?s=96&d=mm&r=g\",\"caption\":\"admin\"},\"sameAs\":[\"https:\/\/tremdavale.org\"],\"url\":\"https:\/\/tremdavale.org\/pt\/author\/admin\/\"}]}<\/script>\n<!-- \/ Yoast SEO plugin. -->","yoast_head_json":{"title":"ABERTURA DA EXPOSI\u00c7\u00c3O FOTOGR\u00c1FICA DA \u201c6\u00aa OFICINA DE FOTOGRAFIA DIGITAL\u201d, NA ESTA\u00c7\u00c3O DE OURO PRETO &#8212; Trem da Vale","robots":{"index":"index","follow":"follow","max-snippet":"max-snippet:-1","max-image-preview":"max-image-preview:large","max-video-preview":"max-video-preview:-1"},"canonical":"https:\/\/tremdavale.org\/pt\/abertura-da-exposicao-fotografica-da-6-oficina-de-fotografia-digital-na-estacao-de-ouro-preto\/","og_locale":"pt_PT","og_type":"article","og_title":"ABERTURA DA EXPOSI\u00c7\u00c3O FOTOGR\u00c1FICA DA \u201c6\u00aa OFICINA DE FOTOGRAFIA DIGITAL\u201d, NA ESTA\u00c7\u00c3O DE OURO PRETO &#8212; Trem da Vale","og_description":"O aluno da 6\u00aa Oficina de Fotografia Digital, Osmar Alves de Oliveira J\u00fanior, olha as fotos produzidas e selecionadas pelos participantes da oficina, na plataforma da Esta\u00e7\u00e3o Ferrovi\u00e1ria de Ouro Preto. Foto: Rafael Bou\u00e7as &nbsp; No dia 04 de dezembro de 2012, \u00e0s 11 horas, na Plataforma da Esta\u00e7\u00e3o de &hellip;","og_url":"https:\/\/tremdavale.org\/pt\/abertura-da-exposicao-fotografica-da-6-oficina-de-fotografia-digital-na-estacao-de-ouro-preto\/","og_site_name":"Trem da Vale","article_published_time":"2013-08-25T09:50:00+00:00","article_modified_time":"2025-10-10T11:57:00+00:00","og_image":[{"width":300,"height":199,"url":"https:\/\/tremdavale.org\/wp-content\/uploads\/01-expo-foto-6c2aa-oficina-300x199.jpg","type":"image\/jpeg"}],"author":"admin","twitter_card":"summary_large_image","twitter_misc":{"Escrito por":"admin","Tempo estimado de leitura":"3 minutos"},"schema":{"@context":"https:\/\/schema.org","@graph":[{"@type":"WebPage","@id":"https:\/\/tremdavale.org\/pt\/abertura-da-exposicao-fotografica-da-6-oficina-de-fotografia-digital-na-estacao-de-ouro-preto\/","url":"https:\/\/tremdavale.org\/pt\/abertura-da-exposicao-fotografica-da-6-oficina-de-fotografia-digital-na-estacao-de-ouro-preto\/","name":"ABERTURA DA EXPOSI\u00c7\u00c3O FOTOGR\u00c1FICA DA \u201c6\u00aa OFICINA DE FOTOGRAFIA DIGITAL\u201d, NA ESTA\u00c7\u00c3O DE OURO PRETO &#8212; Trem da Vale","isPartOf":{"@id":"https:\/\/tremdavale.org\/pt\/#website"},"primaryImageOfPage":{"@id":"https:\/\/tremdavale.org\/pt\/abertura-da-exposicao-fotografica-da-6-oficina-de-fotografia-digital-na-estacao-de-ouro-preto\/#primaryimage"},"image":{"@id":"https:\/\/tremdavale.org\/pt\/abertura-da-exposicao-fotografica-da-6-oficina-de-fotografia-digital-na-estacao-de-ouro-preto\/#primaryimage"},"thumbnailUrl":"https:\/\/tremdavale.org\/wp-content\/uploads\/01-expo-foto-6c2aa-oficina-300x199.jpg","datePublished":"2013-08-25T09:50:00+00:00","dateModified":"2025-10-10T11:57:00+00:00","author":{"@id":"https:\/\/tremdavale.org\/pt\/#\/schema\/person\/50912137d47426d31329f246d02eaeca"},"breadcrumb":{"@id":"https:\/\/tremdavale.org\/pt\/abertura-da-exposicao-fotografica-da-6-oficina-de-fotografia-digital-na-estacao-de-ouro-preto\/#breadcrumb"},"inLanguage":"pt-PT","potentialAction":[{"@type":"ReadAction","target":["https:\/\/tremdavale.org\/pt\/abertura-da-exposicao-fotografica-da-6-oficina-de-fotografia-digital-na-estacao-de-ouro-preto\/"]}]},{"@type":"ImageObject","inLanguage":"pt-PT","@id":"https:\/\/tremdavale.org\/pt\/abertura-da-exposicao-fotografica-da-6-oficina-de-fotografia-digital-na-estacao-de-ouro-preto\/#primaryimage","url":"https:\/\/tremdavale.org\/wp-content\/uploads\/01-expo-foto-6c2aa-oficina-300x199.jpg","contentUrl":"https:\/\/tremdavale.org\/wp-content\/uploads\/01-expo-foto-6c2aa-oficina-300x199.jpg","width":300,"height":199},{"@type":"BreadcrumbList","@id":"https:\/\/tremdavale.org\/pt\/abertura-da-exposicao-fotografica-da-6-oficina-de-fotografia-digital-na-estacao-de-ouro-preto\/#breadcrumb","itemListElement":[{"@type":"ListItem","position":1,"name":"In\u00edcio","item":"https:\/\/tremdavale.org\/pt\/"},{"@type":"ListItem","position":2,"name":"ABERTURA DA EXPOSI\u00c7\u00c3O FOTOGR\u00c1FICA DA \u201c6\u00aa OFICINA DE FOTOGRAFIA DIGITAL\u201d, NA ESTA\u00c7\u00c3O DE OURO PRETO"}]},{"@type":"WebSite","@id":"https:\/\/tremdavale.org\/pt\/#website","url":"https:\/\/tremdavale.org\/pt\/","name":"Trem da Vale","description":"Programa de Educa\u00e7\u00e3o Patrimonial","potentialAction":[{"@type":"SearchAction","target":{"@type":"EntryPoint","urlTemplate":"https:\/\/tremdavale.org\/pt\/?s={search_term_string}"},"query-input":{"@type":"PropertyValueSpecification","valueRequired":true,"valueName":"search_term_string"}}],"inLanguage":"pt-PT"},{"@type":"Person","@id":"https:\/\/tremdavale.org\/pt\/#\/schema\/person\/50912137d47426d31329f246d02eaeca","name":"admin","image":{"@type":"ImageObject","inLanguage":"pt-PT","@id":"https:\/\/tremdavale.org\/pt\/#\/schema\/person\/image\/","url":"https:\/\/secure.gravatar.com\/avatar\/b3564f0fda6ea47959fe96a4217203e79a167568a37409758659bc3ba443b452?s=96&d=mm&r=g","contentUrl":"https:\/\/secure.gravatar.com\/avatar\/b3564f0fda6ea47959fe96a4217203e79a167568a37409758659bc3ba443b452?s=96&d=mm&r=g","caption":"admin"},"sameAs":["https:\/\/tremdavale.org"],"url":"https:\/\/tremdavale.org\/pt\/author\/admin\/"}]}},"_links":{"self":[{"href":"https:\/\/tremdavale.org\/pt\/wp-json\/wp\/v2\/posts\/62","targetHints":{"allow":["GET"]}}],"collection":[{"href":"https:\/\/tremdavale.org\/pt\/wp-json\/wp\/v2\/posts"}],"about":[{"href":"https:\/\/tremdavale.org\/pt\/wp-json\/wp\/v2\/types\/post"}],"author":[{"embeddable":true,"href":"https:\/\/tremdavale.org\/pt\/wp-json\/wp\/v2\/users\/1"}],"replies":[{"embeddable":true,"href":"https:\/\/tremdavale.org\/pt\/wp-json\/wp\/v2\/comments?post=62"}],"version-history":[{"count":0,"href":"https:\/\/tremdavale.org\/pt\/wp-json\/wp\/v2\/posts\/62\/revisions"}],"wp:featuredmedia":[{"embeddable":true,"href":"https:\/\/tremdavale.org\/pt\/wp-json\/wp\/v2\/media\/366"}],"wp:attachment":[{"href":"https:\/\/tremdavale.org\/pt\/wp-json\/wp\/v2\/media?parent=62"}],"wp:term":[{"taxonomy":"category","embeddable":true,"href":"https:\/\/tremdavale.org\/pt\/wp-json\/wp\/v2\/categories?post=62"},{"taxonomy":"post_tag","embeddable":true,"href":"https:\/\/tremdavale.org\/pt\/wp-json\/wp\/v2\/tags?post=62"}],"curies":[{"name":"wp","href":"https:\/\/api.w.org\/{rel}","templated":true}]}}