{"id":63,"date":"2014-04-29T23:58:00","date_gmt":"2014-04-29T23:58:00","guid":{"rendered":"https:\/\/tremdavale.org\/?p=63"},"modified":"2025-10-10T11:57:00","modified_gmt":"2025-10-10T11:57:00","slug":"acesse-o-blog-das-bibliotecas-e-fique-por-dentro-da-programacao","status":"publish","type":"post","link":"https:\/\/tremdavale.org\/pt\/acesse-o-blog-das-bibliotecas-e-fique-por-dentro-da-programacao\/","title":{"rendered":"Acesse o Blog das Bibliotecas e fique por dentro da programa\u00e7\u00e3o"},"content":{"rendered":"<p><span>O Blog das Bibliotecas das Esta\u00e7\u00f5es, criado em agosto de 2012, disponibiliza um conte\u00fado din\u00e2mico e interativo. Com foco na divulga\u00e7\u00e3o e relato das a\u00e7\u00f5es do Trem da Vale, especialmente das Bibliotecas, esse importante canal de comunica\u00e7\u00e3o oferece curiosidades e dicas no \u00e2mbito da leitura, al\u00e9m de proporcionar uma intera\u00e7\u00e3o com os usu\u00e1rios por meio de enquetes e concursos culturais nos quais os participantes s\u00e3o premiados com livros.<\/span><\/p>\n<p><span style=\"font-size: 13px;\">No Blog \u00e9 poss\u00edvel visualizar tamb\u00e9m os leitores e o livro de destaque do m\u00eas, dispon\u00edvel no acervo das Bibliotecas. Para concorrer ao pr\u00f3ximo pr\u00eamio, os internautas dever\u00e3o definir, de maneira po\u00e9tica e inusitada, a palavra \u201cPatrim\u00f4nio\u201d.<\/span><\/p>\n<p><span>Acesse o Blog, acompanhe as novidades nos <em>posts<\/em> semanais e confira os procedimentos para se tornar s\u00f3cio das Bibliotecas das Esta\u00e7\u00f5es. Vale a pena conferir e interagir!<\/span><\/p>\n<p>&nbsp;<\/p>\n","protected":false},"excerpt":{"rendered":"<p>O Blog das Bibliotecas das Esta\u00e7\u00f5es, criado em agosto de 2012, disponibiliza um conte\u00fado din\u00e2mico e interativo. Com foco na divulga\u00e7\u00e3o e relato das a\u00e7\u00f5es do Trem da Vale, especialmente das Bibliotecas, esse importante canal de comunica\u00e7\u00e3o oferece curiosidades e dicas no \u00e2mbito da leitura, al\u00e9m de proporcionar uma intera\u00e7\u00e3o &hellip;<\/p>\n","protected":false},"author":1,"featured_media":0,"comment_status":"open","ping_status":"closed","sticky":false,"template":"","format":"standard","meta":{"footnotes":""},"categories":[2],"tags":[],"class_list":["post-63","post","type-post","status-publish","format-standard","hentry","category-destaques-home"],"yoast_head":"<!-- This site is optimized with the Yoast SEO plugin v26.1.1 - https:\/\/yoast.com\/wordpress\/plugins\/seo\/ -->\n<title>Acesse o Blog das Bibliotecas e fique por dentro da programa\u00e7\u00e3o &#8212; Trem da Vale<\/title>\n<meta name=\"robots\" content=\"index, follow, max-snippet:-1, max-image-preview:large, max-video-preview:-1\" \/>\n<link rel=\"canonical\" href=\"https:\/\/tremdavale.org\/pt\/acesse-o-blog-das-bibliotecas-e-fique-por-dentro-da-programacao\/\" \/>\n<meta property=\"og:locale\" content=\"pt_PT\" \/>\n<meta property=\"og:type\" content=\"article\" \/>\n<meta property=\"og:title\" content=\"Acesse o Blog das Bibliotecas e fique por dentro da programa\u00e7\u00e3o &#8212; Trem da Vale\" \/>\n<meta property=\"og:description\" content=\"O Blog das Bibliotecas das Esta\u00e7\u00f5es, criado em agosto de 2012, disponibiliza um conte\u00fado din\u00e2mico e interativo. Com foco na divulga\u00e7\u00e3o e relato das a\u00e7\u00f5es do Trem da Vale, especialmente das Bibliotecas, esse importante canal de comunica\u00e7\u00e3o oferece curiosidades e dicas no \u00e2mbito da leitura, al\u00e9m de proporcionar uma intera\u00e7\u00e3o &hellip;\" \/>\n<meta property=\"og:url\" content=\"https:\/\/tremdavale.org\/pt\/acesse-o-blog-das-bibliotecas-e-fique-por-dentro-da-programacao\/\" \/>\n<meta property=\"og:site_name\" content=\"Trem da Vale\" \/>\n<meta property=\"article:published_time\" content=\"2014-04-29T23:58:00+00:00\" \/>\n<meta property=\"article:modified_time\" content=\"2025-10-10T11:57:00+00:00\" \/>\n<meta name=\"author\" content=\"admin\" \/>\n<meta name=\"twitter:card\" content=\"summary_large_image\" \/>\n<meta name=\"twitter:label1\" content=\"Escrito por\" \/>\n\t<meta name=\"twitter:data1\" content=\"admin\" \/>\n\t<meta name=\"twitter:label2\" content=\"Tempo estimado de leitura\" \/>\n\t<meta name=\"twitter:data2\" content=\"1 minuto\" \/>\n<script type=\"application\/ld+json\" class=\"yoast-schema-graph\">{\"@context\":\"https:\/\/schema.org\",\"@graph\":[{\"@type\":\"WebPage\",\"@id\":\"https:\/\/tremdavale.org\/pt\/acesse-o-blog-das-bibliotecas-e-fique-por-dentro-da-programacao\/\",\"url\":\"https:\/\/tremdavale.org\/pt\/acesse-o-blog-das-bibliotecas-e-fique-por-dentro-da-programacao\/\",\"name\":\"Acesse o Blog das Bibliotecas e fique por dentro da programa\u00e7\u00e3o &#8212; Trem da Vale\",\"isPartOf\":{\"@id\":\"https:\/\/tremdavale.org\/pt\/#website\"},\"datePublished\":\"2014-04-29T23:58:00+00:00\",\"dateModified\":\"2025-10-10T11:57:00+00:00\",\"author\":{\"@id\":\"https:\/\/tremdavale.org\/pt\/#\/schema\/person\/50912137d47426d31329f246d02eaeca\"},\"breadcrumb\":{\"@id\":\"https:\/\/tremdavale.org\/pt\/acesse-o-blog-das-bibliotecas-e-fique-por-dentro-da-programacao\/#breadcrumb\"},\"inLanguage\":\"pt-PT\",\"potentialAction\":[{\"@type\":\"ReadAction\",\"target\":[\"https:\/\/tremdavale.org\/pt\/acesse-o-blog-das-bibliotecas-e-fique-por-dentro-da-programacao\/\"]}]},{\"@type\":\"BreadcrumbList\",\"@id\":\"https:\/\/tremdavale.org\/pt\/acesse-o-blog-das-bibliotecas-e-fique-por-dentro-da-programacao\/#breadcrumb\",\"itemListElement\":[{\"@type\":\"ListItem\",\"position\":1,\"name\":\"In\u00edcio\",\"item\":\"https:\/\/tremdavale.org\/pt\/\"},{\"@type\":\"ListItem\",\"position\":2,\"name\":\"Acesse o Blog das Bibliotecas e fique por dentro da programa\u00e7\u00e3o\"}]},{\"@type\":\"WebSite\",\"@id\":\"https:\/\/tremdavale.org\/pt\/#website\",\"url\":\"https:\/\/tremdavale.org\/pt\/\",\"name\":\"Trem da Vale\",\"description\":\"Programa de Educa\u00e7\u00e3o Patrimonial\",\"potentialAction\":[{\"@type\":\"SearchAction\",\"target\":{\"@type\":\"EntryPoint\",\"urlTemplate\":\"https:\/\/tremdavale.org\/pt\/?s={search_term_string}\"},\"query-input\":{\"@type\":\"PropertyValueSpecification\",\"valueRequired\":true,\"valueName\":\"search_term_string\"}}],\"inLanguage\":\"pt-PT\"},{\"@type\":\"Person\",\"@id\":\"https:\/\/tremdavale.org\/pt\/#\/schema\/person\/50912137d47426d31329f246d02eaeca\",\"name\":\"admin\",\"image\":{\"@type\":\"ImageObject\",\"inLanguage\":\"pt-PT\",\"@id\":\"https:\/\/tremdavale.org\/pt\/#\/schema\/person\/image\/\",\"url\":\"https:\/\/secure.gravatar.com\/avatar\/b3564f0fda6ea47959fe96a4217203e79a167568a37409758659bc3ba443b452?s=96&d=mm&r=g\",\"contentUrl\":\"https:\/\/secure.gravatar.com\/avatar\/b3564f0fda6ea47959fe96a4217203e79a167568a37409758659bc3ba443b452?s=96&d=mm&r=g\",\"caption\":\"admin\"},\"sameAs\":[\"https:\/\/tremdavale.org\"],\"url\":\"https:\/\/tremdavale.org\/pt\/author\/admin\/\"}]}<\/script>\n<!-- \/ Yoast SEO plugin. -->","yoast_head_json":{"title":"Acesse o Blog das Bibliotecas e fique por dentro da programa\u00e7\u00e3o &#8212; Trem da Vale","robots":{"index":"index","follow":"follow","max-snippet":"max-snippet:-1","max-image-preview":"max-image-preview:large","max-video-preview":"max-video-preview:-1"},"canonical":"https:\/\/tremdavale.org\/pt\/acesse-o-blog-das-bibliotecas-e-fique-por-dentro-da-programacao\/","og_locale":"pt_PT","og_type":"article","og_title":"Acesse o Blog das Bibliotecas e fique por dentro da programa\u00e7\u00e3o &#8212; Trem da Vale","og_description":"O Blog das Bibliotecas das Esta\u00e7\u00f5es, criado em agosto de 2012, disponibiliza um conte\u00fado din\u00e2mico e interativo. Com foco na divulga\u00e7\u00e3o e relato das a\u00e7\u00f5es do Trem da Vale, especialmente das Bibliotecas, esse importante canal de comunica\u00e7\u00e3o oferece curiosidades e dicas no \u00e2mbito da leitura, al\u00e9m de proporcionar uma intera\u00e7\u00e3o &hellip;","og_url":"https:\/\/tremdavale.org\/pt\/acesse-o-blog-das-bibliotecas-e-fique-por-dentro-da-programacao\/","og_site_name":"Trem da Vale","article_published_time":"2014-04-29T23:58:00+00:00","article_modified_time":"2025-10-10T11:57:00+00:00","author":"admin","twitter_card":"summary_large_image","twitter_misc":{"Escrito por":"admin","Tempo estimado de leitura":"1 minuto"},"schema":{"@context":"https:\/\/schema.org","@graph":[{"@type":"WebPage","@id":"https:\/\/tremdavale.org\/pt\/acesse-o-blog-das-bibliotecas-e-fique-por-dentro-da-programacao\/","url":"https:\/\/tremdavale.org\/pt\/acesse-o-blog-das-bibliotecas-e-fique-por-dentro-da-programacao\/","name":"Acesse o Blog das Bibliotecas e fique por dentro da programa\u00e7\u00e3o &#8212; Trem da Vale","isPartOf":{"@id":"https:\/\/tremdavale.org\/pt\/#website"},"datePublished":"2014-04-29T23:58:00+00:00","dateModified":"2025-10-10T11:57:00+00:00","author":{"@id":"https:\/\/tremdavale.org\/pt\/#\/schema\/person\/50912137d47426d31329f246d02eaeca"},"breadcrumb":{"@id":"https:\/\/tremdavale.org\/pt\/acesse-o-blog-das-bibliotecas-e-fique-por-dentro-da-programacao\/#breadcrumb"},"inLanguage":"pt-PT","potentialAction":[{"@type":"ReadAction","target":["https:\/\/tremdavale.org\/pt\/acesse-o-blog-das-bibliotecas-e-fique-por-dentro-da-programacao\/"]}]},{"@type":"BreadcrumbList","@id":"https:\/\/tremdavale.org\/pt\/acesse-o-blog-das-bibliotecas-e-fique-por-dentro-da-programacao\/#breadcrumb","itemListElement":[{"@type":"ListItem","position":1,"name":"In\u00edcio","item":"https:\/\/tremdavale.org\/pt\/"},{"@type":"ListItem","position":2,"name":"Acesse o Blog das Bibliotecas e fique por dentro da programa\u00e7\u00e3o"}]},{"@type":"WebSite","@id":"https:\/\/tremdavale.org\/pt\/#website","url":"https:\/\/tremdavale.org\/pt\/","name":"Trem da Vale","description":"Programa de Educa\u00e7\u00e3o Patrimonial","potentialAction":[{"@type":"SearchAction","target":{"@type":"EntryPoint","urlTemplate":"https:\/\/tremdavale.org\/pt\/?s={search_term_string}"},"query-input":{"@type":"PropertyValueSpecification","valueRequired":true,"valueName":"search_term_string"}}],"inLanguage":"pt-PT"},{"@type":"Person","@id":"https:\/\/tremdavale.org\/pt\/#\/schema\/person\/50912137d47426d31329f246d02eaeca","name":"admin","image":{"@type":"ImageObject","inLanguage":"pt-PT","@id":"https:\/\/tremdavale.org\/pt\/#\/schema\/person\/image\/","url":"https:\/\/secure.gravatar.com\/avatar\/b3564f0fda6ea47959fe96a4217203e79a167568a37409758659bc3ba443b452?s=96&d=mm&r=g","contentUrl":"https:\/\/secure.gravatar.com\/avatar\/b3564f0fda6ea47959fe96a4217203e79a167568a37409758659bc3ba443b452?s=96&d=mm&r=g","caption":"admin"},"sameAs":["https:\/\/tremdavale.org"],"url":"https:\/\/tremdavale.org\/pt\/author\/admin\/"}]}},"_links":{"self":[{"href":"https:\/\/tremdavale.org\/pt\/wp-json\/wp\/v2\/posts\/63","targetHints":{"allow":["GET"]}}],"collection":[{"href":"https:\/\/tremdavale.org\/pt\/wp-json\/wp\/v2\/posts"}],"about":[{"href":"https:\/\/tremdavale.org\/pt\/wp-json\/wp\/v2\/types\/post"}],"author":[{"embeddable":true,"href":"https:\/\/tremdavale.org\/pt\/wp-json\/wp\/v2\/users\/1"}],"replies":[{"embeddable":true,"href":"https:\/\/tremdavale.org\/pt\/wp-json\/wp\/v2\/comments?post=63"}],"version-history":[{"count":0,"href":"https:\/\/tremdavale.org\/pt\/wp-json\/wp\/v2\/posts\/63\/revisions"}],"wp:attachment":[{"href":"https:\/\/tremdavale.org\/pt\/wp-json\/wp\/v2\/media?parent=63"}],"wp:term":[{"taxonomy":"category","embeddable":true,"href":"https:\/\/tremdavale.org\/pt\/wp-json\/wp\/v2\/categories?post=63"},{"taxonomy":"post_tag","embeddable":true,"href":"https:\/\/tremdavale.org\/pt\/wp-json\/wp\/v2\/tags?post=63"}],"curies":[{"name":"wp","href":"https:\/\/api.w.org\/{rel}","templated":true}]}}