{"id":64,"date":"2014-04-30T00:49:00","date_gmt":"2014-04-30T00:49:00","guid":{"rendered":"https:\/\/tremdavale.org\/?p=64"},"modified":"2025-10-10T11:57:00","modified_gmt":"2025-10-10T11:57:00","slug":"adiamento-do-sarau-do-dia-5-de-outubro-2","status":"publish","type":"post","link":"https:\/\/tremdavale.org\/pt\/adiamento-do-sarau-do-dia-5-de-outubro-2\/","title":{"rendered":"Sarau Brinquedos e Brincadeiras foi remarcado para o dia 16 de Outubro"},"content":{"rendered":"<p>Por motivo de chuva, o Sarau <strong>Brinquedos e Brincadeiras<\/strong> que aconteceria no dia 5 de Outubro foi remarcado para o dia <strong>16 de Outubro<\/strong> <strong>\u00e0s 15 horas na Esta\u00e7\u00e3o de Mariana.<\/strong><\/p>\n<p>Confira o restante da <a href=\"\/pt\/agenda-mes-das-criancas\/\">Programa\u00e7\u00e3o do M\u00eas da Crian\u00e7a<\/a> nas Esta\u00e7\u00f5es.<\/p>\n<p style=\"text-align: center;\"><img loading=\"lazy\" decoding=\"async\" class=\"aligncenter size-full\" title=\"untitled-1_artboard-2-copy2\" src=\"\/wp-content\/uploads\/untitled-1_artboard-2-copy2.jpg\" alt=\"untitled-1_artboard-2-copy2\" width=\"320\" height=\"311\"><\/p>\n<p>&nbsp;<\/p>\n","protected":false},"excerpt":{"rendered":"<p>Por motivo de chuva, o Sarau Brinquedos e Brincadeiras que aconteceria no dia 5 de Outubro foi remarcado para o dia 16 de Outubro \u00e0s 15 horas na Esta\u00e7\u00e3o de Mariana. Confira o restante da Programa\u00e7\u00e3o do M\u00eas da Crian\u00e7a nas Esta\u00e7\u00f5es. &nbsp;<\/p>\n","protected":false},"author":1,"featured_media":367,"comment_status":"open","ping_status":"closed","sticky":false,"template":"","format":"standard","meta":{"footnotes":""},"categories":[3,5],"tags":[],"class_list":["post-64","post","type-post","status-publish","format-standard","has-post-thumbnail","hentry","category-noticias","category-noticias-destaque"],"yoast_head":"<!-- This site is optimized with the Yoast SEO plugin v26.1.1 - https:\/\/yoast.com\/wordpress\/plugins\/seo\/ -->\n<title>Sarau Brinquedos e Brincadeiras foi remarcado para o dia 16 de Outubro &#8212; Trem da Vale<\/title>\n<meta name=\"robots\" content=\"index, follow, max-snippet:-1, max-image-preview:large, max-video-preview:-1\" \/>\n<link rel=\"canonical\" href=\"https:\/\/tremdavale.org\/pt\/adiamento-do-sarau-do-dia-5-de-outubro-2\/\" \/>\n<meta property=\"og:locale\" content=\"pt_PT\" \/>\n<meta property=\"og:type\" content=\"article\" \/>\n<meta property=\"og:title\" content=\"Sarau Brinquedos e Brincadeiras foi remarcado para o dia 16 de Outubro &#8212; Trem da Vale\" \/>\n<meta property=\"og:description\" content=\"Por motivo de chuva, o Sarau Brinquedos e Brincadeiras que aconteceria no dia 5 de Outubro foi remarcado para o dia 16 de Outubro \u00e0s 15 horas na Esta\u00e7\u00e3o de Mariana. Confira o restante da Programa\u00e7\u00e3o do M\u00eas da Crian\u00e7a nas Esta\u00e7\u00f5es. &nbsp;\" \/>\n<meta property=\"og:url\" content=\"https:\/\/tremdavale.org\/pt\/adiamento-do-sarau-do-dia-5-de-outubro-2\/\" \/>\n<meta property=\"og:site_name\" content=\"Trem da Vale\" \/>\n<meta property=\"article:published_time\" content=\"2014-04-30T00:49:00+00:00\" \/>\n<meta property=\"article:modified_time\" content=\"2025-10-10T11:57:00+00:00\" \/>\n<meta property=\"og:image\" content=\"https:\/\/tremdavale.org\/wp-content\/uploads\/untitled-1_artboard-2-copy2.jpg\" \/>\n\t<meta property=\"og:image:width\" content=\"571\" \/>\n\t<meta property=\"og:image:height\" content=\"556\" \/>\n\t<meta property=\"og:image:type\" content=\"image\/jpeg\" \/>\n<meta name=\"author\" content=\"admin\" \/>\n<meta name=\"twitter:card\" content=\"summary_large_image\" \/>\n<meta name=\"twitter:label1\" content=\"Escrito por\" \/>\n\t<meta name=\"twitter:data1\" content=\"admin\" \/>\n<script type=\"application\/ld+json\" class=\"yoast-schema-graph\">{\"@context\":\"https:\/\/schema.org\",\"@graph\":[{\"@type\":\"WebPage\",\"@id\":\"https:\/\/tremdavale.org\/pt\/adiamento-do-sarau-do-dia-5-de-outubro-2\/\",\"url\":\"https:\/\/tremdavale.org\/pt\/adiamento-do-sarau-do-dia-5-de-outubro-2\/\",\"name\":\"Sarau Brinquedos e Brincadeiras foi remarcado para o dia 16 de Outubro &#8212; Trem da Vale\",\"isPartOf\":{\"@id\":\"https:\/\/tremdavale.org\/pt\/#website\"},\"primaryImageOfPage\":{\"@id\":\"https:\/\/tremdavale.org\/pt\/adiamento-do-sarau-do-dia-5-de-outubro-2\/#primaryimage\"},\"image\":{\"@id\":\"https:\/\/tremdavale.org\/pt\/adiamento-do-sarau-do-dia-5-de-outubro-2\/#primaryimage\"},\"thumbnailUrl\":\"https:\/\/tremdavale.org\/wp-content\/uploads\/untitled-1_artboard-2-copy2.jpg\",\"datePublished\":\"2014-04-30T00:49:00+00:00\",\"dateModified\":\"2025-10-10T11:57:00+00:00\",\"author\":{\"@id\":\"https:\/\/tremdavale.org\/pt\/#\/schema\/person\/50912137d47426d31329f246d02eaeca\"},\"breadcrumb\":{\"@id\":\"https:\/\/tremdavale.org\/pt\/adiamento-do-sarau-do-dia-5-de-outubro-2\/#breadcrumb\"},\"inLanguage\":\"pt-PT\",\"potentialAction\":[{\"@type\":\"ReadAction\",\"target\":[\"https:\/\/tremdavale.org\/pt\/adiamento-do-sarau-do-dia-5-de-outubro-2\/\"]}]},{\"@type\":\"ImageObject\",\"inLanguage\":\"pt-PT\",\"@id\":\"https:\/\/tremdavale.org\/pt\/adiamento-do-sarau-do-dia-5-de-outubro-2\/#primaryimage\",\"url\":\"https:\/\/tremdavale.org\/wp-content\/uploads\/untitled-1_artboard-2-copy2.jpg\",\"contentUrl\":\"https:\/\/tremdavale.org\/wp-content\/uploads\/untitled-1_artboard-2-copy2.jpg\",\"width\":571,\"height\":556},{\"@type\":\"BreadcrumbList\",\"@id\":\"https:\/\/tremdavale.org\/pt\/adiamento-do-sarau-do-dia-5-de-outubro-2\/#breadcrumb\",\"itemListElement\":[{\"@type\":\"ListItem\",\"position\":1,\"name\":\"In\u00edcio\",\"item\":\"https:\/\/tremdavale.org\/pt\/\"},{\"@type\":\"ListItem\",\"position\":2,\"name\":\"Sarau Brinquedos e Brincadeiras foi remarcado para o dia 16 de Outubro\"}]},{\"@type\":\"WebSite\",\"@id\":\"https:\/\/tremdavale.org\/pt\/#website\",\"url\":\"https:\/\/tremdavale.org\/pt\/\",\"name\":\"Trem da Vale\",\"description\":\"Programa de Educa\u00e7\u00e3o Patrimonial\",\"potentialAction\":[{\"@type\":\"SearchAction\",\"target\":{\"@type\":\"EntryPoint\",\"urlTemplate\":\"https:\/\/tremdavale.org\/pt\/?s={search_term_string}\"},\"query-input\":{\"@type\":\"PropertyValueSpecification\",\"valueRequired\":true,\"valueName\":\"search_term_string\"}}],\"inLanguage\":\"pt-PT\"},{\"@type\":\"Person\",\"@id\":\"https:\/\/tremdavale.org\/pt\/#\/schema\/person\/50912137d47426d31329f246d02eaeca\",\"name\":\"admin\",\"image\":{\"@type\":\"ImageObject\",\"inLanguage\":\"pt-PT\",\"@id\":\"https:\/\/tremdavale.org\/pt\/#\/schema\/person\/image\/\",\"url\":\"https:\/\/secure.gravatar.com\/avatar\/b3564f0fda6ea47959fe96a4217203e79a167568a37409758659bc3ba443b452?s=96&d=mm&r=g\",\"contentUrl\":\"https:\/\/secure.gravatar.com\/avatar\/b3564f0fda6ea47959fe96a4217203e79a167568a37409758659bc3ba443b452?s=96&d=mm&r=g\",\"caption\":\"admin\"},\"sameAs\":[\"https:\/\/tremdavale.org\"],\"url\":\"https:\/\/tremdavale.org\/pt\/author\/admin\/\"}]}<\/script>\n<!-- \/ Yoast SEO plugin. -->","yoast_head_json":{"title":"Sarau Brinquedos e Brincadeiras foi remarcado para o dia 16 de Outubro &#8212; Trem da Vale","robots":{"index":"index","follow":"follow","max-snippet":"max-snippet:-1","max-image-preview":"max-image-preview:large","max-video-preview":"max-video-preview:-1"},"canonical":"https:\/\/tremdavale.org\/pt\/adiamento-do-sarau-do-dia-5-de-outubro-2\/","og_locale":"pt_PT","og_type":"article","og_title":"Sarau Brinquedos e Brincadeiras foi remarcado para o dia 16 de Outubro &#8212; Trem da Vale","og_description":"Por motivo de chuva, o Sarau Brinquedos e Brincadeiras que aconteceria no dia 5 de Outubro foi remarcado para o dia 16 de Outubro \u00e0s 15 horas na Esta\u00e7\u00e3o de Mariana. Confira o restante da Programa\u00e7\u00e3o do M\u00eas da Crian\u00e7a nas Esta\u00e7\u00f5es. &nbsp;","og_url":"https:\/\/tremdavale.org\/pt\/adiamento-do-sarau-do-dia-5-de-outubro-2\/","og_site_name":"Trem da Vale","article_published_time":"2014-04-30T00:49:00+00:00","article_modified_time":"2025-10-10T11:57:00+00:00","og_image":[{"width":571,"height":556,"url":"https:\/\/tremdavale.org\/wp-content\/uploads\/untitled-1_artboard-2-copy2.jpg","type":"image\/jpeg"}],"author":"admin","twitter_card":"summary_large_image","twitter_misc":{"Escrito por":"admin"},"schema":{"@context":"https:\/\/schema.org","@graph":[{"@type":"WebPage","@id":"https:\/\/tremdavale.org\/pt\/adiamento-do-sarau-do-dia-5-de-outubro-2\/","url":"https:\/\/tremdavale.org\/pt\/adiamento-do-sarau-do-dia-5-de-outubro-2\/","name":"Sarau Brinquedos e Brincadeiras foi remarcado para o dia 16 de Outubro &#8212; Trem da Vale","isPartOf":{"@id":"https:\/\/tremdavale.org\/pt\/#website"},"primaryImageOfPage":{"@id":"https:\/\/tremdavale.org\/pt\/adiamento-do-sarau-do-dia-5-de-outubro-2\/#primaryimage"},"image":{"@id":"https:\/\/tremdavale.org\/pt\/adiamento-do-sarau-do-dia-5-de-outubro-2\/#primaryimage"},"thumbnailUrl":"https:\/\/tremdavale.org\/wp-content\/uploads\/untitled-1_artboard-2-copy2.jpg","datePublished":"2014-04-30T00:49:00+00:00","dateModified":"2025-10-10T11:57:00+00:00","author":{"@id":"https:\/\/tremdavale.org\/pt\/#\/schema\/person\/50912137d47426d31329f246d02eaeca"},"breadcrumb":{"@id":"https:\/\/tremdavale.org\/pt\/adiamento-do-sarau-do-dia-5-de-outubro-2\/#breadcrumb"},"inLanguage":"pt-PT","potentialAction":[{"@type":"ReadAction","target":["https:\/\/tremdavale.org\/pt\/adiamento-do-sarau-do-dia-5-de-outubro-2\/"]}]},{"@type":"ImageObject","inLanguage":"pt-PT","@id":"https:\/\/tremdavale.org\/pt\/adiamento-do-sarau-do-dia-5-de-outubro-2\/#primaryimage","url":"https:\/\/tremdavale.org\/wp-content\/uploads\/untitled-1_artboard-2-copy2.jpg","contentUrl":"https:\/\/tremdavale.org\/wp-content\/uploads\/untitled-1_artboard-2-copy2.jpg","width":571,"height":556},{"@type":"BreadcrumbList","@id":"https:\/\/tremdavale.org\/pt\/adiamento-do-sarau-do-dia-5-de-outubro-2\/#breadcrumb","itemListElement":[{"@type":"ListItem","position":1,"name":"In\u00edcio","item":"https:\/\/tremdavale.org\/pt\/"},{"@type":"ListItem","position":2,"name":"Sarau Brinquedos e Brincadeiras foi remarcado para o dia 16 de Outubro"}]},{"@type":"WebSite","@id":"https:\/\/tremdavale.org\/pt\/#website","url":"https:\/\/tremdavale.org\/pt\/","name":"Trem da Vale","description":"Programa de Educa\u00e7\u00e3o Patrimonial","potentialAction":[{"@type":"SearchAction","target":{"@type":"EntryPoint","urlTemplate":"https:\/\/tremdavale.org\/pt\/?s={search_term_string}"},"query-input":{"@type":"PropertyValueSpecification","valueRequired":true,"valueName":"search_term_string"}}],"inLanguage":"pt-PT"},{"@type":"Person","@id":"https:\/\/tremdavale.org\/pt\/#\/schema\/person\/50912137d47426d31329f246d02eaeca","name":"admin","image":{"@type":"ImageObject","inLanguage":"pt-PT","@id":"https:\/\/tremdavale.org\/pt\/#\/schema\/person\/image\/","url":"https:\/\/secure.gravatar.com\/avatar\/b3564f0fda6ea47959fe96a4217203e79a167568a37409758659bc3ba443b452?s=96&d=mm&r=g","contentUrl":"https:\/\/secure.gravatar.com\/avatar\/b3564f0fda6ea47959fe96a4217203e79a167568a37409758659bc3ba443b452?s=96&d=mm&r=g","caption":"admin"},"sameAs":["https:\/\/tremdavale.org"],"url":"https:\/\/tremdavale.org\/pt\/author\/admin\/"}]}},"_links":{"self":[{"href":"https:\/\/tremdavale.org\/pt\/wp-json\/wp\/v2\/posts\/64","targetHints":{"allow":["GET"]}}],"collection":[{"href":"https:\/\/tremdavale.org\/pt\/wp-json\/wp\/v2\/posts"}],"about":[{"href":"https:\/\/tremdavale.org\/pt\/wp-json\/wp\/v2\/types\/post"}],"author":[{"embeddable":true,"href":"https:\/\/tremdavale.org\/pt\/wp-json\/wp\/v2\/users\/1"}],"replies":[{"embeddable":true,"href":"https:\/\/tremdavale.org\/pt\/wp-json\/wp\/v2\/comments?post=64"}],"version-history":[{"count":0,"href":"https:\/\/tremdavale.org\/pt\/wp-json\/wp\/v2\/posts\/64\/revisions"}],"wp:featuredmedia":[{"embeddable":true,"href":"https:\/\/tremdavale.org\/pt\/wp-json\/wp\/v2\/media\/367"}],"wp:attachment":[{"href":"https:\/\/tremdavale.org\/pt\/wp-json\/wp\/v2\/media?parent=64"}],"wp:term":[{"taxonomy":"category","embeddable":true,"href":"https:\/\/tremdavale.org\/pt\/wp-json\/wp\/v2\/categories?post=64"},{"taxonomy":"post_tag","embeddable":true,"href":"https:\/\/tremdavale.org\/pt\/wp-json\/wp\/v2\/tags?post=64"}],"curies":[{"name":"wp","href":"https:\/\/api.w.org\/{rel}","templated":true}]}}