{"id":66,"date":"2011-09-11T20:15:00","date_gmt":"2011-09-11T20:15:00","guid":{"rendered":"https:\/\/tremdavale.org\/?p=66"},"modified":"2025-10-10T11:57:00","modified_gmt":"2025-10-10T11:57:00","slug":"alunos-da-faop-participam-de-oficina-no-vagao-sonoro-ambiental","status":"publish","type":"post","link":"https:\/\/tremdavale.org\/pt\/alunos-da-faop-participam-de-oficina-no-vagao-sonoro-ambiental\/","title":{"rendered":"Alunos da FAOP participam de oficina no Vag\u00e3o Sonoro Ambiental"},"content":{"rendered":"<p><img loading=\"lazy\" decoding=\"async\" class=\"size-medium\" title=\"musicalizacao-com-alunos-da-faop-05-05-10-foto-mariana-marques-32\" src=\"\/wp-content\/uploads\/musicalizacao-com-alunos-da-faop-05-05-10-foto-mariana-marques-32-300x199.jpg\" alt=\"Vag\u00e3o Sonoro Ambiental\" width=\"300\" height=\"199\"><\/p>\n<p>Vag\u00e3o Sonoro Ambiental<\/p>\n<p>&nbsp;<\/p>\n<p>Nos dias 04 e 05 de maio, 40 alunos do curso livre \u201cArtes Pl\u00e1sticas + M\u00fasica\u201d da Funda\u00e7\u00e3o de Arte de Ouro Preto &#8211; FAOP, participaram de uma oficina de musicaliza\u00e7\u00e3o no Vag\u00e3o Sonoro Ambiental do Programa de Educa\u00e7\u00e3o Patrimonial Trem da Vale.<\/p>\n<p>Situado na Esta\u00e7\u00e3o Ferrovi\u00e1ria de Ouro Preto, o Vag\u00e3o Sonoro Ambiental&nbsp; \u00e9 composto pela escultura Res\u00edduos Sonoros, constru\u00edda com sucatas variadas. O espa\u00e7o \u00e9 destinado \u00e0 realiza\u00e7\u00e3o de apresenta\u00e7\u00f5es musicais, aulas de musicaliza\u00e7\u00e3o e intera\u00e7\u00f5es pedag\u00f3gicas. A estrutura do vag\u00e3o abriga, ainda, uma Oficina Ecol\u00f3gica de Constru\u00e7\u00e3o de Instrumentos Musicais, aberta ao p\u00fablico visitante.<\/p>\n<p>A FAOP prop\u00f4s a atividade no Vag\u00e3o Sonoro com o intuito de conhecer e se apropriar desse equipamento cultural em pr\u00e1ticas de musicaliza\u00e7\u00e3o. A oficina foi ministrada por Gustavo Nunes, Jo\u00e3o Guimar\u00e3es e Mariana Zanchetta. Os alunos&nbsp;tiveram a oportunidade de conhecer e vivenciar as diversas fontes sonoras, instrumentos de corda, sopro e percuss\u00e3o que comp\u00f5em o Vag\u00e3o Sonoro Ambiental.<\/p>\n<p>Na <em>Oficina Ecol\u00f3gica de Constru\u00e7\u00e3o de Instrumentos Musicais<\/em>, os alunos constru\u00edram instrumentos utilizando materiais alternativos, que foram, posteriormente,&nbsp;usados na oficina.<\/p>\n<p>Na ocasi\u00e3o, os alunos conheceram um pouco mais&nbsp;sobre o m\u00fasico Fernando Sardo, que projetou as esculturas musicais do Vag\u00e3o Sonoro, al\u00e9m de vivenciarem os espa\u00e7os da Esta\u00e7\u00e3o Ferrovi\u00e1ria de Ouro Preto.<\/p>\n<p>&nbsp;<\/p>\n","protected":false},"excerpt":{"rendered":"<p>Vag\u00e3o Sonoro Ambiental &nbsp; Nos dias 04 e 05 de maio, 40 alunos do curso livre \u201cArtes Pl\u00e1sticas + M\u00fasica\u201d da Funda\u00e7\u00e3o de Arte de Ouro Preto &#8211; FAOP, participaram de uma oficina de musicaliza\u00e7\u00e3o no Vag\u00e3o Sonoro Ambiental do Programa de Educa\u00e7\u00e3o Patrimonial Trem da Vale. Situado na Esta\u00e7\u00e3o &hellip;<\/p>\n","protected":false},"author":1,"featured_media":369,"comment_status":"open","ping_status":"closed","sticky":false,"template":"","format":"standard","meta":{"footnotes":""},"categories":[3],"tags":[],"class_list":["post-66","post","type-post","status-publish","format-standard","has-post-thumbnail","hentry","category-noticias"],"yoast_head":"<!-- This site is optimized with the Yoast SEO plugin v26.1.1 - https:\/\/yoast.com\/wordpress\/plugins\/seo\/ -->\n<title>Alunos da FAOP participam de oficina no Vag\u00e3o Sonoro Ambiental &#8212; Trem da Vale<\/title>\n<meta name=\"robots\" content=\"index, follow, max-snippet:-1, max-image-preview:large, max-video-preview:-1\" \/>\n<link rel=\"canonical\" href=\"https:\/\/tremdavale.org\/pt\/alunos-da-faop-participam-de-oficina-no-vagao-sonoro-ambiental\/\" \/>\n<meta property=\"og:locale\" content=\"pt_PT\" \/>\n<meta property=\"og:type\" content=\"article\" \/>\n<meta property=\"og:title\" content=\"Alunos da FAOP participam de oficina no Vag\u00e3o Sonoro Ambiental &#8212; Trem da Vale\" \/>\n<meta property=\"og:description\" content=\"Vag\u00e3o Sonoro Ambiental &nbsp; Nos dias 04 e 05 de maio, 40 alunos do curso livre \u201cArtes Pl\u00e1sticas + M\u00fasica\u201d da Funda\u00e7\u00e3o de Arte de Ouro Preto &#8211; FAOP, participaram de uma oficina de musicaliza\u00e7\u00e3o no Vag\u00e3o Sonoro Ambiental do Programa de Educa\u00e7\u00e3o Patrimonial Trem da Vale. Situado na Esta\u00e7\u00e3o &hellip;\" \/>\n<meta property=\"og:url\" content=\"https:\/\/tremdavale.org\/pt\/alunos-da-faop-participam-de-oficina-no-vagao-sonoro-ambiental\/\" \/>\n<meta property=\"og:site_name\" content=\"Trem da Vale\" \/>\n<meta property=\"article:published_time\" content=\"2011-09-11T20:15:00+00:00\" \/>\n<meta property=\"article:modified_time\" content=\"2025-10-10T11:57:00+00:00\" \/>\n<meta property=\"og:image\" content=\"https:\/\/tremdavale.org\/wp-content\/uploads\/musicalizacao-com-alunos-da-faop-05-05-10-foto-mariana-marques-32-300x199.jpg\" \/>\n\t<meta property=\"og:image:width\" content=\"300\" \/>\n\t<meta property=\"og:image:height\" content=\"199\" \/>\n\t<meta property=\"og:image:type\" content=\"image\/jpeg\" \/>\n<meta name=\"author\" content=\"admin\" \/>\n<meta name=\"twitter:card\" content=\"summary_large_image\" \/>\n<meta name=\"twitter:label1\" content=\"Escrito por\" \/>\n\t<meta name=\"twitter:data1\" content=\"admin\" \/>\n\t<meta name=\"twitter:label2\" content=\"Tempo estimado de leitura\" \/>\n\t<meta name=\"twitter:data2\" content=\"1 minuto\" \/>\n<script type=\"application\/ld+json\" class=\"yoast-schema-graph\">{\"@context\":\"https:\/\/schema.org\",\"@graph\":[{\"@type\":\"WebPage\",\"@id\":\"https:\/\/tremdavale.org\/pt\/alunos-da-faop-participam-de-oficina-no-vagao-sonoro-ambiental\/\",\"url\":\"https:\/\/tremdavale.org\/pt\/alunos-da-faop-participam-de-oficina-no-vagao-sonoro-ambiental\/\",\"name\":\"Alunos da FAOP participam de oficina no Vag\u00e3o Sonoro Ambiental &#8212; Trem da Vale\",\"isPartOf\":{\"@id\":\"https:\/\/tremdavale.org\/pt\/#website\"},\"primaryImageOfPage\":{\"@id\":\"https:\/\/tremdavale.org\/pt\/alunos-da-faop-participam-de-oficina-no-vagao-sonoro-ambiental\/#primaryimage\"},\"image\":{\"@id\":\"https:\/\/tremdavale.org\/pt\/alunos-da-faop-participam-de-oficina-no-vagao-sonoro-ambiental\/#primaryimage\"},\"thumbnailUrl\":\"https:\/\/tremdavale.org\/wp-content\/uploads\/musicalizacao-com-alunos-da-faop-05-05-10-foto-mariana-marques-32-300x199.jpg\",\"datePublished\":\"2011-09-11T20:15:00+00:00\",\"dateModified\":\"2025-10-10T11:57:00+00:00\",\"author\":{\"@id\":\"https:\/\/tremdavale.org\/pt\/#\/schema\/person\/50912137d47426d31329f246d02eaeca\"},\"breadcrumb\":{\"@id\":\"https:\/\/tremdavale.org\/pt\/alunos-da-faop-participam-de-oficina-no-vagao-sonoro-ambiental\/#breadcrumb\"},\"inLanguage\":\"pt-PT\",\"potentialAction\":[{\"@type\":\"ReadAction\",\"target\":[\"https:\/\/tremdavale.org\/pt\/alunos-da-faop-participam-de-oficina-no-vagao-sonoro-ambiental\/\"]}]},{\"@type\":\"ImageObject\",\"inLanguage\":\"pt-PT\",\"@id\":\"https:\/\/tremdavale.org\/pt\/alunos-da-faop-participam-de-oficina-no-vagao-sonoro-ambiental\/#primaryimage\",\"url\":\"https:\/\/tremdavale.org\/wp-content\/uploads\/musicalizacao-com-alunos-da-faop-05-05-10-foto-mariana-marques-32-300x199.jpg\",\"contentUrl\":\"https:\/\/tremdavale.org\/wp-content\/uploads\/musicalizacao-com-alunos-da-faop-05-05-10-foto-mariana-marques-32-300x199.jpg\",\"width\":300,\"height\":199},{\"@type\":\"BreadcrumbList\",\"@id\":\"https:\/\/tremdavale.org\/pt\/alunos-da-faop-participam-de-oficina-no-vagao-sonoro-ambiental\/#breadcrumb\",\"itemListElement\":[{\"@type\":\"ListItem\",\"position\":1,\"name\":\"In\u00edcio\",\"item\":\"https:\/\/tremdavale.org\/pt\/\"},{\"@type\":\"ListItem\",\"position\":2,\"name\":\"Alunos da FAOP participam de oficina no Vag\u00e3o Sonoro Ambiental\"}]},{\"@type\":\"WebSite\",\"@id\":\"https:\/\/tremdavale.org\/pt\/#website\",\"url\":\"https:\/\/tremdavale.org\/pt\/\",\"name\":\"Trem da Vale\",\"description\":\"Programa de Educa\u00e7\u00e3o Patrimonial\",\"potentialAction\":[{\"@type\":\"SearchAction\",\"target\":{\"@type\":\"EntryPoint\",\"urlTemplate\":\"https:\/\/tremdavale.org\/pt\/?s={search_term_string}\"},\"query-input\":{\"@type\":\"PropertyValueSpecification\",\"valueRequired\":true,\"valueName\":\"search_term_string\"}}],\"inLanguage\":\"pt-PT\"},{\"@type\":\"Person\",\"@id\":\"https:\/\/tremdavale.org\/pt\/#\/schema\/person\/50912137d47426d31329f246d02eaeca\",\"name\":\"admin\",\"image\":{\"@type\":\"ImageObject\",\"inLanguage\":\"pt-PT\",\"@id\":\"https:\/\/tremdavale.org\/pt\/#\/schema\/person\/image\/\",\"url\":\"https:\/\/secure.gravatar.com\/avatar\/b3564f0fda6ea47959fe96a4217203e79a167568a37409758659bc3ba443b452?s=96&d=mm&r=g\",\"contentUrl\":\"https:\/\/secure.gravatar.com\/avatar\/b3564f0fda6ea47959fe96a4217203e79a167568a37409758659bc3ba443b452?s=96&d=mm&r=g\",\"caption\":\"admin\"},\"sameAs\":[\"https:\/\/tremdavale.org\"],\"url\":\"https:\/\/tremdavale.org\/pt\/author\/admin\/\"}]}<\/script>\n<!-- \/ Yoast SEO plugin. -->","yoast_head_json":{"title":"Alunos da FAOP participam de oficina no Vag\u00e3o Sonoro Ambiental &#8212; Trem da Vale","robots":{"index":"index","follow":"follow","max-snippet":"max-snippet:-1","max-image-preview":"max-image-preview:large","max-video-preview":"max-video-preview:-1"},"canonical":"https:\/\/tremdavale.org\/pt\/alunos-da-faop-participam-de-oficina-no-vagao-sonoro-ambiental\/","og_locale":"pt_PT","og_type":"article","og_title":"Alunos da FAOP participam de oficina no Vag\u00e3o Sonoro Ambiental &#8212; Trem da Vale","og_description":"Vag\u00e3o Sonoro Ambiental &nbsp; Nos dias 04 e 05 de maio, 40 alunos do curso livre \u201cArtes Pl\u00e1sticas + M\u00fasica\u201d da Funda\u00e7\u00e3o de Arte de Ouro Preto &#8211; FAOP, participaram de uma oficina de musicaliza\u00e7\u00e3o no Vag\u00e3o Sonoro Ambiental do Programa de Educa\u00e7\u00e3o Patrimonial Trem da Vale. Situado na Esta\u00e7\u00e3o &hellip;","og_url":"https:\/\/tremdavale.org\/pt\/alunos-da-faop-participam-de-oficina-no-vagao-sonoro-ambiental\/","og_site_name":"Trem da Vale","article_published_time":"2011-09-11T20:15:00+00:00","article_modified_time":"2025-10-10T11:57:00+00:00","og_image":[{"width":300,"height":199,"url":"https:\/\/tremdavale.org\/wp-content\/uploads\/musicalizacao-com-alunos-da-faop-05-05-10-foto-mariana-marques-32-300x199.jpg","type":"image\/jpeg"}],"author":"admin","twitter_card":"summary_large_image","twitter_misc":{"Escrito por":"admin","Tempo estimado de leitura":"1 minuto"},"schema":{"@context":"https:\/\/schema.org","@graph":[{"@type":"WebPage","@id":"https:\/\/tremdavale.org\/pt\/alunos-da-faop-participam-de-oficina-no-vagao-sonoro-ambiental\/","url":"https:\/\/tremdavale.org\/pt\/alunos-da-faop-participam-de-oficina-no-vagao-sonoro-ambiental\/","name":"Alunos da FAOP participam de oficina no Vag\u00e3o Sonoro Ambiental &#8212; Trem da Vale","isPartOf":{"@id":"https:\/\/tremdavale.org\/pt\/#website"},"primaryImageOfPage":{"@id":"https:\/\/tremdavale.org\/pt\/alunos-da-faop-participam-de-oficina-no-vagao-sonoro-ambiental\/#primaryimage"},"image":{"@id":"https:\/\/tremdavale.org\/pt\/alunos-da-faop-participam-de-oficina-no-vagao-sonoro-ambiental\/#primaryimage"},"thumbnailUrl":"https:\/\/tremdavale.org\/wp-content\/uploads\/musicalizacao-com-alunos-da-faop-05-05-10-foto-mariana-marques-32-300x199.jpg","datePublished":"2011-09-11T20:15:00+00:00","dateModified":"2025-10-10T11:57:00+00:00","author":{"@id":"https:\/\/tremdavale.org\/pt\/#\/schema\/person\/50912137d47426d31329f246d02eaeca"},"breadcrumb":{"@id":"https:\/\/tremdavale.org\/pt\/alunos-da-faop-participam-de-oficina-no-vagao-sonoro-ambiental\/#breadcrumb"},"inLanguage":"pt-PT","potentialAction":[{"@type":"ReadAction","target":["https:\/\/tremdavale.org\/pt\/alunos-da-faop-participam-de-oficina-no-vagao-sonoro-ambiental\/"]}]},{"@type":"ImageObject","inLanguage":"pt-PT","@id":"https:\/\/tremdavale.org\/pt\/alunos-da-faop-participam-de-oficina-no-vagao-sonoro-ambiental\/#primaryimage","url":"https:\/\/tremdavale.org\/wp-content\/uploads\/musicalizacao-com-alunos-da-faop-05-05-10-foto-mariana-marques-32-300x199.jpg","contentUrl":"https:\/\/tremdavale.org\/wp-content\/uploads\/musicalizacao-com-alunos-da-faop-05-05-10-foto-mariana-marques-32-300x199.jpg","width":300,"height":199},{"@type":"BreadcrumbList","@id":"https:\/\/tremdavale.org\/pt\/alunos-da-faop-participam-de-oficina-no-vagao-sonoro-ambiental\/#breadcrumb","itemListElement":[{"@type":"ListItem","position":1,"name":"In\u00edcio","item":"https:\/\/tremdavale.org\/pt\/"},{"@type":"ListItem","position":2,"name":"Alunos da FAOP participam de oficina no Vag\u00e3o Sonoro Ambiental"}]},{"@type":"WebSite","@id":"https:\/\/tremdavale.org\/pt\/#website","url":"https:\/\/tremdavale.org\/pt\/","name":"Trem da Vale","description":"Programa de Educa\u00e7\u00e3o Patrimonial","potentialAction":[{"@type":"SearchAction","target":{"@type":"EntryPoint","urlTemplate":"https:\/\/tremdavale.org\/pt\/?s={search_term_string}"},"query-input":{"@type":"PropertyValueSpecification","valueRequired":true,"valueName":"search_term_string"}}],"inLanguage":"pt-PT"},{"@type":"Person","@id":"https:\/\/tremdavale.org\/pt\/#\/schema\/person\/50912137d47426d31329f246d02eaeca","name":"admin","image":{"@type":"ImageObject","inLanguage":"pt-PT","@id":"https:\/\/tremdavale.org\/pt\/#\/schema\/person\/image\/","url":"https:\/\/secure.gravatar.com\/avatar\/b3564f0fda6ea47959fe96a4217203e79a167568a37409758659bc3ba443b452?s=96&d=mm&r=g","contentUrl":"https:\/\/secure.gravatar.com\/avatar\/b3564f0fda6ea47959fe96a4217203e79a167568a37409758659bc3ba443b452?s=96&d=mm&r=g","caption":"admin"},"sameAs":["https:\/\/tremdavale.org"],"url":"https:\/\/tremdavale.org\/pt\/author\/admin\/"}]}},"_links":{"self":[{"href":"https:\/\/tremdavale.org\/pt\/wp-json\/wp\/v2\/posts\/66","targetHints":{"allow":["GET"]}}],"collection":[{"href":"https:\/\/tremdavale.org\/pt\/wp-json\/wp\/v2\/posts"}],"about":[{"href":"https:\/\/tremdavale.org\/pt\/wp-json\/wp\/v2\/types\/post"}],"author":[{"embeddable":true,"href":"https:\/\/tremdavale.org\/pt\/wp-json\/wp\/v2\/users\/1"}],"replies":[{"embeddable":true,"href":"https:\/\/tremdavale.org\/pt\/wp-json\/wp\/v2\/comments?post=66"}],"version-history":[{"count":0,"href":"https:\/\/tremdavale.org\/pt\/wp-json\/wp\/v2\/posts\/66\/revisions"}],"wp:featuredmedia":[{"embeddable":true,"href":"https:\/\/tremdavale.org\/pt\/wp-json\/wp\/v2\/media\/369"}],"wp:attachment":[{"href":"https:\/\/tremdavale.org\/pt\/wp-json\/wp\/v2\/media?parent=66"}],"wp:term":[{"taxonomy":"category","embeddable":true,"href":"https:\/\/tremdavale.org\/pt\/wp-json\/wp\/v2\/categories?post=66"},{"taxonomy":"post_tag","embeddable":true,"href":"https:\/\/tremdavale.org\/pt\/wp-json\/wp\/v2\/tags?post=66"}],"curies":[{"name":"wp","href":"https:\/\/api.w.org\/{rel}","templated":true}]}}