{"id":67,"date":"2011-09-12T07:32:00","date_gmt":"2011-09-12T07:32:00","guid":{"rendered":"https:\/\/tremdavale.org\/?p=67"},"modified":"2025-10-10T11:57:00","modified_gmt":"2025-10-10T11:57:00","slug":"amigos-da-escola-na-tenda-cultural-da-vale","status":"publish","type":"post","link":"https:\/\/tremdavale.org\/pt\/amigos-da-escola-na-tenda-cultural-da-vale\/","title":{"rendered":"Amigos da Escola na Tenda Cultural da Vale"},"content":{"rendered":"<p><img loading=\"lazy\" decoding=\"async\" class=\"size-medium\" src=\"\/wp-content\/uploads\/foto-11-300x200.jpg\" alt=\"Durante o encontro Amigos da Escola.\" width=\"300\" height=\"200\"><\/p>\n<p>Durante o encontro Amigos da Escola.<\/p>\n<p>&nbsp;<\/p>\n<p style=\"text-align: justify;\">A Tenda Cultural de Ouro Preto realizou nesta quinta-feira, dia 04\/11\/2010 o <em>Dia Tem\u00e1tico<\/em>, que volta suas a\u00e7\u00f5es para mobiliza\u00e7\u00e3o de Escolas em todo o pa\u00eds, trabalhando quest\u00f5es de relev\u00e2ncia para a sociedade local.<!--more--><\/p>\n<p style=\"text-align: justify;\">O <em>Dia Tem\u00e1tico<\/em> faz parte do Projeto Amigos da Escola, criado pela TV Globo, visando contribuir para o fortalecimento da educa\u00e7\u00e3o e da escola p\u00fablica do quinto ano de educa\u00e7\u00e3o b\u00e1sica e estimular o envolvimento da sociedade com os profissionais de educa\u00e7\u00e3o. A iniciativa conta com o apoio de volunt\u00e1rios e entidades que colaboram nas a\u00e7\u00f5es educacionais em beneficio da comunidade.<\/p>\n<p style=\"text-align: justify;\">O tema trabalhando foi Meio Ambiente. Os alunos de oito escolas da rede p\u00fablica de Ouro Preto discutiram quest\u00f5es em torno da polui\u00e7\u00e3o e a\u00e7\u00f5es de preven\u00e7\u00e3o. Cada escola exibiu os trabalhos, maquetes, pain\u00e9is e colagens realizados em sala de aula, baseando-se no livro: <em>Manual do Defensor do Planeta<\/em>, de autoria de Jo\u00e3o Alegria e Rodrigo Medeiros.<\/p>\n<p style=\"text-align: justify;\">Ap\u00f3s as atividades, os alunos participaram de um bate-papo com os autores do livro e tiveram a oportunidade de aprender sobre o futuro e o cuidado que todos devem ter na rela\u00e7\u00e3o ser humano &#8211; meio ambiente. O bate-papo fez parte da programa\u00e7\u00e3o do F\u00f3rum das Letrinhas e contou com um p\u00fablico de aproximadamente 180 pessoas.<\/p>\n<p style=\"text-align: justify;\">Durante o evento estavam presentes o Prefeito de Ouro Preto, Sr. \u00c2ngelo Oswaldo; o Pr\u00f3-Reitor de Extens\u00e3o da UFOP, Sr. Armando Maia Wood; a Coordenadora Geral do F\u00f3rum das Letras, Sra. Guiomar de Grammont; a Secret\u00e1ria Municipal de Educa\u00e7\u00e3o Sra. Marc\u00edlia Chaves e toda a equipe do Programa de Educa\u00e7\u00e3o Patrimonial Trem da Vale, que contribuiu para a realiza\u00e7\u00e3o do evento.<\/p>\n<p>&nbsp;<\/p>\n","protected":false},"excerpt":{"rendered":"<p>Durante o encontro Amigos da Escola. &nbsp; A Tenda Cultural de Ouro Preto realizou nesta quinta-feira, dia 04\/11\/2010 o Dia Tem\u00e1tico, que volta suas a\u00e7\u00f5es para mobiliza\u00e7\u00e3o de Escolas em todo o pa\u00eds, trabalhando quest\u00f5es de relev\u00e2ncia para a sociedade local.<\/p>\n","protected":false},"author":1,"featured_media":370,"comment_status":"open","ping_status":"closed","sticky":false,"template":"","format":"standard","meta":{"footnotes":""},"categories":[2],"tags":[],"class_list":["post-67","post","type-post","status-publish","format-standard","has-post-thumbnail","hentry","category-destaques-home"],"yoast_head":"<!-- This site is optimized with the Yoast SEO plugin v26.1.1 - https:\/\/yoast.com\/wordpress\/plugins\/seo\/ -->\n<title>Amigos da Escola na Tenda Cultural da Vale &#8212; Trem da Vale<\/title>\n<meta name=\"robots\" content=\"index, follow, max-snippet:-1, max-image-preview:large, max-video-preview:-1\" \/>\n<link rel=\"canonical\" href=\"https:\/\/tremdavale.org\/pt\/amigos-da-escola-na-tenda-cultural-da-vale\/\" \/>\n<meta property=\"og:locale\" content=\"pt_PT\" \/>\n<meta property=\"og:type\" content=\"article\" \/>\n<meta property=\"og:title\" content=\"Amigos da Escola na Tenda Cultural da Vale &#8212; Trem da Vale\" \/>\n<meta property=\"og:description\" content=\"Durante o encontro Amigos da Escola. &nbsp; A Tenda Cultural de Ouro Preto realizou nesta quinta-feira, dia 04\/11\/2010 o Dia Tem\u00e1tico, que volta suas a\u00e7\u00f5es para mobiliza\u00e7\u00e3o de Escolas em todo o pa\u00eds, trabalhando quest\u00f5es de relev\u00e2ncia para a sociedade local.\" \/>\n<meta property=\"og:url\" content=\"https:\/\/tremdavale.org\/pt\/amigos-da-escola-na-tenda-cultural-da-vale\/\" \/>\n<meta property=\"og:site_name\" content=\"Trem da Vale\" \/>\n<meta property=\"article:published_time\" content=\"2011-09-12T07:32:00+00:00\" \/>\n<meta property=\"article:modified_time\" content=\"2025-10-10T11:57:00+00:00\" \/>\n<meta property=\"og:image\" content=\"https:\/\/tremdavale.org\/wp-content\/uploads\/foto-11-300x200.jpg\" \/>\n\t<meta property=\"og:image:width\" content=\"300\" \/>\n\t<meta property=\"og:image:height\" content=\"200\" \/>\n\t<meta property=\"og:image:type\" content=\"image\/jpeg\" \/>\n<meta name=\"author\" content=\"admin\" \/>\n<meta name=\"twitter:card\" content=\"summary_large_image\" \/>\n<meta name=\"twitter:label1\" content=\"Escrito por\" \/>\n\t<meta name=\"twitter:data1\" content=\"admin\" \/>\n\t<meta name=\"twitter:label2\" content=\"Tempo estimado de leitura\" \/>\n\t<meta name=\"twitter:data2\" content=\"2 minutos\" \/>\n<script type=\"application\/ld+json\" class=\"yoast-schema-graph\">{\"@context\":\"https:\/\/schema.org\",\"@graph\":[{\"@type\":\"WebPage\",\"@id\":\"https:\/\/tremdavale.org\/pt\/amigos-da-escola-na-tenda-cultural-da-vale\/\",\"url\":\"https:\/\/tremdavale.org\/pt\/amigos-da-escola-na-tenda-cultural-da-vale\/\",\"name\":\"Amigos da Escola na Tenda Cultural da Vale &#8212; Trem da Vale\",\"isPartOf\":{\"@id\":\"https:\/\/tremdavale.org\/pt\/#website\"},\"primaryImageOfPage\":{\"@id\":\"https:\/\/tremdavale.org\/pt\/amigos-da-escola-na-tenda-cultural-da-vale\/#primaryimage\"},\"image\":{\"@id\":\"https:\/\/tremdavale.org\/pt\/amigos-da-escola-na-tenda-cultural-da-vale\/#primaryimage\"},\"thumbnailUrl\":\"https:\/\/tremdavale.org\/wp-content\/uploads\/foto-11-300x200.jpg\",\"datePublished\":\"2011-09-12T07:32:00+00:00\",\"dateModified\":\"2025-10-10T11:57:00+00:00\",\"author\":{\"@id\":\"https:\/\/tremdavale.org\/pt\/#\/schema\/person\/50912137d47426d31329f246d02eaeca\"},\"breadcrumb\":{\"@id\":\"https:\/\/tremdavale.org\/pt\/amigos-da-escola-na-tenda-cultural-da-vale\/#breadcrumb\"},\"inLanguage\":\"pt-PT\",\"potentialAction\":[{\"@type\":\"ReadAction\",\"target\":[\"https:\/\/tremdavale.org\/pt\/amigos-da-escola-na-tenda-cultural-da-vale\/\"]}]},{\"@type\":\"ImageObject\",\"inLanguage\":\"pt-PT\",\"@id\":\"https:\/\/tremdavale.org\/pt\/amigos-da-escola-na-tenda-cultural-da-vale\/#primaryimage\",\"url\":\"https:\/\/tremdavale.org\/wp-content\/uploads\/foto-11-300x200.jpg\",\"contentUrl\":\"https:\/\/tremdavale.org\/wp-content\/uploads\/foto-11-300x200.jpg\",\"width\":300,\"height\":200},{\"@type\":\"BreadcrumbList\",\"@id\":\"https:\/\/tremdavale.org\/pt\/amigos-da-escola-na-tenda-cultural-da-vale\/#breadcrumb\",\"itemListElement\":[{\"@type\":\"ListItem\",\"position\":1,\"name\":\"In\u00edcio\",\"item\":\"https:\/\/tremdavale.org\/pt\/\"},{\"@type\":\"ListItem\",\"position\":2,\"name\":\"Amigos da Escola na Tenda Cultural da Vale\"}]},{\"@type\":\"WebSite\",\"@id\":\"https:\/\/tremdavale.org\/pt\/#website\",\"url\":\"https:\/\/tremdavale.org\/pt\/\",\"name\":\"Trem da Vale\",\"description\":\"Programa de Educa\u00e7\u00e3o Patrimonial\",\"potentialAction\":[{\"@type\":\"SearchAction\",\"target\":{\"@type\":\"EntryPoint\",\"urlTemplate\":\"https:\/\/tremdavale.org\/pt\/?s={search_term_string}\"},\"query-input\":{\"@type\":\"PropertyValueSpecification\",\"valueRequired\":true,\"valueName\":\"search_term_string\"}}],\"inLanguage\":\"pt-PT\"},{\"@type\":\"Person\",\"@id\":\"https:\/\/tremdavale.org\/pt\/#\/schema\/person\/50912137d47426d31329f246d02eaeca\",\"name\":\"admin\",\"image\":{\"@type\":\"ImageObject\",\"inLanguage\":\"pt-PT\",\"@id\":\"https:\/\/tremdavale.org\/pt\/#\/schema\/person\/image\/\",\"url\":\"https:\/\/secure.gravatar.com\/avatar\/b3564f0fda6ea47959fe96a4217203e79a167568a37409758659bc3ba443b452?s=96&d=mm&r=g\",\"contentUrl\":\"https:\/\/secure.gravatar.com\/avatar\/b3564f0fda6ea47959fe96a4217203e79a167568a37409758659bc3ba443b452?s=96&d=mm&r=g\",\"caption\":\"admin\"},\"sameAs\":[\"https:\/\/tremdavale.org\"],\"url\":\"https:\/\/tremdavale.org\/pt\/author\/admin\/\"}]}<\/script>\n<!-- \/ Yoast SEO plugin. -->","yoast_head_json":{"title":"Amigos da Escola na Tenda Cultural da Vale &#8212; Trem da Vale","robots":{"index":"index","follow":"follow","max-snippet":"max-snippet:-1","max-image-preview":"max-image-preview:large","max-video-preview":"max-video-preview:-1"},"canonical":"https:\/\/tremdavale.org\/pt\/amigos-da-escola-na-tenda-cultural-da-vale\/","og_locale":"pt_PT","og_type":"article","og_title":"Amigos da Escola na Tenda Cultural da Vale &#8212; Trem da Vale","og_description":"Durante o encontro Amigos da Escola. &nbsp; A Tenda Cultural de Ouro Preto realizou nesta quinta-feira, dia 04\/11\/2010 o Dia Tem\u00e1tico, que volta suas a\u00e7\u00f5es para mobiliza\u00e7\u00e3o de Escolas em todo o pa\u00eds, trabalhando quest\u00f5es de relev\u00e2ncia para a sociedade local.","og_url":"https:\/\/tremdavale.org\/pt\/amigos-da-escola-na-tenda-cultural-da-vale\/","og_site_name":"Trem da Vale","article_published_time":"2011-09-12T07:32:00+00:00","article_modified_time":"2025-10-10T11:57:00+00:00","og_image":[{"width":300,"height":200,"url":"https:\/\/tremdavale.org\/wp-content\/uploads\/foto-11-300x200.jpg","type":"image\/jpeg"}],"author":"admin","twitter_card":"summary_large_image","twitter_misc":{"Escrito por":"admin","Tempo estimado de leitura":"2 minutos"},"schema":{"@context":"https:\/\/schema.org","@graph":[{"@type":"WebPage","@id":"https:\/\/tremdavale.org\/pt\/amigos-da-escola-na-tenda-cultural-da-vale\/","url":"https:\/\/tremdavale.org\/pt\/amigos-da-escola-na-tenda-cultural-da-vale\/","name":"Amigos da Escola na Tenda Cultural da Vale &#8212; Trem da Vale","isPartOf":{"@id":"https:\/\/tremdavale.org\/pt\/#website"},"primaryImageOfPage":{"@id":"https:\/\/tremdavale.org\/pt\/amigos-da-escola-na-tenda-cultural-da-vale\/#primaryimage"},"image":{"@id":"https:\/\/tremdavale.org\/pt\/amigos-da-escola-na-tenda-cultural-da-vale\/#primaryimage"},"thumbnailUrl":"https:\/\/tremdavale.org\/wp-content\/uploads\/foto-11-300x200.jpg","datePublished":"2011-09-12T07:32:00+00:00","dateModified":"2025-10-10T11:57:00+00:00","author":{"@id":"https:\/\/tremdavale.org\/pt\/#\/schema\/person\/50912137d47426d31329f246d02eaeca"},"breadcrumb":{"@id":"https:\/\/tremdavale.org\/pt\/amigos-da-escola-na-tenda-cultural-da-vale\/#breadcrumb"},"inLanguage":"pt-PT","potentialAction":[{"@type":"ReadAction","target":["https:\/\/tremdavale.org\/pt\/amigos-da-escola-na-tenda-cultural-da-vale\/"]}]},{"@type":"ImageObject","inLanguage":"pt-PT","@id":"https:\/\/tremdavale.org\/pt\/amigos-da-escola-na-tenda-cultural-da-vale\/#primaryimage","url":"https:\/\/tremdavale.org\/wp-content\/uploads\/foto-11-300x200.jpg","contentUrl":"https:\/\/tremdavale.org\/wp-content\/uploads\/foto-11-300x200.jpg","width":300,"height":200},{"@type":"BreadcrumbList","@id":"https:\/\/tremdavale.org\/pt\/amigos-da-escola-na-tenda-cultural-da-vale\/#breadcrumb","itemListElement":[{"@type":"ListItem","position":1,"name":"In\u00edcio","item":"https:\/\/tremdavale.org\/pt\/"},{"@type":"ListItem","position":2,"name":"Amigos da Escola na Tenda Cultural da Vale"}]},{"@type":"WebSite","@id":"https:\/\/tremdavale.org\/pt\/#website","url":"https:\/\/tremdavale.org\/pt\/","name":"Trem da Vale","description":"Programa de Educa\u00e7\u00e3o Patrimonial","potentialAction":[{"@type":"SearchAction","target":{"@type":"EntryPoint","urlTemplate":"https:\/\/tremdavale.org\/pt\/?s={search_term_string}"},"query-input":{"@type":"PropertyValueSpecification","valueRequired":true,"valueName":"search_term_string"}}],"inLanguage":"pt-PT"},{"@type":"Person","@id":"https:\/\/tremdavale.org\/pt\/#\/schema\/person\/50912137d47426d31329f246d02eaeca","name":"admin","image":{"@type":"ImageObject","inLanguage":"pt-PT","@id":"https:\/\/tremdavale.org\/pt\/#\/schema\/person\/image\/","url":"https:\/\/secure.gravatar.com\/avatar\/b3564f0fda6ea47959fe96a4217203e79a167568a37409758659bc3ba443b452?s=96&d=mm&r=g","contentUrl":"https:\/\/secure.gravatar.com\/avatar\/b3564f0fda6ea47959fe96a4217203e79a167568a37409758659bc3ba443b452?s=96&d=mm&r=g","caption":"admin"},"sameAs":["https:\/\/tremdavale.org"],"url":"https:\/\/tremdavale.org\/pt\/author\/admin\/"}]}},"_links":{"self":[{"href":"https:\/\/tremdavale.org\/pt\/wp-json\/wp\/v2\/posts\/67","targetHints":{"allow":["GET"]}}],"collection":[{"href":"https:\/\/tremdavale.org\/pt\/wp-json\/wp\/v2\/posts"}],"about":[{"href":"https:\/\/tremdavale.org\/pt\/wp-json\/wp\/v2\/types\/post"}],"author":[{"embeddable":true,"href":"https:\/\/tremdavale.org\/pt\/wp-json\/wp\/v2\/users\/1"}],"replies":[{"embeddable":true,"href":"https:\/\/tremdavale.org\/pt\/wp-json\/wp\/v2\/comments?post=67"}],"version-history":[{"count":0,"href":"https:\/\/tremdavale.org\/pt\/wp-json\/wp\/v2\/posts\/67\/revisions"}],"wp:featuredmedia":[{"embeddable":true,"href":"https:\/\/tremdavale.org\/pt\/wp-json\/wp\/v2\/media\/370"}],"wp:attachment":[{"href":"https:\/\/tremdavale.org\/pt\/wp-json\/wp\/v2\/media?parent=67"}],"wp:term":[{"taxonomy":"category","embeddable":true,"href":"https:\/\/tremdavale.org\/pt\/wp-json\/wp\/v2\/categories?post=67"},{"taxonomy":"post_tag","embeddable":true,"href":"https:\/\/tremdavale.org\/pt\/wp-json\/wp\/v2\/tags?post=67"}],"curies":[{"name":"wp","href":"https:\/\/api.w.org\/{rel}","templated":true}]}}