{"id":69,"date":"2013-08-25T04:59:00","date_gmt":"2013-08-25T04:59:00","guid":{"rendered":"https:\/\/tremdavale.org\/?p=69"},"modified":"2025-10-10T11:57:00","modified_gmt":"2025-10-10T11:57:00","slug":"as-entrevistas-realizadas-em-novembro-pelo-nucleo-de-historia-oral","status":"publish","type":"post","link":"https:\/\/tremdavale.org\/pt\/as-entrevistas-realizadas-em-novembro-pelo-nucleo-de-historia-oral\/","title":{"rendered":"As entrevistas realizadas em novembro pelo N\u00facleo de Hist\u00f3ria Oral"},"content":{"rendered":"<p>O N\u00facleo de Hist\u00f3ria Oral do Vale Registrar realizou, nos dias 20 e 27 de novembro, duas grava\u00e7\u00f5es de entrevistas. Em Mariana, no dia 20, foi realizada uma entrevista da tipologia Hist\u00f3ria de Vida. Em Ouro Preto foi realizada, no dia 27, uma entrevista tipologia Hist\u00f3ria Tem\u00e1tica Clubes Socioesportivos.<\/p>\n<p>Filha de tradicional fam\u00edlia marianense, Mar\u00edlia Queiroz Camillo, nasceu no Rio de Janeiro, mas ainda na inf\u00e2ncia, mudou-se para Mariana. Dentre suas lembran\u00e7as, registradas na entrevista, vale ressaltar a minuciosa descri\u00e7\u00e3o da Casa Modelo, estabelecimento comercial pertencente a seus tios, que se localizava na Rua Direita; os carnavais do Marianense, bem como seu estranhamento com h\u00e1bitos e rotinas comuns nas pequenas cidades que, por\u00e9m, diferiam de sua experi\u00eancia como moradora da antiga capital do Pa\u00eds.<\/p>\n<p>Em Ouro Preto, a entrevistada foi Eunice Martins de Carvalho, popularmente conhecida como Nicinha de Carvalho, que contou divertidas hist\u00f3rias da Associa\u00e7\u00e3o Atl\u00e9tica Aluminas. Natural de Ponte Nova, na d\u00e9cada de 1950, ap\u00f3s se casar com Jos\u00e9 de Carvalho Sobrinho (ex-jogador, massagista e soldador da ALCAN), mudou-se para Ouro Preto. A partir de ent\u00e3o, come\u00e7ou a ter proximidade com a vida social e esportiva do Aluminas: n\u00e3o perdia um baile na sede social do clube ou um jogo do time de futebol, fosse este em Saramenha, na Barra ou at\u00e9 mesmo em outro munic\u00edpio. Por quase uma hora, Dona Nicinha recordou as faixas de campe\u00e3o que colocou em seu marido, das brigas no campo e da apaixonada torcida do Aluminas, que sempre acompanhava o time com bandeiras, tambores e faixas.<\/p>\n<p>As entrevistas agora entram em sua etapa de processamento: captura do \u00e1udio, transcri\u00e7\u00e3o, elabora\u00e7\u00e3o das notas de rodap\u00e9, confer\u00eancia de fidelidade, copidesque, reda\u00e7\u00e3o de resumos e edi\u00e7\u00e3o do v\u00eddeo. No final desta fase do programa de hist\u00f3ria oral, estas e as outras entrevistas que seguir\u00e3o, ser\u00e3o reunidas no acervo do Vale Registrar dispon\u00edvel para consultas e pesquisas na Biblioteca Infanto-Juvenil da Esta\u00e7\u00e3o de Mariana, e tamb\u00e9m neste <em>site<\/em>.<\/p>\n<p>&nbsp;<\/p>\n<p><img loading=\"lazy\" decoding=\"async\" class=\"size-medium\" title=\"02-marilia-queiroz\" src=\"\/wp-content\/uploads\/02-marilia-queiroz-300x199.jpg\" alt=\"02-marilia-queiroz\" width=\"300\" height=\"199\"><\/p>\n<p>A equipe do Vale Registrar &#8211; Josanne Sim\u00f5es (entrevistadora), Rodrigo Benevenuto (estagi\u00e1rio) e Leonardo Penna (c\u00e2mera), inicia as grava\u00e7\u00f5es da entrevista tipologia Hist\u00f3ria de Vida com a entrevistada Mar\u00edlia Queiroz Camillo no Vag\u00e3o Oficina de V\u00eddeo \/ Sala de Hist\u00f3rias da Esta\u00e7\u00e3o Ferrovi\u00e1ria de Mariana. Foto: Rafael Bou\u00e7as<\/p>\n<p>&nbsp;<\/p>\n<p><img loading=\"lazy\" decoding=\"async\" class=\"size-medium\" title=\"03-eunice-martins\" src=\"\/wp-content\/uploads\/03-eunice-martins-300x202.jpg\" alt=\"03-eunice-martins\" width=\"300\" height=\"202\"><\/p>\n<p>A entrevistada Eunice Martins de Carvalho, seu filho Carlos Alberto de Carvalho e a equipe do Vale Registrar: Leonardo Penna, Rafael Bou\u00e7as, Rafael Veloso e Eder Melo na plataforma da Esta\u00e7\u00e3o Ferrovi\u00e1ria de Ouro Preto. Foto: Cristiane Evangelista<\/p>\n<p>&nbsp;<\/p>\n","protected":false},"excerpt":{"rendered":"<p>O N\u00facleo de Hist\u00f3ria Oral do Vale Registrar realizou, nos dias 20 e 27 de novembro, duas grava\u00e7\u00f5es de entrevistas. Em Mariana, no dia 20, foi realizada uma entrevista da tipologia Hist\u00f3ria de Vida. Em Ouro Preto foi realizada, no dia 27, uma entrevista tipologia Hist\u00f3ria Tem\u00e1tica Clubes Socioesportivos. Filha &hellip;<\/p>\n","protected":false},"author":1,"featured_media":372,"comment_status":"open","ping_status":"closed","sticky":false,"template":"","format":"standard","meta":{"footnotes":""},"categories":[2],"tags":[],"class_list":["post-69","post","type-post","status-publish","format-standard","has-post-thumbnail","hentry","category-destaques-home"],"yoast_head":"<!-- This site is optimized with the Yoast SEO plugin v26.1.1 - https:\/\/yoast.com\/wordpress\/plugins\/seo\/ -->\n<title>As entrevistas realizadas em novembro pelo N\u00facleo de Hist\u00f3ria Oral &#8212; Trem da Vale<\/title>\n<meta name=\"robots\" content=\"index, follow, max-snippet:-1, max-image-preview:large, max-video-preview:-1\" \/>\n<link rel=\"canonical\" href=\"https:\/\/tremdavale.org\/pt\/as-entrevistas-realizadas-em-novembro-pelo-nucleo-de-historia-oral\/\" \/>\n<meta property=\"og:locale\" content=\"pt_PT\" \/>\n<meta property=\"og:type\" content=\"article\" \/>\n<meta property=\"og:title\" content=\"As entrevistas realizadas em novembro pelo N\u00facleo de Hist\u00f3ria Oral &#8212; Trem da Vale\" \/>\n<meta property=\"og:description\" content=\"O N\u00facleo de Hist\u00f3ria Oral do Vale Registrar realizou, nos dias 20 e 27 de novembro, duas grava\u00e7\u00f5es de entrevistas. Em Mariana, no dia 20, foi realizada uma entrevista da tipologia Hist\u00f3ria de Vida. Em Ouro Preto foi realizada, no dia 27, uma entrevista tipologia Hist\u00f3ria Tem\u00e1tica Clubes Socioesportivos. Filha &hellip;\" \/>\n<meta property=\"og:url\" content=\"https:\/\/tremdavale.org\/pt\/as-entrevistas-realizadas-em-novembro-pelo-nucleo-de-historia-oral\/\" \/>\n<meta property=\"og:site_name\" content=\"Trem da Vale\" \/>\n<meta property=\"article:published_time\" content=\"2013-08-25T04:59:00+00:00\" \/>\n<meta property=\"article:modified_time\" content=\"2025-10-10T11:57:00+00:00\" \/>\n<meta property=\"og:image\" content=\"https:\/\/tremdavale.org\/wp-content\/uploads\/02-marilia-queiroz-300x199.jpg\" \/>\n\t<meta property=\"og:image:width\" content=\"300\" \/>\n\t<meta property=\"og:image:height\" content=\"199\" \/>\n\t<meta property=\"og:image:type\" content=\"image\/jpeg\" \/>\n<meta name=\"author\" content=\"admin\" \/>\n<meta name=\"twitter:card\" content=\"summary_large_image\" \/>\n<meta name=\"twitter:label1\" content=\"Escrito por\" \/>\n\t<meta name=\"twitter:data1\" content=\"admin\" \/>\n\t<meta name=\"twitter:label2\" content=\"Tempo estimado de leitura\" \/>\n\t<meta name=\"twitter:data2\" content=\"2 minutos\" \/>\n<script type=\"application\/ld+json\" class=\"yoast-schema-graph\">{\"@context\":\"https:\/\/schema.org\",\"@graph\":[{\"@type\":\"WebPage\",\"@id\":\"https:\/\/tremdavale.org\/pt\/as-entrevistas-realizadas-em-novembro-pelo-nucleo-de-historia-oral\/\",\"url\":\"https:\/\/tremdavale.org\/pt\/as-entrevistas-realizadas-em-novembro-pelo-nucleo-de-historia-oral\/\",\"name\":\"As entrevistas realizadas em novembro pelo N\u00facleo de Hist\u00f3ria Oral &#8212; Trem da Vale\",\"isPartOf\":{\"@id\":\"https:\/\/tremdavale.org\/pt\/#website\"},\"primaryImageOfPage\":{\"@id\":\"https:\/\/tremdavale.org\/pt\/as-entrevistas-realizadas-em-novembro-pelo-nucleo-de-historia-oral\/#primaryimage\"},\"image\":{\"@id\":\"https:\/\/tremdavale.org\/pt\/as-entrevistas-realizadas-em-novembro-pelo-nucleo-de-historia-oral\/#primaryimage\"},\"thumbnailUrl\":\"https:\/\/tremdavale.org\/wp-content\/uploads\/02-marilia-queiroz-300x199.jpg\",\"datePublished\":\"2013-08-25T04:59:00+00:00\",\"dateModified\":\"2025-10-10T11:57:00+00:00\",\"author\":{\"@id\":\"https:\/\/tremdavale.org\/pt\/#\/schema\/person\/50912137d47426d31329f246d02eaeca\"},\"breadcrumb\":{\"@id\":\"https:\/\/tremdavale.org\/pt\/as-entrevistas-realizadas-em-novembro-pelo-nucleo-de-historia-oral\/#breadcrumb\"},\"inLanguage\":\"pt-PT\",\"potentialAction\":[{\"@type\":\"ReadAction\",\"target\":[\"https:\/\/tremdavale.org\/pt\/as-entrevistas-realizadas-em-novembro-pelo-nucleo-de-historia-oral\/\"]}]},{\"@type\":\"ImageObject\",\"inLanguage\":\"pt-PT\",\"@id\":\"https:\/\/tremdavale.org\/pt\/as-entrevistas-realizadas-em-novembro-pelo-nucleo-de-historia-oral\/#primaryimage\",\"url\":\"https:\/\/tremdavale.org\/wp-content\/uploads\/02-marilia-queiroz-300x199.jpg\",\"contentUrl\":\"https:\/\/tremdavale.org\/wp-content\/uploads\/02-marilia-queiroz-300x199.jpg\",\"width\":300,\"height\":199},{\"@type\":\"BreadcrumbList\",\"@id\":\"https:\/\/tremdavale.org\/pt\/as-entrevistas-realizadas-em-novembro-pelo-nucleo-de-historia-oral\/#breadcrumb\",\"itemListElement\":[{\"@type\":\"ListItem\",\"position\":1,\"name\":\"In\u00edcio\",\"item\":\"https:\/\/tremdavale.org\/pt\/\"},{\"@type\":\"ListItem\",\"position\":2,\"name\":\"As entrevistas realizadas em novembro pelo N\u00facleo de Hist\u00f3ria Oral\"}]},{\"@type\":\"WebSite\",\"@id\":\"https:\/\/tremdavale.org\/pt\/#website\",\"url\":\"https:\/\/tremdavale.org\/pt\/\",\"name\":\"Trem da Vale\",\"description\":\"Programa de Educa\u00e7\u00e3o Patrimonial\",\"potentialAction\":[{\"@type\":\"SearchAction\",\"target\":{\"@type\":\"EntryPoint\",\"urlTemplate\":\"https:\/\/tremdavale.org\/pt\/?s={search_term_string}\"},\"query-input\":{\"@type\":\"PropertyValueSpecification\",\"valueRequired\":true,\"valueName\":\"search_term_string\"}}],\"inLanguage\":\"pt-PT\"},{\"@type\":\"Person\",\"@id\":\"https:\/\/tremdavale.org\/pt\/#\/schema\/person\/50912137d47426d31329f246d02eaeca\",\"name\":\"admin\",\"image\":{\"@type\":\"ImageObject\",\"inLanguage\":\"pt-PT\",\"@id\":\"https:\/\/tremdavale.org\/pt\/#\/schema\/person\/image\/\",\"url\":\"https:\/\/secure.gravatar.com\/avatar\/b3564f0fda6ea47959fe96a4217203e79a167568a37409758659bc3ba443b452?s=96&d=mm&r=g\",\"contentUrl\":\"https:\/\/secure.gravatar.com\/avatar\/b3564f0fda6ea47959fe96a4217203e79a167568a37409758659bc3ba443b452?s=96&d=mm&r=g\",\"caption\":\"admin\"},\"sameAs\":[\"https:\/\/tremdavale.org\"],\"url\":\"https:\/\/tremdavale.org\/pt\/author\/admin\/\"}]}<\/script>\n<!-- \/ Yoast SEO plugin. -->","yoast_head_json":{"title":"As entrevistas realizadas em novembro pelo N\u00facleo de Hist\u00f3ria Oral &#8212; Trem da Vale","robots":{"index":"index","follow":"follow","max-snippet":"max-snippet:-1","max-image-preview":"max-image-preview:large","max-video-preview":"max-video-preview:-1"},"canonical":"https:\/\/tremdavale.org\/pt\/as-entrevistas-realizadas-em-novembro-pelo-nucleo-de-historia-oral\/","og_locale":"pt_PT","og_type":"article","og_title":"As entrevistas realizadas em novembro pelo N\u00facleo de Hist\u00f3ria Oral &#8212; Trem da Vale","og_description":"O N\u00facleo de Hist\u00f3ria Oral do Vale Registrar realizou, nos dias 20 e 27 de novembro, duas grava\u00e7\u00f5es de entrevistas. Em Mariana, no dia 20, foi realizada uma entrevista da tipologia Hist\u00f3ria de Vida. Em Ouro Preto foi realizada, no dia 27, uma entrevista tipologia Hist\u00f3ria Tem\u00e1tica Clubes Socioesportivos. Filha &hellip;","og_url":"https:\/\/tremdavale.org\/pt\/as-entrevistas-realizadas-em-novembro-pelo-nucleo-de-historia-oral\/","og_site_name":"Trem da Vale","article_published_time":"2013-08-25T04:59:00+00:00","article_modified_time":"2025-10-10T11:57:00+00:00","og_image":[{"width":300,"height":199,"url":"https:\/\/tremdavale.org\/wp-content\/uploads\/02-marilia-queiroz-300x199.jpg","type":"image\/jpeg"}],"author":"admin","twitter_card":"summary_large_image","twitter_misc":{"Escrito por":"admin","Tempo estimado de leitura":"2 minutos"},"schema":{"@context":"https:\/\/schema.org","@graph":[{"@type":"WebPage","@id":"https:\/\/tremdavale.org\/pt\/as-entrevistas-realizadas-em-novembro-pelo-nucleo-de-historia-oral\/","url":"https:\/\/tremdavale.org\/pt\/as-entrevistas-realizadas-em-novembro-pelo-nucleo-de-historia-oral\/","name":"As entrevistas realizadas em novembro pelo N\u00facleo de Hist\u00f3ria Oral &#8212; Trem da Vale","isPartOf":{"@id":"https:\/\/tremdavale.org\/pt\/#website"},"primaryImageOfPage":{"@id":"https:\/\/tremdavale.org\/pt\/as-entrevistas-realizadas-em-novembro-pelo-nucleo-de-historia-oral\/#primaryimage"},"image":{"@id":"https:\/\/tremdavale.org\/pt\/as-entrevistas-realizadas-em-novembro-pelo-nucleo-de-historia-oral\/#primaryimage"},"thumbnailUrl":"https:\/\/tremdavale.org\/wp-content\/uploads\/02-marilia-queiroz-300x199.jpg","datePublished":"2013-08-25T04:59:00+00:00","dateModified":"2025-10-10T11:57:00+00:00","author":{"@id":"https:\/\/tremdavale.org\/pt\/#\/schema\/person\/50912137d47426d31329f246d02eaeca"},"breadcrumb":{"@id":"https:\/\/tremdavale.org\/pt\/as-entrevistas-realizadas-em-novembro-pelo-nucleo-de-historia-oral\/#breadcrumb"},"inLanguage":"pt-PT","potentialAction":[{"@type":"ReadAction","target":["https:\/\/tremdavale.org\/pt\/as-entrevistas-realizadas-em-novembro-pelo-nucleo-de-historia-oral\/"]}]},{"@type":"ImageObject","inLanguage":"pt-PT","@id":"https:\/\/tremdavale.org\/pt\/as-entrevistas-realizadas-em-novembro-pelo-nucleo-de-historia-oral\/#primaryimage","url":"https:\/\/tremdavale.org\/wp-content\/uploads\/02-marilia-queiroz-300x199.jpg","contentUrl":"https:\/\/tremdavale.org\/wp-content\/uploads\/02-marilia-queiroz-300x199.jpg","width":300,"height":199},{"@type":"BreadcrumbList","@id":"https:\/\/tremdavale.org\/pt\/as-entrevistas-realizadas-em-novembro-pelo-nucleo-de-historia-oral\/#breadcrumb","itemListElement":[{"@type":"ListItem","position":1,"name":"In\u00edcio","item":"https:\/\/tremdavale.org\/pt\/"},{"@type":"ListItem","position":2,"name":"As entrevistas realizadas em novembro pelo N\u00facleo de Hist\u00f3ria Oral"}]},{"@type":"WebSite","@id":"https:\/\/tremdavale.org\/pt\/#website","url":"https:\/\/tremdavale.org\/pt\/","name":"Trem da Vale","description":"Programa de Educa\u00e7\u00e3o Patrimonial","potentialAction":[{"@type":"SearchAction","target":{"@type":"EntryPoint","urlTemplate":"https:\/\/tremdavale.org\/pt\/?s={search_term_string}"},"query-input":{"@type":"PropertyValueSpecification","valueRequired":true,"valueName":"search_term_string"}}],"inLanguage":"pt-PT"},{"@type":"Person","@id":"https:\/\/tremdavale.org\/pt\/#\/schema\/person\/50912137d47426d31329f246d02eaeca","name":"admin","image":{"@type":"ImageObject","inLanguage":"pt-PT","@id":"https:\/\/tremdavale.org\/pt\/#\/schema\/person\/image\/","url":"https:\/\/secure.gravatar.com\/avatar\/b3564f0fda6ea47959fe96a4217203e79a167568a37409758659bc3ba443b452?s=96&d=mm&r=g","contentUrl":"https:\/\/secure.gravatar.com\/avatar\/b3564f0fda6ea47959fe96a4217203e79a167568a37409758659bc3ba443b452?s=96&d=mm&r=g","caption":"admin"},"sameAs":["https:\/\/tremdavale.org"],"url":"https:\/\/tremdavale.org\/pt\/author\/admin\/"}]}},"_links":{"self":[{"href":"https:\/\/tremdavale.org\/pt\/wp-json\/wp\/v2\/posts\/69","targetHints":{"allow":["GET"]}}],"collection":[{"href":"https:\/\/tremdavale.org\/pt\/wp-json\/wp\/v2\/posts"}],"about":[{"href":"https:\/\/tremdavale.org\/pt\/wp-json\/wp\/v2\/types\/post"}],"author":[{"embeddable":true,"href":"https:\/\/tremdavale.org\/pt\/wp-json\/wp\/v2\/users\/1"}],"replies":[{"embeddable":true,"href":"https:\/\/tremdavale.org\/pt\/wp-json\/wp\/v2\/comments?post=69"}],"version-history":[{"count":0,"href":"https:\/\/tremdavale.org\/pt\/wp-json\/wp\/v2\/posts\/69\/revisions"}],"wp:featuredmedia":[{"embeddable":true,"href":"https:\/\/tremdavale.org\/pt\/wp-json\/wp\/v2\/media\/372"}],"wp:attachment":[{"href":"https:\/\/tremdavale.org\/pt\/wp-json\/wp\/v2\/media?parent=69"}],"wp:term":[{"taxonomy":"category","embeddable":true,"href":"https:\/\/tremdavale.org\/pt\/wp-json\/wp\/v2\/categories?post=69"},{"taxonomy":"post_tag","embeddable":true,"href":"https:\/\/tremdavale.org\/pt\/wp-json\/wp\/v2\/tags?post=69"}],"curies":[{"name":"wp","href":"https:\/\/api.w.org\/{rel}","templated":true}]}}