{"id":70,"date":"2011-09-09T09:24:00","date_gmt":"2011-09-09T09:24:00","guid":{"rendered":"https:\/\/tremdavale.org\/?p=70"},"modified":"2025-10-10T11:57:00","modified_gmt":"2025-10-10T11:57:00","slug":"assista-aos-videos-do-vale-registrar-na-tv","status":"publish","type":"post","link":"https:\/\/tremdavale.org\/pt\/assista-aos-videos-do-vale-registrar-na-tv\/","title":{"rendered":"Assista aos v\u00eddeos do Vale Registrar na TV"},"content":{"rendered":"<p>Os v\u00eddeos produzidos pelos alunos do Curso de Forma\u00e7\u00e3o de Jovens Agentes em V\u00eddeo e Patrim\u00f4nio Cultural ser\u00e3o exibidos no programa Rede Jovem de Cidadania, da Rede Minas, nos meses de agosto e setembro de 2009.<\/p>\n<p>Os cursos realizados no \u00e2mbito do Vale Registrar foram ministrados pela Associa\u00e7\u00e3o Imagem Comunit\u00e1ria, e buscaram trabalhar a linguagem audiovisual como meio de registro e valoriza\u00e7\u00e3o do patrim\u00f4nio da regi\u00e3o. &nbsp;Os v\u00eddeos trazem temas como m\u00fasica, artes c\u00eanicas, artesanato e outras manifesta\u00e7\u00f5es culturais locais, e promovem a difus\u00e3o desses bens para um p\u00fablico amplo.<\/p>\n<p>No s\u00e1bado, dia 22 de agosto, \u00e0s 17h, ser\u00e3o exibidos os v\u00eddeos \u201cM\u00fasica\u201d e \u201cArtes C\u00eanicas\u201d, com reprises nos dias 24, \u00e0s 13h30min, e 28 de agosto, \u00e0s 18h30min.<\/p>\n<p>Os v\u00eddeos \u201cLendas\u201d e \u201cPastorinhas\u201d, que abordam aspectos da tradi\u00e7\u00e3o popular e religiosa da regi\u00e3o, ser\u00e3o exibidos no dia 29 de agosto, tamb\u00e9m num s\u00e1bado \u00e0s 17h, e ter\u00e3o reprises nos dias 31 de agosto, \u00e0s 13h30min, e 4 de setembro, \u00e0s 18h30min.<\/p>\n<p>No dia 5 de setembro ser\u00e3o exibidos os v\u00eddeos \u201cMeio Ambiente\u201d e \u201cMundeis\u201d, \u00e0s 17h, e ser\u00e3o reprisados nos dias 7, \u00e0s 13h30min, e dia 11, \u00e0s 18h30min.<\/p>\n<p>Por fim, ser\u00e3o exibidos v\u00eddeos sobre a produ\u00e7\u00e3o criativa e o artesanato da regi\u00e3o: \u201cCria\u00e7\u00e3o Di\u00e1ria\u201d e \u201cPedra, Sisal e Madeira\u201d, \u00e0s 17h do dia 12 de agosto, com reprises nos dias 14 e 18 de setembro, \u00e0s 13h30min e 18h30min, respectivamente.<\/p>\n<p>&nbsp;<\/p>\n","protected":false},"excerpt":{"rendered":"<p>Os v\u00eddeos produzidos pelos alunos do Curso de Forma\u00e7\u00e3o de Jovens Agentes em V\u00eddeo e Patrim\u00f4nio Cultural ser\u00e3o exibidos no programa Rede Jovem de Cidadania, da Rede Minas, nos meses de agosto e setembro de 2009. Os cursos realizados no \u00e2mbito do Vale Registrar foram ministrados pela Associa\u00e7\u00e3o Imagem Comunit\u00e1ria, &hellip;<\/p>\n","protected":false},"author":1,"featured_media":0,"comment_status":"open","ping_status":"closed","sticky":false,"template":"","format":"standard","meta":{"footnotes":""},"categories":[3],"tags":[],"class_list":["post-70","post","type-post","status-publish","format-standard","hentry","category-noticias"],"yoast_head":"<!-- This site is optimized with the Yoast SEO plugin v26.1.1 - https:\/\/yoast.com\/wordpress\/plugins\/seo\/ -->\n<title>Assista aos v\u00eddeos do Vale Registrar na TV &#8212; Trem da Vale<\/title>\n<meta name=\"robots\" content=\"index, follow, max-snippet:-1, max-image-preview:large, max-video-preview:-1\" \/>\n<link rel=\"canonical\" href=\"https:\/\/tremdavale.org\/pt\/assista-aos-videos-do-vale-registrar-na-tv\/\" \/>\n<meta property=\"og:locale\" content=\"pt_PT\" \/>\n<meta property=\"og:type\" content=\"article\" \/>\n<meta property=\"og:title\" content=\"Assista aos v\u00eddeos do Vale Registrar na TV &#8212; Trem da Vale\" \/>\n<meta property=\"og:description\" content=\"Os v\u00eddeos produzidos pelos alunos do Curso de Forma\u00e7\u00e3o de Jovens Agentes em V\u00eddeo e Patrim\u00f4nio Cultural ser\u00e3o exibidos no programa Rede Jovem de Cidadania, da Rede Minas, nos meses de agosto e setembro de 2009. Os cursos realizados no \u00e2mbito do Vale Registrar foram ministrados pela Associa\u00e7\u00e3o Imagem Comunit\u00e1ria, &hellip;\" \/>\n<meta property=\"og:url\" content=\"https:\/\/tremdavale.org\/pt\/assista-aos-videos-do-vale-registrar-na-tv\/\" \/>\n<meta property=\"og:site_name\" content=\"Trem da Vale\" \/>\n<meta property=\"article:published_time\" content=\"2011-09-09T09:24:00+00:00\" \/>\n<meta property=\"article:modified_time\" content=\"2025-10-10T11:57:00+00:00\" \/>\n<meta name=\"author\" content=\"admin\" \/>\n<meta name=\"twitter:card\" content=\"summary_large_image\" \/>\n<meta name=\"twitter:label1\" content=\"Escrito por\" \/>\n\t<meta name=\"twitter:data1\" content=\"admin\" \/>\n\t<meta name=\"twitter:label2\" content=\"Tempo estimado de leitura\" \/>\n\t<meta name=\"twitter:data2\" content=\"1 minuto\" \/>\n<script type=\"application\/ld+json\" class=\"yoast-schema-graph\">{\"@context\":\"https:\/\/schema.org\",\"@graph\":[{\"@type\":\"WebPage\",\"@id\":\"https:\/\/tremdavale.org\/pt\/assista-aos-videos-do-vale-registrar-na-tv\/\",\"url\":\"https:\/\/tremdavale.org\/pt\/assista-aos-videos-do-vale-registrar-na-tv\/\",\"name\":\"Assista aos v\u00eddeos do Vale Registrar na TV &#8212; Trem da Vale\",\"isPartOf\":{\"@id\":\"https:\/\/tremdavale.org\/pt\/#website\"},\"datePublished\":\"2011-09-09T09:24:00+00:00\",\"dateModified\":\"2025-10-10T11:57:00+00:00\",\"author\":{\"@id\":\"https:\/\/tremdavale.org\/pt\/#\/schema\/person\/50912137d47426d31329f246d02eaeca\"},\"breadcrumb\":{\"@id\":\"https:\/\/tremdavale.org\/pt\/assista-aos-videos-do-vale-registrar-na-tv\/#breadcrumb\"},\"inLanguage\":\"pt-PT\",\"potentialAction\":[{\"@type\":\"ReadAction\",\"target\":[\"https:\/\/tremdavale.org\/pt\/assista-aos-videos-do-vale-registrar-na-tv\/\"]}]},{\"@type\":\"BreadcrumbList\",\"@id\":\"https:\/\/tremdavale.org\/pt\/assista-aos-videos-do-vale-registrar-na-tv\/#breadcrumb\",\"itemListElement\":[{\"@type\":\"ListItem\",\"position\":1,\"name\":\"In\u00edcio\",\"item\":\"https:\/\/tremdavale.org\/pt\/\"},{\"@type\":\"ListItem\",\"position\":2,\"name\":\"Assista aos v\u00eddeos do Vale Registrar na TV\"}]},{\"@type\":\"WebSite\",\"@id\":\"https:\/\/tremdavale.org\/pt\/#website\",\"url\":\"https:\/\/tremdavale.org\/pt\/\",\"name\":\"Trem da Vale\",\"description\":\"Programa de Educa\u00e7\u00e3o Patrimonial\",\"potentialAction\":[{\"@type\":\"SearchAction\",\"target\":{\"@type\":\"EntryPoint\",\"urlTemplate\":\"https:\/\/tremdavale.org\/pt\/?s={search_term_string}\"},\"query-input\":{\"@type\":\"PropertyValueSpecification\",\"valueRequired\":true,\"valueName\":\"search_term_string\"}}],\"inLanguage\":\"pt-PT\"},{\"@type\":\"Person\",\"@id\":\"https:\/\/tremdavale.org\/pt\/#\/schema\/person\/50912137d47426d31329f246d02eaeca\",\"name\":\"admin\",\"image\":{\"@type\":\"ImageObject\",\"inLanguage\":\"pt-PT\",\"@id\":\"https:\/\/tremdavale.org\/pt\/#\/schema\/person\/image\/\",\"url\":\"https:\/\/secure.gravatar.com\/avatar\/b3564f0fda6ea47959fe96a4217203e79a167568a37409758659bc3ba443b452?s=96&d=mm&r=g\",\"contentUrl\":\"https:\/\/secure.gravatar.com\/avatar\/b3564f0fda6ea47959fe96a4217203e79a167568a37409758659bc3ba443b452?s=96&d=mm&r=g\",\"caption\":\"admin\"},\"sameAs\":[\"https:\/\/tremdavale.org\"],\"url\":\"https:\/\/tremdavale.org\/pt\/author\/admin\/\"}]}<\/script>\n<!-- \/ Yoast SEO plugin. -->","yoast_head_json":{"title":"Assista aos v\u00eddeos do Vale Registrar na TV &#8212; Trem da Vale","robots":{"index":"index","follow":"follow","max-snippet":"max-snippet:-1","max-image-preview":"max-image-preview:large","max-video-preview":"max-video-preview:-1"},"canonical":"https:\/\/tremdavale.org\/pt\/assista-aos-videos-do-vale-registrar-na-tv\/","og_locale":"pt_PT","og_type":"article","og_title":"Assista aos v\u00eddeos do Vale Registrar na TV &#8212; Trem da Vale","og_description":"Os v\u00eddeos produzidos pelos alunos do Curso de Forma\u00e7\u00e3o de Jovens Agentes em V\u00eddeo e Patrim\u00f4nio Cultural ser\u00e3o exibidos no programa Rede Jovem de Cidadania, da Rede Minas, nos meses de agosto e setembro de 2009. Os cursos realizados no \u00e2mbito do Vale Registrar foram ministrados pela Associa\u00e7\u00e3o Imagem Comunit\u00e1ria, &hellip;","og_url":"https:\/\/tremdavale.org\/pt\/assista-aos-videos-do-vale-registrar-na-tv\/","og_site_name":"Trem da Vale","article_published_time":"2011-09-09T09:24:00+00:00","article_modified_time":"2025-10-10T11:57:00+00:00","author":"admin","twitter_card":"summary_large_image","twitter_misc":{"Escrito por":"admin","Tempo estimado de leitura":"1 minuto"},"schema":{"@context":"https:\/\/schema.org","@graph":[{"@type":"WebPage","@id":"https:\/\/tremdavale.org\/pt\/assista-aos-videos-do-vale-registrar-na-tv\/","url":"https:\/\/tremdavale.org\/pt\/assista-aos-videos-do-vale-registrar-na-tv\/","name":"Assista aos v\u00eddeos do Vale Registrar na TV &#8212; Trem da Vale","isPartOf":{"@id":"https:\/\/tremdavale.org\/pt\/#website"},"datePublished":"2011-09-09T09:24:00+00:00","dateModified":"2025-10-10T11:57:00+00:00","author":{"@id":"https:\/\/tremdavale.org\/pt\/#\/schema\/person\/50912137d47426d31329f246d02eaeca"},"breadcrumb":{"@id":"https:\/\/tremdavale.org\/pt\/assista-aos-videos-do-vale-registrar-na-tv\/#breadcrumb"},"inLanguage":"pt-PT","potentialAction":[{"@type":"ReadAction","target":["https:\/\/tremdavale.org\/pt\/assista-aos-videos-do-vale-registrar-na-tv\/"]}]},{"@type":"BreadcrumbList","@id":"https:\/\/tremdavale.org\/pt\/assista-aos-videos-do-vale-registrar-na-tv\/#breadcrumb","itemListElement":[{"@type":"ListItem","position":1,"name":"In\u00edcio","item":"https:\/\/tremdavale.org\/pt\/"},{"@type":"ListItem","position":2,"name":"Assista aos v\u00eddeos do Vale Registrar na TV"}]},{"@type":"WebSite","@id":"https:\/\/tremdavale.org\/pt\/#website","url":"https:\/\/tremdavale.org\/pt\/","name":"Trem da Vale","description":"Programa de Educa\u00e7\u00e3o Patrimonial","potentialAction":[{"@type":"SearchAction","target":{"@type":"EntryPoint","urlTemplate":"https:\/\/tremdavale.org\/pt\/?s={search_term_string}"},"query-input":{"@type":"PropertyValueSpecification","valueRequired":true,"valueName":"search_term_string"}}],"inLanguage":"pt-PT"},{"@type":"Person","@id":"https:\/\/tremdavale.org\/pt\/#\/schema\/person\/50912137d47426d31329f246d02eaeca","name":"admin","image":{"@type":"ImageObject","inLanguage":"pt-PT","@id":"https:\/\/tremdavale.org\/pt\/#\/schema\/person\/image\/","url":"https:\/\/secure.gravatar.com\/avatar\/b3564f0fda6ea47959fe96a4217203e79a167568a37409758659bc3ba443b452?s=96&d=mm&r=g","contentUrl":"https:\/\/secure.gravatar.com\/avatar\/b3564f0fda6ea47959fe96a4217203e79a167568a37409758659bc3ba443b452?s=96&d=mm&r=g","caption":"admin"},"sameAs":["https:\/\/tremdavale.org"],"url":"https:\/\/tremdavale.org\/pt\/author\/admin\/"}]}},"_links":{"self":[{"href":"https:\/\/tremdavale.org\/pt\/wp-json\/wp\/v2\/posts\/70","targetHints":{"allow":["GET"]}}],"collection":[{"href":"https:\/\/tremdavale.org\/pt\/wp-json\/wp\/v2\/posts"}],"about":[{"href":"https:\/\/tremdavale.org\/pt\/wp-json\/wp\/v2\/types\/post"}],"author":[{"embeddable":true,"href":"https:\/\/tremdavale.org\/pt\/wp-json\/wp\/v2\/users\/1"}],"replies":[{"embeddable":true,"href":"https:\/\/tremdavale.org\/pt\/wp-json\/wp\/v2\/comments?post=70"}],"version-history":[{"count":0,"href":"https:\/\/tremdavale.org\/pt\/wp-json\/wp\/v2\/posts\/70\/revisions"}],"wp:attachment":[{"href":"https:\/\/tremdavale.org\/pt\/wp-json\/wp\/v2\/media?parent=70"}],"wp:term":[{"taxonomy":"category","embeddable":true,"href":"https:\/\/tremdavale.org\/pt\/wp-json\/wp\/v2\/categories?post=70"},{"taxonomy":"post_tag","embeddable":true,"href":"https:\/\/tremdavale.org\/pt\/wp-json\/wp\/v2\/tags?post=70"}],"curies":[{"name":"wp","href":"https:\/\/api.w.org\/{rel}","templated":true}]}}