{"id":71,"date":"2011-09-10T13:06:00","date_gmt":"2011-09-10T13:06:00","guid":{"rendered":"https:\/\/tremdavale.org\/?p=71"},"modified":"2025-10-10T11:57:00","modified_gmt":"2025-10-10T11:57:00","slug":"assista-as-novas-edicoes-das-videocabines-nas-estacoes-do-programa","status":"publish","type":"post","link":"https:\/\/tremdavale.org\/pt\/assista-as-novas-edicoes-das-videocabines-nas-estacoes-do-programa\/","title":{"rendered":"Assista \u00e0s novas edi\u00e7\u00f5es das videocabines nas esta\u00e7\u00f5es do Programa"},"content":{"rendered":"<p>No dia 21 de maio, come\u00e7aram a ser exibidas nos totens das esta\u00e7\u00f5es do Programa de Educa\u00e7\u00e3o Patrimonial Trem da Vale duas novas edi\u00e7\u00f5es das videocabines: <em>Paisagens e Lugares I<\/em> e <em>Lendas, Casos e Mitos II<\/em>. Esta \u00faltima foi gravada em outubro e novembro de 2008, em Santa Rita, Cachoeira do Campo, Rodrigo Silva, distritos de Ouro Preto, e em Padre Viegas, distrito de Mariana. J\u00e1 o v\u00eddeo <em>Paisagens e Lugares I<\/em> foi gravado em Mariana, Ouro Preto e nos distritos dessas cidades, Cl\u00e1udio Manoel e Glaura, respectivamente. Ao todo, foram colhidos 130 depoimentos, em mais de 10 horas de grava\u00e7\u00f5es, que deram origem aos dois v\u00eddeos editados, com cerca de 13 minutos cada um.<\/p>\n<p>Desde o primeiro ano do Programa, 2006, o Vale Registrar, junto com a EMV\u00cdDEO, realizam as videocabines em bairros e distritos de Ouro Preto e Mariana, em busca de depoimentos dos moradores e visitantes sobre temas ligados \u00e0 cultura local. J\u00e1 foram produzidas 44 videocabines abordando temas como literatura, m\u00fasica, f\u00e9, educa\u00e7\u00e3o patrimonial, cinema, quaresma, culin\u00e1ria, festas populares, dentre outros.<\/p>\n<p>No momento, a edi\u00e7\u00e3o da videocabine <em>Paisagens e Lugares II<\/em>, que teve 57 depoimentos gravados, est\u00e1 em fase de finaliza\u00e7\u00e3o. As grava\u00e7\u00f5es foram realizadas nos distritos de Cachoeira do Brumado e Bento Rodrigues, em Mariana; e no sub-distrito de Chapada (distrito de Lavras Novas) e no distrito de Engenheiro Corr\u00eaa, em Ouro Preto.<\/p>\n<p>Algumas edi\u00e7\u00f5es das videocabines est\u00e3o dispon\u00edveis para visualiza\u00e7\u00e3o no portal do Trem da Vale. Clique no link http:\/\/www.tremdavale.org\/novo\/vbox\/pt\/ e escolha no menu \u00e0 esquerda a op\u00e7\u00e3o VALE REGISTRAR &#8211; VIDEOCABINES<\/p>\n<p>&nbsp;<\/p>\n","protected":false},"excerpt":{"rendered":"<p>No dia 21 de maio, come\u00e7aram a ser exibidas nos totens das esta\u00e7\u00f5es do Programa de Educa\u00e7\u00e3o Patrimonial Trem da Vale duas novas edi\u00e7\u00f5es das videocabines: Paisagens e Lugares I e Lendas, Casos e Mitos II. Esta \u00faltima foi gravada em outubro e novembro de 2008, em Santa Rita, Cachoeira &hellip;<\/p>\n","protected":false},"author":1,"featured_media":0,"comment_status":"open","ping_status":"closed","sticky":false,"template":"","format":"standard","meta":{"footnotes":""},"categories":[3],"tags":[],"class_list":["post-71","post","type-post","status-publish","format-standard","hentry","category-noticias"],"yoast_head":"<!-- This site is optimized with the Yoast SEO plugin v26.1.1 - https:\/\/yoast.com\/wordpress\/plugins\/seo\/ -->\n<title>Assista \u00e0s novas edi\u00e7\u00f5es das videocabines nas esta\u00e7\u00f5es do Programa &#8212; Trem da Vale<\/title>\n<meta name=\"robots\" content=\"index, follow, max-snippet:-1, max-image-preview:large, max-video-preview:-1\" \/>\n<link rel=\"canonical\" href=\"https:\/\/tremdavale.org\/pt\/assista-as-novas-edicoes-das-videocabines-nas-estacoes-do-programa\/\" \/>\n<meta property=\"og:locale\" content=\"pt_PT\" \/>\n<meta property=\"og:type\" content=\"article\" \/>\n<meta property=\"og:title\" content=\"Assista \u00e0s novas edi\u00e7\u00f5es das videocabines nas esta\u00e7\u00f5es do Programa &#8212; Trem da Vale\" \/>\n<meta property=\"og:description\" content=\"No dia 21 de maio, come\u00e7aram a ser exibidas nos totens das esta\u00e7\u00f5es do Programa de Educa\u00e7\u00e3o Patrimonial Trem da Vale duas novas edi\u00e7\u00f5es das videocabines: Paisagens e Lugares I e Lendas, Casos e Mitos II. Esta \u00faltima foi gravada em outubro e novembro de 2008, em Santa Rita, Cachoeira &hellip;\" \/>\n<meta property=\"og:url\" content=\"https:\/\/tremdavale.org\/pt\/assista-as-novas-edicoes-das-videocabines-nas-estacoes-do-programa\/\" \/>\n<meta property=\"og:site_name\" content=\"Trem da Vale\" \/>\n<meta property=\"article:published_time\" content=\"2011-09-10T13:06:00+00:00\" \/>\n<meta property=\"article:modified_time\" content=\"2025-10-10T11:57:00+00:00\" \/>\n<meta name=\"author\" content=\"admin\" \/>\n<meta name=\"twitter:card\" content=\"summary_large_image\" \/>\n<meta name=\"twitter:label1\" content=\"Escrito por\" \/>\n\t<meta name=\"twitter:data1\" content=\"admin\" \/>\n\t<meta name=\"twitter:label2\" content=\"Tempo estimado de leitura\" \/>\n\t<meta name=\"twitter:data2\" content=\"1 minuto\" \/>\n<script type=\"application\/ld+json\" class=\"yoast-schema-graph\">{\"@context\":\"https:\/\/schema.org\",\"@graph\":[{\"@type\":\"WebPage\",\"@id\":\"https:\/\/tremdavale.org\/pt\/assista-as-novas-edicoes-das-videocabines-nas-estacoes-do-programa\/\",\"url\":\"https:\/\/tremdavale.org\/pt\/assista-as-novas-edicoes-das-videocabines-nas-estacoes-do-programa\/\",\"name\":\"Assista \u00e0s novas edi\u00e7\u00f5es das videocabines nas esta\u00e7\u00f5es do Programa &#8212; Trem da Vale\",\"isPartOf\":{\"@id\":\"https:\/\/tremdavale.org\/pt\/#website\"},\"datePublished\":\"2011-09-10T13:06:00+00:00\",\"dateModified\":\"2025-10-10T11:57:00+00:00\",\"author\":{\"@id\":\"https:\/\/tremdavale.org\/pt\/#\/schema\/person\/50912137d47426d31329f246d02eaeca\"},\"breadcrumb\":{\"@id\":\"https:\/\/tremdavale.org\/pt\/assista-as-novas-edicoes-das-videocabines-nas-estacoes-do-programa\/#breadcrumb\"},\"inLanguage\":\"pt-PT\",\"potentialAction\":[{\"@type\":\"ReadAction\",\"target\":[\"https:\/\/tremdavale.org\/pt\/assista-as-novas-edicoes-das-videocabines-nas-estacoes-do-programa\/\"]}]},{\"@type\":\"BreadcrumbList\",\"@id\":\"https:\/\/tremdavale.org\/pt\/assista-as-novas-edicoes-das-videocabines-nas-estacoes-do-programa\/#breadcrumb\",\"itemListElement\":[{\"@type\":\"ListItem\",\"position\":1,\"name\":\"In\u00edcio\",\"item\":\"https:\/\/tremdavale.org\/pt\/\"},{\"@type\":\"ListItem\",\"position\":2,\"name\":\"Assista \u00e0s novas edi\u00e7\u00f5es das videocabines nas esta\u00e7\u00f5es do Programa\"}]},{\"@type\":\"WebSite\",\"@id\":\"https:\/\/tremdavale.org\/pt\/#website\",\"url\":\"https:\/\/tremdavale.org\/pt\/\",\"name\":\"Trem da Vale\",\"description\":\"Programa de Educa\u00e7\u00e3o Patrimonial\",\"potentialAction\":[{\"@type\":\"SearchAction\",\"target\":{\"@type\":\"EntryPoint\",\"urlTemplate\":\"https:\/\/tremdavale.org\/pt\/?s={search_term_string}\"},\"query-input\":{\"@type\":\"PropertyValueSpecification\",\"valueRequired\":true,\"valueName\":\"search_term_string\"}}],\"inLanguage\":\"pt-PT\"},{\"@type\":\"Person\",\"@id\":\"https:\/\/tremdavale.org\/pt\/#\/schema\/person\/50912137d47426d31329f246d02eaeca\",\"name\":\"admin\",\"image\":{\"@type\":\"ImageObject\",\"inLanguage\":\"pt-PT\",\"@id\":\"https:\/\/tremdavale.org\/pt\/#\/schema\/person\/image\/\",\"url\":\"https:\/\/secure.gravatar.com\/avatar\/b3564f0fda6ea47959fe96a4217203e79a167568a37409758659bc3ba443b452?s=96&d=mm&r=g\",\"contentUrl\":\"https:\/\/secure.gravatar.com\/avatar\/b3564f0fda6ea47959fe96a4217203e79a167568a37409758659bc3ba443b452?s=96&d=mm&r=g\",\"caption\":\"admin\"},\"sameAs\":[\"https:\/\/tremdavale.org\"],\"url\":\"https:\/\/tremdavale.org\/pt\/author\/admin\/\"}]}<\/script>\n<!-- \/ Yoast SEO plugin. -->","yoast_head_json":{"title":"Assista \u00e0s novas edi\u00e7\u00f5es das videocabines nas esta\u00e7\u00f5es do Programa &#8212; Trem da Vale","robots":{"index":"index","follow":"follow","max-snippet":"max-snippet:-1","max-image-preview":"max-image-preview:large","max-video-preview":"max-video-preview:-1"},"canonical":"https:\/\/tremdavale.org\/pt\/assista-as-novas-edicoes-das-videocabines-nas-estacoes-do-programa\/","og_locale":"pt_PT","og_type":"article","og_title":"Assista \u00e0s novas edi\u00e7\u00f5es das videocabines nas esta\u00e7\u00f5es do Programa &#8212; Trem da Vale","og_description":"No dia 21 de maio, come\u00e7aram a ser exibidas nos totens das esta\u00e7\u00f5es do Programa de Educa\u00e7\u00e3o Patrimonial Trem da Vale duas novas edi\u00e7\u00f5es das videocabines: Paisagens e Lugares I e Lendas, Casos e Mitos II. Esta \u00faltima foi gravada em outubro e novembro de 2008, em Santa Rita, Cachoeira &hellip;","og_url":"https:\/\/tremdavale.org\/pt\/assista-as-novas-edicoes-das-videocabines-nas-estacoes-do-programa\/","og_site_name":"Trem da Vale","article_published_time":"2011-09-10T13:06:00+00:00","article_modified_time":"2025-10-10T11:57:00+00:00","author":"admin","twitter_card":"summary_large_image","twitter_misc":{"Escrito por":"admin","Tempo estimado de leitura":"1 minuto"},"schema":{"@context":"https:\/\/schema.org","@graph":[{"@type":"WebPage","@id":"https:\/\/tremdavale.org\/pt\/assista-as-novas-edicoes-das-videocabines-nas-estacoes-do-programa\/","url":"https:\/\/tremdavale.org\/pt\/assista-as-novas-edicoes-das-videocabines-nas-estacoes-do-programa\/","name":"Assista \u00e0s novas edi\u00e7\u00f5es das videocabines nas esta\u00e7\u00f5es do Programa &#8212; Trem da Vale","isPartOf":{"@id":"https:\/\/tremdavale.org\/pt\/#website"},"datePublished":"2011-09-10T13:06:00+00:00","dateModified":"2025-10-10T11:57:00+00:00","author":{"@id":"https:\/\/tremdavale.org\/pt\/#\/schema\/person\/50912137d47426d31329f246d02eaeca"},"breadcrumb":{"@id":"https:\/\/tremdavale.org\/pt\/assista-as-novas-edicoes-das-videocabines-nas-estacoes-do-programa\/#breadcrumb"},"inLanguage":"pt-PT","potentialAction":[{"@type":"ReadAction","target":["https:\/\/tremdavale.org\/pt\/assista-as-novas-edicoes-das-videocabines-nas-estacoes-do-programa\/"]}]},{"@type":"BreadcrumbList","@id":"https:\/\/tremdavale.org\/pt\/assista-as-novas-edicoes-das-videocabines-nas-estacoes-do-programa\/#breadcrumb","itemListElement":[{"@type":"ListItem","position":1,"name":"In\u00edcio","item":"https:\/\/tremdavale.org\/pt\/"},{"@type":"ListItem","position":2,"name":"Assista \u00e0s novas edi\u00e7\u00f5es das videocabines nas esta\u00e7\u00f5es do Programa"}]},{"@type":"WebSite","@id":"https:\/\/tremdavale.org\/pt\/#website","url":"https:\/\/tremdavale.org\/pt\/","name":"Trem da Vale","description":"Programa de Educa\u00e7\u00e3o Patrimonial","potentialAction":[{"@type":"SearchAction","target":{"@type":"EntryPoint","urlTemplate":"https:\/\/tremdavale.org\/pt\/?s={search_term_string}"},"query-input":{"@type":"PropertyValueSpecification","valueRequired":true,"valueName":"search_term_string"}}],"inLanguage":"pt-PT"},{"@type":"Person","@id":"https:\/\/tremdavale.org\/pt\/#\/schema\/person\/50912137d47426d31329f246d02eaeca","name":"admin","image":{"@type":"ImageObject","inLanguage":"pt-PT","@id":"https:\/\/tremdavale.org\/pt\/#\/schema\/person\/image\/","url":"https:\/\/secure.gravatar.com\/avatar\/b3564f0fda6ea47959fe96a4217203e79a167568a37409758659bc3ba443b452?s=96&d=mm&r=g","contentUrl":"https:\/\/secure.gravatar.com\/avatar\/b3564f0fda6ea47959fe96a4217203e79a167568a37409758659bc3ba443b452?s=96&d=mm&r=g","caption":"admin"},"sameAs":["https:\/\/tremdavale.org"],"url":"https:\/\/tremdavale.org\/pt\/author\/admin\/"}]}},"_links":{"self":[{"href":"https:\/\/tremdavale.org\/pt\/wp-json\/wp\/v2\/posts\/71","targetHints":{"allow":["GET"]}}],"collection":[{"href":"https:\/\/tremdavale.org\/pt\/wp-json\/wp\/v2\/posts"}],"about":[{"href":"https:\/\/tremdavale.org\/pt\/wp-json\/wp\/v2\/types\/post"}],"author":[{"embeddable":true,"href":"https:\/\/tremdavale.org\/pt\/wp-json\/wp\/v2\/users\/1"}],"replies":[{"embeddable":true,"href":"https:\/\/tremdavale.org\/pt\/wp-json\/wp\/v2\/comments?post=71"}],"version-history":[{"count":0,"href":"https:\/\/tremdavale.org\/pt\/wp-json\/wp\/v2\/posts\/71\/revisions"}],"wp:attachment":[{"href":"https:\/\/tremdavale.org\/pt\/wp-json\/wp\/v2\/media?parent=71"}],"wp:term":[{"taxonomy":"category","embeddable":true,"href":"https:\/\/tremdavale.org\/pt\/wp-json\/wp\/v2\/categories?post=71"},{"taxonomy":"post_tag","embeddable":true,"href":"https:\/\/tremdavale.org\/pt\/wp-json\/wp\/v2\/tags?post=71"}],"curies":[{"name":"wp","href":"https:\/\/api.w.org\/{rel}","templated":true}]}}