{"id":72,"date":"2011-09-10T17:26:00","date_gmt":"2011-09-10T17:26:00","guid":{"rendered":"https:\/\/tremdavale.org\/?p=72"},"modified":"2025-10-10T11:57:00","modified_gmt":"2025-10-10T11:57:00","slug":"atividades-culturais-nas-estacoes","status":"publish","type":"post","link":"https:\/\/tremdavale.org\/pt\/atividades-culturais-nas-estacoes\/","title":{"rendered":"Atividades culturais nas esta\u00e7\u00f5es"},"content":{"rendered":"<p><em><\/em><\/p>\n<p>&nbsp;<\/p>\n<p><img loading=\"lazy\" decoding=\"async\" class=\"size-medium\" title=\"boi-de-minas22\" src=\"\/wp-content\/uploads\/boi-de-minas22-300x200.jpg\" alt=\"Apresenta\u00e7\u00e3o do \" boi=\"\" na=\"\" de=\"\" ouro=\"\" width=\"300\" height=\"200\"><\/p>\n<p>Apresenta\u00e7\u00e3o do Boi de Minas na esta\u00e7\u00e3o de Ouro Preto<\/p>\n<p>&nbsp;<\/p>\n<p>Nos dias 21 e 22 de novembro as esta\u00e7\u00f5es de Ouro Preto e Mariana estiveram em festa.<!--more--><\/p>\n<p>Al\u00e9m dos eventos da Semana da Consci\u00eancia Negra, que levou exposi\u00e7\u00f5es de fotos e rodas de capoeira para as esta\u00e7\u00f5es, a programa\u00e7\u00e3o de final de semana contou tamb\u00e9m com as atividades da Semana do Aleijadinho, em homenagem a um dos maiores artistas da arte colonial em Minas Gerais.<\/p>\n<p>Como parte da programa\u00e7\u00e3o da Semana do Aleijadinho, o Trem da Vale realizou a exposi\u00e7\u00e3o Colcha de Retalhos. Cada retalho da colcha foi criado artesanalmente pelas crian\u00e7as participantes do Plano de Incentivo \u00e0 Leitura, realizado nas Bibliotecas Infanto-juvenis do Programa. Esse trabalho resultou em bel\u00edssimas colchas contendo um pequeno gesto e um olhar pessoal de cada crian\u00e7a sobre o patrim\u00f4nio local.<\/p>\n<p>As colchas foram distribu\u00eddas por toda a plataforma da Esta\u00e7\u00e3o de Ouro Preto, e atraiu in\u00fameros visitantes, que puderam tamb\u00e9m contemplar a divertida apresenta\u00e7\u00e3o do \u201cBoi do Minas\u201d, grupo popular da regi\u00e3o.<\/p>\n<p>&nbsp;<\/p>\n","protected":false},"excerpt":{"rendered":"<p>&nbsp; Apresenta\u00e7\u00e3o do Boi de Minas na esta\u00e7\u00e3o de Ouro Preto &nbsp; Nos dias 21 e 22 de novembro as esta\u00e7\u00f5es de Ouro Preto e Mariana estiveram em festa.<\/p>\n","protected":false},"author":1,"featured_media":373,"comment_status":"open","ping_status":"closed","sticky":false,"template":"","format":"standard","meta":{"footnotes":""},"categories":[3],"tags":[],"class_list":["post-72","post","type-post","status-publish","format-standard","has-post-thumbnail","hentry","category-noticias"],"yoast_head":"<!-- This site is optimized with the Yoast SEO plugin v26.1.1 - https:\/\/yoast.com\/wordpress\/plugins\/seo\/ -->\n<title>Atividades culturais nas esta\u00e7\u00f5es &#8212; Trem da Vale<\/title>\n<meta name=\"robots\" content=\"index, follow, max-snippet:-1, max-image-preview:large, max-video-preview:-1\" \/>\n<link rel=\"canonical\" href=\"https:\/\/tremdavale.org\/pt\/atividades-culturais-nas-estacoes\/\" \/>\n<meta property=\"og:locale\" content=\"pt_PT\" \/>\n<meta property=\"og:type\" content=\"article\" \/>\n<meta property=\"og:title\" content=\"Atividades culturais nas esta\u00e7\u00f5es &#8212; Trem da Vale\" \/>\n<meta property=\"og:description\" content=\"&nbsp; Apresenta\u00e7\u00e3o do Boi de Minas na esta\u00e7\u00e3o de Ouro Preto &nbsp; Nos dias 21 e 22 de novembro as esta\u00e7\u00f5es de Ouro Preto e Mariana estiveram em festa.\" \/>\n<meta property=\"og:url\" content=\"https:\/\/tremdavale.org\/pt\/atividades-culturais-nas-estacoes\/\" \/>\n<meta property=\"og:site_name\" content=\"Trem da Vale\" \/>\n<meta property=\"article:published_time\" content=\"2011-09-10T17:26:00+00:00\" \/>\n<meta property=\"article:modified_time\" content=\"2025-10-10T11:57:00+00:00\" \/>\n<meta property=\"og:image\" content=\"https:\/\/tremdavale.org\/wp-content\/uploads\/boi-de-minas22-300x200.jpg\" \/>\n\t<meta property=\"og:image:width\" content=\"300\" \/>\n\t<meta property=\"og:image:height\" content=\"200\" \/>\n\t<meta property=\"og:image:type\" content=\"image\/jpeg\" \/>\n<meta name=\"author\" content=\"admin\" \/>\n<meta name=\"twitter:card\" content=\"summary_large_image\" \/>\n<meta name=\"twitter:label1\" content=\"Escrito por\" \/>\n\t<meta name=\"twitter:data1\" content=\"admin\" \/>\n\t<meta name=\"twitter:label2\" content=\"Tempo estimado de leitura\" \/>\n\t<meta name=\"twitter:data2\" content=\"1 minuto\" \/>\n<script type=\"application\/ld+json\" class=\"yoast-schema-graph\">{\"@context\":\"https:\/\/schema.org\",\"@graph\":[{\"@type\":\"WebPage\",\"@id\":\"https:\/\/tremdavale.org\/pt\/atividades-culturais-nas-estacoes\/\",\"url\":\"https:\/\/tremdavale.org\/pt\/atividades-culturais-nas-estacoes\/\",\"name\":\"Atividades culturais nas esta\u00e7\u00f5es &#8212; Trem da Vale\",\"isPartOf\":{\"@id\":\"https:\/\/tremdavale.org\/pt\/#website\"},\"primaryImageOfPage\":{\"@id\":\"https:\/\/tremdavale.org\/pt\/atividades-culturais-nas-estacoes\/#primaryimage\"},\"image\":{\"@id\":\"https:\/\/tremdavale.org\/pt\/atividades-culturais-nas-estacoes\/#primaryimage\"},\"thumbnailUrl\":\"https:\/\/tremdavale.org\/wp-content\/uploads\/boi-de-minas22-300x200.jpg\",\"datePublished\":\"2011-09-10T17:26:00+00:00\",\"dateModified\":\"2025-10-10T11:57:00+00:00\",\"author\":{\"@id\":\"https:\/\/tremdavale.org\/pt\/#\/schema\/person\/50912137d47426d31329f246d02eaeca\"},\"breadcrumb\":{\"@id\":\"https:\/\/tremdavale.org\/pt\/atividades-culturais-nas-estacoes\/#breadcrumb\"},\"inLanguage\":\"pt-PT\",\"potentialAction\":[{\"@type\":\"ReadAction\",\"target\":[\"https:\/\/tremdavale.org\/pt\/atividades-culturais-nas-estacoes\/\"]}]},{\"@type\":\"ImageObject\",\"inLanguage\":\"pt-PT\",\"@id\":\"https:\/\/tremdavale.org\/pt\/atividades-culturais-nas-estacoes\/#primaryimage\",\"url\":\"https:\/\/tremdavale.org\/wp-content\/uploads\/boi-de-minas22-300x200.jpg\",\"contentUrl\":\"https:\/\/tremdavale.org\/wp-content\/uploads\/boi-de-minas22-300x200.jpg\",\"width\":300,\"height\":200},{\"@type\":\"BreadcrumbList\",\"@id\":\"https:\/\/tremdavale.org\/pt\/atividades-culturais-nas-estacoes\/#breadcrumb\",\"itemListElement\":[{\"@type\":\"ListItem\",\"position\":1,\"name\":\"In\u00edcio\",\"item\":\"https:\/\/tremdavale.org\/pt\/\"},{\"@type\":\"ListItem\",\"position\":2,\"name\":\"Atividades culturais nas esta\u00e7\u00f5es\"}]},{\"@type\":\"WebSite\",\"@id\":\"https:\/\/tremdavale.org\/pt\/#website\",\"url\":\"https:\/\/tremdavale.org\/pt\/\",\"name\":\"Trem da Vale\",\"description\":\"Programa de Educa\u00e7\u00e3o Patrimonial\",\"potentialAction\":[{\"@type\":\"SearchAction\",\"target\":{\"@type\":\"EntryPoint\",\"urlTemplate\":\"https:\/\/tremdavale.org\/pt\/?s={search_term_string}\"},\"query-input\":{\"@type\":\"PropertyValueSpecification\",\"valueRequired\":true,\"valueName\":\"search_term_string\"}}],\"inLanguage\":\"pt-PT\"},{\"@type\":\"Person\",\"@id\":\"https:\/\/tremdavale.org\/pt\/#\/schema\/person\/50912137d47426d31329f246d02eaeca\",\"name\":\"admin\",\"image\":{\"@type\":\"ImageObject\",\"inLanguage\":\"pt-PT\",\"@id\":\"https:\/\/tremdavale.org\/pt\/#\/schema\/person\/image\/\",\"url\":\"https:\/\/secure.gravatar.com\/avatar\/b3564f0fda6ea47959fe96a4217203e79a167568a37409758659bc3ba443b452?s=96&d=mm&r=g\",\"contentUrl\":\"https:\/\/secure.gravatar.com\/avatar\/b3564f0fda6ea47959fe96a4217203e79a167568a37409758659bc3ba443b452?s=96&d=mm&r=g\",\"caption\":\"admin\"},\"sameAs\":[\"https:\/\/tremdavale.org\"],\"url\":\"https:\/\/tremdavale.org\/pt\/author\/admin\/\"}]}<\/script>\n<!-- \/ Yoast SEO plugin. -->","yoast_head_json":{"title":"Atividades culturais nas esta\u00e7\u00f5es &#8212; Trem da Vale","robots":{"index":"index","follow":"follow","max-snippet":"max-snippet:-1","max-image-preview":"max-image-preview:large","max-video-preview":"max-video-preview:-1"},"canonical":"https:\/\/tremdavale.org\/pt\/atividades-culturais-nas-estacoes\/","og_locale":"pt_PT","og_type":"article","og_title":"Atividades culturais nas esta\u00e7\u00f5es &#8212; Trem da Vale","og_description":"&nbsp; Apresenta\u00e7\u00e3o do Boi de Minas na esta\u00e7\u00e3o de Ouro Preto &nbsp; Nos dias 21 e 22 de novembro as esta\u00e7\u00f5es de Ouro Preto e Mariana estiveram em festa.","og_url":"https:\/\/tremdavale.org\/pt\/atividades-culturais-nas-estacoes\/","og_site_name":"Trem da Vale","article_published_time":"2011-09-10T17:26:00+00:00","article_modified_time":"2025-10-10T11:57:00+00:00","og_image":[{"width":300,"height":200,"url":"https:\/\/tremdavale.org\/wp-content\/uploads\/boi-de-minas22-300x200.jpg","type":"image\/jpeg"}],"author":"admin","twitter_card":"summary_large_image","twitter_misc":{"Escrito por":"admin","Tempo estimado de leitura":"1 minuto"},"schema":{"@context":"https:\/\/schema.org","@graph":[{"@type":"WebPage","@id":"https:\/\/tremdavale.org\/pt\/atividades-culturais-nas-estacoes\/","url":"https:\/\/tremdavale.org\/pt\/atividades-culturais-nas-estacoes\/","name":"Atividades culturais nas esta\u00e7\u00f5es &#8212; Trem da Vale","isPartOf":{"@id":"https:\/\/tremdavale.org\/pt\/#website"},"primaryImageOfPage":{"@id":"https:\/\/tremdavale.org\/pt\/atividades-culturais-nas-estacoes\/#primaryimage"},"image":{"@id":"https:\/\/tremdavale.org\/pt\/atividades-culturais-nas-estacoes\/#primaryimage"},"thumbnailUrl":"https:\/\/tremdavale.org\/wp-content\/uploads\/boi-de-minas22-300x200.jpg","datePublished":"2011-09-10T17:26:00+00:00","dateModified":"2025-10-10T11:57:00+00:00","author":{"@id":"https:\/\/tremdavale.org\/pt\/#\/schema\/person\/50912137d47426d31329f246d02eaeca"},"breadcrumb":{"@id":"https:\/\/tremdavale.org\/pt\/atividades-culturais-nas-estacoes\/#breadcrumb"},"inLanguage":"pt-PT","potentialAction":[{"@type":"ReadAction","target":["https:\/\/tremdavale.org\/pt\/atividades-culturais-nas-estacoes\/"]}]},{"@type":"ImageObject","inLanguage":"pt-PT","@id":"https:\/\/tremdavale.org\/pt\/atividades-culturais-nas-estacoes\/#primaryimage","url":"https:\/\/tremdavale.org\/wp-content\/uploads\/boi-de-minas22-300x200.jpg","contentUrl":"https:\/\/tremdavale.org\/wp-content\/uploads\/boi-de-minas22-300x200.jpg","width":300,"height":200},{"@type":"BreadcrumbList","@id":"https:\/\/tremdavale.org\/pt\/atividades-culturais-nas-estacoes\/#breadcrumb","itemListElement":[{"@type":"ListItem","position":1,"name":"In\u00edcio","item":"https:\/\/tremdavale.org\/pt\/"},{"@type":"ListItem","position":2,"name":"Atividades culturais nas esta\u00e7\u00f5es"}]},{"@type":"WebSite","@id":"https:\/\/tremdavale.org\/pt\/#website","url":"https:\/\/tremdavale.org\/pt\/","name":"Trem da Vale","description":"Programa de Educa\u00e7\u00e3o Patrimonial","potentialAction":[{"@type":"SearchAction","target":{"@type":"EntryPoint","urlTemplate":"https:\/\/tremdavale.org\/pt\/?s={search_term_string}"},"query-input":{"@type":"PropertyValueSpecification","valueRequired":true,"valueName":"search_term_string"}}],"inLanguage":"pt-PT"},{"@type":"Person","@id":"https:\/\/tremdavale.org\/pt\/#\/schema\/person\/50912137d47426d31329f246d02eaeca","name":"admin","image":{"@type":"ImageObject","inLanguage":"pt-PT","@id":"https:\/\/tremdavale.org\/pt\/#\/schema\/person\/image\/","url":"https:\/\/secure.gravatar.com\/avatar\/b3564f0fda6ea47959fe96a4217203e79a167568a37409758659bc3ba443b452?s=96&d=mm&r=g","contentUrl":"https:\/\/secure.gravatar.com\/avatar\/b3564f0fda6ea47959fe96a4217203e79a167568a37409758659bc3ba443b452?s=96&d=mm&r=g","caption":"admin"},"sameAs":["https:\/\/tremdavale.org"],"url":"https:\/\/tremdavale.org\/pt\/author\/admin\/"}]}},"_links":{"self":[{"href":"https:\/\/tremdavale.org\/pt\/wp-json\/wp\/v2\/posts\/72","targetHints":{"allow":["GET"]}}],"collection":[{"href":"https:\/\/tremdavale.org\/pt\/wp-json\/wp\/v2\/posts"}],"about":[{"href":"https:\/\/tremdavale.org\/pt\/wp-json\/wp\/v2\/types\/post"}],"author":[{"embeddable":true,"href":"https:\/\/tremdavale.org\/pt\/wp-json\/wp\/v2\/users\/1"}],"replies":[{"embeddable":true,"href":"https:\/\/tremdavale.org\/pt\/wp-json\/wp\/v2\/comments?post=72"}],"version-history":[{"count":0,"href":"https:\/\/tremdavale.org\/pt\/wp-json\/wp\/v2\/posts\/72\/revisions"}],"wp:featuredmedia":[{"embeddable":true,"href":"https:\/\/tremdavale.org\/pt\/wp-json\/wp\/v2\/media\/373"}],"wp:attachment":[{"href":"https:\/\/tremdavale.org\/pt\/wp-json\/wp\/v2\/media?parent=72"}],"wp:term":[{"taxonomy":"category","embeddable":true,"href":"https:\/\/tremdavale.org\/pt\/wp-json\/wp\/v2\/categories?post=72"},{"taxonomy":"post_tag","embeddable":true,"href":"https:\/\/tremdavale.org\/pt\/wp-json\/wp\/v2\/tags?post=72"}],"curies":[{"name":"wp","href":"https:\/\/api.w.org\/{rel}","templated":true}]}}