{"id":74,"date":"2011-09-11T17:50:00","date_gmt":"2011-09-11T17:50:00","guid":{"rendered":"https:\/\/tremdavale.org\/?p=74"},"modified":"2025-10-10T11:57:00","modified_gmt":"2025-10-10T11:57:00","slug":"atracoes-culturais-movimentam-a-estacao-de-ouro-preto","status":"publish","type":"post","link":"https:\/\/tremdavale.org\/pt\/atracoes-culturais-movimentam-a-estacao-de-ouro-preto\/","title":{"rendered":"Atra\u00e7\u00f5es culturais movimentam a Esta\u00e7\u00e3o de Ouro Preto"},"content":{"rendered":"<p style=\"text-align: center;\"><img loading=\"lazy\" decoding=\"async\" class=\"aligncenter size-medium\" title=\"russo-jazz-band-19-09-09-foto-mariana-marques0332\" src=\"\/wp-content\/uploads\/russo-jazz-band-19-09-09-foto-mariana-marques0332-300x199.jpg\" alt=\"russo-jazz-band-19-09-09-foto-mariana-marques0332\" width=\"300\" height=\"199\"><\/p>\n<p>No \u00faltimo final de semana, a Esta\u00e7\u00e3o de Ouro Preto foi palco de apresenta\u00e7\u00f5es musicais de ritmos e estilos variados, que v\u00e3o desde as folias de boi e congado, pertencentes \u00e0 tradi\u00e7\u00e3o e cultura local, at\u00e9 os shows de jazz e hip-hop, que marcaram movimentos culturais de origem norte-americana.<\/p>\n<p>Nas tardes dos dias 19 e 20 de setembro, grupos de hip-hop, escolas de samba, folias de boi e congados se apresentaram na Tenda Cultural da Esta\u00e7\u00e3o, durante o <em>Encontro de Culturas Musicais<\/em>. O evento, promovido pela Rede Hip Hop &#8211; Associa\u00e7\u00e3o Cultura de Rua e pelo F\u00f3rum de Igualdade Racial de Ouro Preto &#8211; FIROP, levou m\u00fasica e entretenimento para toda a comunidade ouro-pretana.<\/p>\n<p>Pela manh\u00e3, o grupo musical Russo Jazz Band se apresentou no Trem da Vale, como parte da programa\u00e7\u00e3o do <em>Festival Tudo \u00c9 Jazz<\/em>. A banda percorreu os vag\u00f5es com um repert\u00f3rio de jazz durante a viagem de trem de Ouro Preto \u00e0 Mariana.<\/p>\n<p>Tamb\u00e9m nesse final de semana, aconteceu a Feira de Artesanato na Pra\u00e7a do Coreto, em Frente \u00e0 Esta\u00e7\u00e3o de Ouro Preto, onde foram expostos e vendidos itens artesanais produzidos por moradores da regi\u00e3o, como tapetes, bolsas, colchas de retalho, etc.<\/p>\n<p>Os eventos levaram um p\u00fablico diversificado \u00e0 Esta\u00e7\u00e3o de Ouro Preto. Moradores e visitantes, de todas as faixas et\u00e1rias, passaram pela Esta\u00e7\u00e3o atra\u00eddos pela programa\u00e7\u00e3o do final de semana.<\/p>\n<p>&nbsp;<\/p>\n","protected":false},"excerpt":{"rendered":"<p>No \u00faltimo final de semana, a Esta\u00e7\u00e3o de Ouro Preto foi palco de apresenta\u00e7\u00f5es musicais de ritmos e estilos variados, que v\u00e3o desde as folias de boi e congado, pertencentes \u00e0 tradi\u00e7\u00e3o e cultura local, at\u00e9 os shows de jazz e hip-hop, que marcaram movimentos culturais de origem norte-americana. Nas &hellip;<\/p>\n","protected":false},"author":1,"featured_media":375,"comment_status":"open","ping_status":"closed","sticky":false,"template":"","format":"standard","meta":{"footnotes":""},"categories":[3],"tags":[],"class_list":["post-74","post","type-post","status-publish","format-standard","has-post-thumbnail","hentry","category-noticias"],"yoast_head":"<!-- This site is optimized with the Yoast SEO plugin v26.1.1 - https:\/\/yoast.com\/wordpress\/plugins\/seo\/ -->\n<title>Atra\u00e7\u00f5es culturais movimentam a Esta\u00e7\u00e3o de Ouro Preto &#8212; Trem da Vale<\/title>\n<meta name=\"robots\" content=\"index, follow, max-snippet:-1, max-image-preview:large, max-video-preview:-1\" \/>\n<link rel=\"canonical\" href=\"https:\/\/tremdavale.org\/pt\/atracoes-culturais-movimentam-a-estacao-de-ouro-preto\/\" \/>\n<meta property=\"og:locale\" content=\"pt_PT\" \/>\n<meta property=\"og:type\" content=\"article\" \/>\n<meta property=\"og:title\" content=\"Atra\u00e7\u00f5es culturais movimentam a Esta\u00e7\u00e3o de Ouro Preto &#8212; Trem da Vale\" \/>\n<meta property=\"og:description\" content=\"No \u00faltimo final de semana, a Esta\u00e7\u00e3o de Ouro Preto foi palco de apresenta\u00e7\u00f5es musicais de ritmos e estilos variados, que v\u00e3o desde as folias de boi e congado, pertencentes \u00e0 tradi\u00e7\u00e3o e cultura local, at\u00e9 os shows de jazz e hip-hop, que marcaram movimentos culturais de origem norte-americana. Nas &hellip;\" \/>\n<meta property=\"og:url\" content=\"https:\/\/tremdavale.org\/pt\/atracoes-culturais-movimentam-a-estacao-de-ouro-preto\/\" \/>\n<meta property=\"og:site_name\" content=\"Trem da Vale\" \/>\n<meta property=\"article:published_time\" content=\"2011-09-11T17:50:00+00:00\" \/>\n<meta property=\"article:modified_time\" content=\"2025-10-10T11:57:00+00:00\" \/>\n<meta property=\"og:image\" content=\"https:\/\/tremdavale.org\/wp-content\/uploads\/russo-jazz-band-19-09-09-foto-mariana-marques0332-300x199.jpg\" \/>\n\t<meta property=\"og:image:width\" content=\"300\" \/>\n\t<meta property=\"og:image:height\" content=\"199\" \/>\n\t<meta property=\"og:image:type\" content=\"image\/jpeg\" \/>\n<meta name=\"author\" content=\"admin\" \/>\n<meta name=\"twitter:card\" content=\"summary_large_image\" \/>\n<meta name=\"twitter:label1\" content=\"Escrito por\" \/>\n\t<meta name=\"twitter:data1\" content=\"admin\" \/>\n\t<meta name=\"twitter:label2\" content=\"Tempo estimado de leitura\" \/>\n\t<meta name=\"twitter:data2\" content=\"1 minuto\" \/>\n<script type=\"application\/ld+json\" class=\"yoast-schema-graph\">{\"@context\":\"https:\/\/schema.org\",\"@graph\":[{\"@type\":\"WebPage\",\"@id\":\"https:\/\/tremdavale.org\/pt\/atracoes-culturais-movimentam-a-estacao-de-ouro-preto\/\",\"url\":\"https:\/\/tremdavale.org\/pt\/atracoes-culturais-movimentam-a-estacao-de-ouro-preto\/\",\"name\":\"Atra\u00e7\u00f5es culturais movimentam a Esta\u00e7\u00e3o de Ouro Preto &#8212; Trem da Vale\",\"isPartOf\":{\"@id\":\"https:\/\/tremdavale.org\/pt\/#website\"},\"primaryImageOfPage\":{\"@id\":\"https:\/\/tremdavale.org\/pt\/atracoes-culturais-movimentam-a-estacao-de-ouro-preto\/#primaryimage\"},\"image\":{\"@id\":\"https:\/\/tremdavale.org\/pt\/atracoes-culturais-movimentam-a-estacao-de-ouro-preto\/#primaryimage\"},\"thumbnailUrl\":\"https:\/\/tremdavale.org\/wp-content\/uploads\/russo-jazz-band-19-09-09-foto-mariana-marques0332-300x199.jpg\",\"datePublished\":\"2011-09-11T17:50:00+00:00\",\"dateModified\":\"2025-10-10T11:57:00+00:00\",\"author\":{\"@id\":\"https:\/\/tremdavale.org\/pt\/#\/schema\/person\/50912137d47426d31329f246d02eaeca\"},\"breadcrumb\":{\"@id\":\"https:\/\/tremdavale.org\/pt\/atracoes-culturais-movimentam-a-estacao-de-ouro-preto\/#breadcrumb\"},\"inLanguage\":\"pt-PT\",\"potentialAction\":[{\"@type\":\"ReadAction\",\"target\":[\"https:\/\/tremdavale.org\/pt\/atracoes-culturais-movimentam-a-estacao-de-ouro-preto\/\"]}]},{\"@type\":\"ImageObject\",\"inLanguage\":\"pt-PT\",\"@id\":\"https:\/\/tremdavale.org\/pt\/atracoes-culturais-movimentam-a-estacao-de-ouro-preto\/#primaryimage\",\"url\":\"https:\/\/tremdavale.org\/wp-content\/uploads\/russo-jazz-band-19-09-09-foto-mariana-marques0332-300x199.jpg\",\"contentUrl\":\"https:\/\/tremdavale.org\/wp-content\/uploads\/russo-jazz-band-19-09-09-foto-mariana-marques0332-300x199.jpg\",\"width\":300,\"height\":199},{\"@type\":\"BreadcrumbList\",\"@id\":\"https:\/\/tremdavale.org\/pt\/atracoes-culturais-movimentam-a-estacao-de-ouro-preto\/#breadcrumb\",\"itemListElement\":[{\"@type\":\"ListItem\",\"position\":1,\"name\":\"In\u00edcio\",\"item\":\"https:\/\/tremdavale.org\/pt\/\"},{\"@type\":\"ListItem\",\"position\":2,\"name\":\"Atra\u00e7\u00f5es culturais movimentam a Esta\u00e7\u00e3o de Ouro Preto\"}]},{\"@type\":\"WebSite\",\"@id\":\"https:\/\/tremdavale.org\/pt\/#website\",\"url\":\"https:\/\/tremdavale.org\/pt\/\",\"name\":\"Trem da Vale\",\"description\":\"Programa de Educa\u00e7\u00e3o Patrimonial\",\"potentialAction\":[{\"@type\":\"SearchAction\",\"target\":{\"@type\":\"EntryPoint\",\"urlTemplate\":\"https:\/\/tremdavale.org\/pt\/?s={search_term_string}\"},\"query-input\":{\"@type\":\"PropertyValueSpecification\",\"valueRequired\":true,\"valueName\":\"search_term_string\"}}],\"inLanguage\":\"pt-PT\"},{\"@type\":\"Person\",\"@id\":\"https:\/\/tremdavale.org\/pt\/#\/schema\/person\/50912137d47426d31329f246d02eaeca\",\"name\":\"admin\",\"image\":{\"@type\":\"ImageObject\",\"inLanguage\":\"pt-PT\",\"@id\":\"https:\/\/tremdavale.org\/pt\/#\/schema\/person\/image\/\",\"url\":\"https:\/\/secure.gravatar.com\/avatar\/b3564f0fda6ea47959fe96a4217203e79a167568a37409758659bc3ba443b452?s=96&d=mm&r=g\",\"contentUrl\":\"https:\/\/secure.gravatar.com\/avatar\/b3564f0fda6ea47959fe96a4217203e79a167568a37409758659bc3ba443b452?s=96&d=mm&r=g\",\"caption\":\"admin\"},\"sameAs\":[\"https:\/\/tremdavale.org\"],\"url\":\"https:\/\/tremdavale.org\/pt\/author\/admin\/\"}]}<\/script>\n<!-- \/ Yoast SEO plugin. -->","yoast_head_json":{"title":"Atra\u00e7\u00f5es culturais movimentam a Esta\u00e7\u00e3o de Ouro Preto &#8212; Trem da Vale","robots":{"index":"index","follow":"follow","max-snippet":"max-snippet:-1","max-image-preview":"max-image-preview:large","max-video-preview":"max-video-preview:-1"},"canonical":"https:\/\/tremdavale.org\/pt\/atracoes-culturais-movimentam-a-estacao-de-ouro-preto\/","og_locale":"pt_PT","og_type":"article","og_title":"Atra\u00e7\u00f5es culturais movimentam a Esta\u00e7\u00e3o de Ouro Preto &#8212; Trem da Vale","og_description":"No \u00faltimo final de semana, a Esta\u00e7\u00e3o de Ouro Preto foi palco de apresenta\u00e7\u00f5es musicais de ritmos e estilos variados, que v\u00e3o desde as folias de boi e congado, pertencentes \u00e0 tradi\u00e7\u00e3o e cultura local, at\u00e9 os shows de jazz e hip-hop, que marcaram movimentos culturais de origem norte-americana. Nas &hellip;","og_url":"https:\/\/tremdavale.org\/pt\/atracoes-culturais-movimentam-a-estacao-de-ouro-preto\/","og_site_name":"Trem da Vale","article_published_time":"2011-09-11T17:50:00+00:00","article_modified_time":"2025-10-10T11:57:00+00:00","og_image":[{"width":300,"height":199,"url":"https:\/\/tremdavale.org\/wp-content\/uploads\/russo-jazz-band-19-09-09-foto-mariana-marques0332-300x199.jpg","type":"image\/jpeg"}],"author":"admin","twitter_card":"summary_large_image","twitter_misc":{"Escrito por":"admin","Tempo estimado de leitura":"1 minuto"},"schema":{"@context":"https:\/\/schema.org","@graph":[{"@type":"WebPage","@id":"https:\/\/tremdavale.org\/pt\/atracoes-culturais-movimentam-a-estacao-de-ouro-preto\/","url":"https:\/\/tremdavale.org\/pt\/atracoes-culturais-movimentam-a-estacao-de-ouro-preto\/","name":"Atra\u00e7\u00f5es culturais movimentam a Esta\u00e7\u00e3o de Ouro Preto &#8212; Trem da Vale","isPartOf":{"@id":"https:\/\/tremdavale.org\/pt\/#website"},"primaryImageOfPage":{"@id":"https:\/\/tremdavale.org\/pt\/atracoes-culturais-movimentam-a-estacao-de-ouro-preto\/#primaryimage"},"image":{"@id":"https:\/\/tremdavale.org\/pt\/atracoes-culturais-movimentam-a-estacao-de-ouro-preto\/#primaryimage"},"thumbnailUrl":"https:\/\/tremdavale.org\/wp-content\/uploads\/russo-jazz-band-19-09-09-foto-mariana-marques0332-300x199.jpg","datePublished":"2011-09-11T17:50:00+00:00","dateModified":"2025-10-10T11:57:00+00:00","author":{"@id":"https:\/\/tremdavale.org\/pt\/#\/schema\/person\/50912137d47426d31329f246d02eaeca"},"breadcrumb":{"@id":"https:\/\/tremdavale.org\/pt\/atracoes-culturais-movimentam-a-estacao-de-ouro-preto\/#breadcrumb"},"inLanguage":"pt-PT","potentialAction":[{"@type":"ReadAction","target":["https:\/\/tremdavale.org\/pt\/atracoes-culturais-movimentam-a-estacao-de-ouro-preto\/"]}]},{"@type":"ImageObject","inLanguage":"pt-PT","@id":"https:\/\/tremdavale.org\/pt\/atracoes-culturais-movimentam-a-estacao-de-ouro-preto\/#primaryimage","url":"https:\/\/tremdavale.org\/wp-content\/uploads\/russo-jazz-band-19-09-09-foto-mariana-marques0332-300x199.jpg","contentUrl":"https:\/\/tremdavale.org\/wp-content\/uploads\/russo-jazz-band-19-09-09-foto-mariana-marques0332-300x199.jpg","width":300,"height":199},{"@type":"BreadcrumbList","@id":"https:\/\/tremdavale.org\/pt\/atracoes-culturais-movimentam-a-estacao-de-ouro-preto\/#breadcrumb","itemListElement":[{"@type":"ListItem","position":1,"name":"In\u00edcio","item":"https:\/\/tremdavale.org\/pt\/"},{"@type":"ListItem","position":2,"name":"Atra\u00e7\u00f5es culturais movimentam a Esta\u00e7\u00e3o de Ouro Preto"}]},{"@type":"WebSite","@id":"https:\/\/tremdavale.org\/pt\/#website","url":"https:\/\/tremdavale.org\/pt\/","name":"Trem da Vale","description":"Programa de Educa\u00e7\u00e3o Patrimonial","potentialAction":[{"@type":"SearchAction","target":{"@type":"EntryPoint","urlTemplate":"https:\/\/tremdavale.org\/pt\/?s={search_term_string}"},"query-input":{"@type":"PropertyValueSpecification","valueRequired":true,"valueName":"search_term_string"}}],"inLanguage":"pt-PT"},{"@type":"Person","@id":"https:\/\/tremdavale.org\/pt\/#\/schema\/person\/50912137d47426d31329f246d02eaeca","name":"admin","image":{"@type":"ImageObject","inLanguage":"pt-PT","@id":"https:\/\/tremdavale.org\/pt\/#\/schema\/person\/image\/","url":"https:\/\/secure.gravatar.com\/avatar\/b3564f0fda6ea47959fe96a4217203e79a167568a37409758659bc3ba443b452?s=96&d=mm&r=g","contentUrl":"https:\/\/secure.gravatar.com\/avatar\/b3564f0fda6ea47959fe96a4217203e79a167568a37409758659bc3ba443b452?s=96&d=mm&r=g","caption":"admin"},"sameAs":["https:\/\/tremdavale.org"],"url":"https:\/\/tremdavale.org\/pt\/author\/admin\/"}]}},"_links":{"self":[{"href":"https:\/\/tremdavale.org\/pt\/wp-json\/wp\/v2\/posts\/74","targetHints":{"allow":["GET"]}}],"collection":[{"href":"https:\/\/tremdavale.org\/pt\/wp-json\/wp\/v2\/posts"}],"about":[{"href":"https:\/\/tremdavale.org\/pt\/wp-json\/wp\/v2\/types\/post"}],"author":[{"embeddable":true,"href":"https:\/\/tremdavale.org\/pt\/wp-json\/wp\/v2\/users\/1"}],"replies":[{"embeddable":true,"href":"https:\/\/tremdavale.org\/pt\/wp-json\/wp\/v2\/comments?post=74"}],"version-history":[{"count":0,"href":"https:\/\/tremdavale.org\/pt\/wp-json\/wp\/v2\/posts\/74\/revisions"}],"wp:featuredmedia":[{"embeddable":true,"href":"https:\/\/tremdavale.org\/pt\/wp-json\/wp\/v2\/media\/375"}],"wp:attachment":[{"href":"https:\/\/tremdavale.org\/pt\/wp-json\/wp\/v2\/media?parent=74"}],"wp:term":[{"taxonomy":"category","embeddable":true,"href":"https:\/\/tremdavale.org\/pt\/wp-json\/wp\/v2\/categories?post=74"},{"taxonomy":"post_tag","embeddable":true,"href":"https:\/\/tremdavale.org\/pt\/wp-json\/wp\/v2\/tags?post=74"}],"curies":[{"name":"wp","href":"https:\/\/api.w.org\/{rel}","templated":true}]}}