{"id":75,"date":"2011-09-13T03:10:00","date_gmt":"2011-09-13T03:10:00","guid":{"rendered":"https:\/\/tremdavale.org\/?p=75"},"modified":"2025-10-10T11:57:00","modified_gmt":"2025-10-10T11:57:00","slug":"biblioteca-do-trem-da-vale-ganha-premio-pontos-de-leitura","status":"publish","type":"post","link":"https:\/\/tremdavale.org\/pt\/biblioteca-do-trem-da-vale-ganha-premio-pontos-de-leitura\/","title":{"rendered":"Biblioteca do Trem da Vale ganha pr\u00eamio Pontos de Leitura"},"content":{"rendered":"<p>A Biblioteca Infanto-Juvenil da Esta\u00e7\u00e3o de Mariana foi uma das iniciativas selecionadas na primeira edi\u00e7\u00e3o do <em>Concurso Pontos de Leitura &#8211; Edi\u00e7\u00e3o Machado de Assis<\/em>, promovido pelo Minist\u00e9rio da Cultura. O Concurso, realizado em novembro e dezembro de 2008, reconhece a\u00e7\u00f5es que democratizam o acesso ao livro e incentivam a pr\u00e1tica da leitura. As iniciativas premiadas recebem um kit de materiais para biblioteca no valor de R$20 mil.<\/p>\n<p>Na primeira edi\u00e7\u00e3o do Concurso, foram inscritos 702 projetos de todo o pa\u00eds e premiadas 516 iniciativas. Por ter sido selecionada, a Biblioteca Infanto-Juvenil da Esta\u00e7\u00e3o de Mariana vai receber um kit composto de, no m\u00ednimo, 500 livros &#8211; 50% de obras de fic\u00e7\u00e3o, 25% de n\u00e3o-fic\u00e7\u00e3o e 25% de refer\u00eancia -; um computador; uma impressora; e mobili\u00e1rio b\u00e1sico &#8211; tapete emborrachado, almofadas, puffs, estantes, mesa e cadeira. O n\u00famero de livros e os t\u00edtulos destinados a cada iniciativa premiada s\u00e3o escolhidos pela Biblioteca Nacional. A entrega do kit est\u00e1 prevista para o fim de janeiro, segundo a organiza\u00e7\u00e3o do <em>Concurso Pontos de Leitura<\/em>.<\/p>\n<p><strong>A\u00e7\u00f5es cont\u00ednuas<\/strong><\/p>\n<p>A Biblioteca Infanto-Juvenil da Esta\u00e7\u00e3o de Mariana possui acervo de mais de quatro mil livros, al\u00e9m de DVDs e v\u00eddeos, peri\u00f3dicos, acesso a computadores conectados \u00e0 Internet, brinquedoteca e acervo de Hist\u00f3ria Oral. A iniciativa mant\u00e9m programa\u00e7\u00e3o cultural gratuita e aberta ao p\u00fablico, que inclui circuitos de leitura, de m\u00fasica e de cordel; sarau; oficinas e exposi\u00e7\u00f5es. Em 2009, a Biblioteca vai implantar o empr\u00e9stimo domiciliar de livros, previsto para o fim de janeiro.<\/p>\n<p>A Biblioteca Infanto-Juvenil faz parte do Programa de Educa\u00e7\u00e3o Patrimonial Trem da Vale, que re\u00fane um conjunto de a\u00e7\u00f5es culturais de impacto, voltadas \u00e0 valoriza\u00e7\u00e3o do patrim\u00f4nio cultural da regi\u00e3o de Ouro Preto e de Mariana. O Trem da Vale \u00e9 realizado pela Funda\u00e7\u00e3o Vale e patrocinado pela Vale, com recursos incentivados, por meio da Lei Federal de Incentivo \u00e0 Cultura, e investimentos diretos. O projeto tem como parceiro executor o Santa Rosa Bureau Cultural e como parceiros institucionais a Ferrovia Centro-Atl\u00e2ntica, a Universidade Federal de Ouro Preto, o Minist\u00e9rio da Cultura, a Associa\u00e7\u00e3o Brasileira de Preserva\u00e7\u00e3o Ferrovi\u00e1ria e as Prefeituras de Ouro Preto e de Mariana.<\/p>\n<p>&nbsp;<\/p>\n","protected":false},"excerpt":{"rendered":"<p>A Biblioteca Infanto-Juvenil da Esta\u00e7\u00e3o de Mariana foi uma das iniciativas selecionadas na primeira edi\u00e7\u00e3o do Concurso Pontos de Leitura &#8211; Edi\u00e7\u00e3o Machado de Assis, promovido pelo Minist\u00e9rio da Cultura. O Concurso, realizado em novembro e dezembro de 2008, reconhece a\u00e7\u00f5es que democratizam o acesso ao livro e incentivam a &hellip;<\/p>\n","protected":false},"author":1,"featured_media":0,"comment_status":"open","ping_status":"closed","sticky":false,"template":"","format":"standard","meta":{"footnotes":""},"categories":[3],"tags":[],"class_list":["post-75","post","type-post","status-publish","format-standard","hentry","category-noticias"],"yoast_head":"<!-- This site is optimized with the Yoast SEO plugin v26.1.1 - https:\/\/yoast.com\/wordpress\/plugins\/seo\/ -->\n<title>Biblioteca do Trem da Vale ganha pr\u00eamio Pontos de Leitura &#8212; Trem da Vale<\/title>\n<meta name=\"robots\" content=\"index, follow, max-snippet:-1, max-image-preview:large, max-video-preview:-1\" \/>\n<link rel=\"canonical\" href=\"https:\/\/tremdavale.org\/pt\/biblioteca-do-trem-da-vale-ganha-premio-pontos-de-leitura\/\" \/>\n<meta property=\"og:locale\" content=\"pt_PT\" \/>\n<meta property=\"og:type\" content=\"article\" \/>\n<meta property=\"og:title\" content=\"Biblioteca do Trem da Vale ganha pr\u00eamio Pontos de Leitura &#8212; Trem da Vale\" \/>\n<meta property=\"og:description\" content=\"A Biblioteca Infanto-Juvenil da Esta\u00e7\u00e3o de Mariana foi uma das iniciativas selecionadas na primeira edi\u00e7\u00e3o do Concurso Pontos de Leitura &#8211; Edi\u00e7\u00e3o Machado de Assis, promovido pelo Minist\u00e9rio da Cultura. O Concurso, realizado em novembro e dezembro de 2008, reconhece a\u00e7\u00f5es que democratizam o acesso ao livro e incentivam a &hellip;\" \/>\n<meta property=\"og:url\" content=\"https:\/\/tremdavale.org\/pt\/biblioteca-do-trem-da-vale-ganha-premio-pontos-de-leitura\/\" \/>\n<meta property=\"og:site_name\" content=\"Trem da Vale\" \/>\n<meta property=\"article:published_time\" content=\"2011-09-13T03:10:00+00:00\" \/>\n<meta property=\"article:modified_time\" content=\"2025-10-10T11:57:00+00:00\" \/>\n<meta name=\"author\" content=\"admin\" \/>\n<meta name=\"twitter:card\" content=\"summary_large_image\" \/>\n<meta name=\"twitter:label1\" content=\"Escrito por\" \/>\n\t<meta name=\"twitter:data1\" content=\"admin\" \/>\n\t<meta name=\"twitter:label2\" content=\"Tempo estimado de leitura\" \/>\n\t<meta name=\"twitter:data2\" content=\"2 minutos\" \/>\n<script type=\"application\/ld+json\" class=\"yoast-schema-graph\">{\"@context\":\"https:\/\/schema.org\",\"@graph\":[{\"@type\":\"WebPage\",\"@id\":\"https:\/\/tremdavale.org\/pt\/biblioteca-do-trem-da-vale-ganha-premio-pontos-de-leitura\/\",\"url\":\"https:\/\/tremdavale.org\/pt\/biblioteca-do-trem-da-vale-ganha-premio-pontos-de-leitura\/\",\"name\":\"Biblioteca do Trem da Vale ganha pr\u00eamio Pontos de Leitura &#8212; Trem da Vale\",\"isPartOf\":{\"@id\":\"https:\/\/tremdavale.org\/pt\/#website\"},\"datePublished\":\"2011-09-13T03:10:00+00:00\",\"dateModified\":\"2025-10-10T11:57:00+00:00\",\"author\":{\"@id\":\"https:\/\/tremdavale.org\/pt\/#\/schema\/person\/50912137d47426d31329f246d02eaeca\"},\"breadcrumb\":{\"@id\":\"https:\/\/tremdavale.org\/pt\/biblioteca-do-trem-da-vale-ganha-premio-pontos-de-leitura\/#breadcrumb\"},\"inLanguage\":\"pt-PT\",\"potentialAction\":[{\"@type\":\"ReadAction\",\"target\":[\"https:\/\/tremdavale.org\/pt\/biblioteca-do-trem-da-vale-ganha-premio-pontos-de-leitura\/\"]}]},{\"@type\":\"BreadcrumbList\",\"@id\":\"https:\/\/tremdavale.org\/pt\/biblioteca-do-trem-da-vale-ganha-premio-pontos-de-leitura\/#breadcrumb\",\"itemListElement\":[{\"@type\":\"ListItem\",\"position\":1,\"name\":\"In\u00edcio\",\"item\":\"https:\/\/tremdavale.org\/pt\/\"},{\"@type\":\"ListItem\",\"position\":2,\"name\":\"Biblioteca do Trem da Vale ganha pr\u00eamio Pontos de Leitura\"}]},{\"@type\":\"WebSite\",\"@id\":\"https:\/\/tremdavale.org\/pt\/#website\",\"url\":\"https:\/\/tremdavale.org\/pt\/\",\"name\":\"Trem da Vale\",\"description\":\"Programa de Educa\u00e7\u00e3o Patrimonial\",\"potentialAction\":[{\"@type\":\"SearchAction\",\"target\":{\"@type\":\"EntryPoint\",\"urlTemplate\":\"https:\/\/tremdavale.org\/pt\/?s={search_term_string}\"},\"query-input\":{\"@type\":\"PropertyValueSpecification\",\"valueRequired\":true,\"valueName\":\"search_term_string\"}}],\"inLanguage\":\"pt-PT\"},{\"@type\":\"Person\",\"@id\":\"https:\/\/tremdavale.org\/pt\/#\/schema\/person\/50912137d47426d31329f246d02eaeca\",\"name\":\"admin\",\"image\":{\"@type\":\"ImageObject\",\"inLanguage\":\"pt-PT\",\"@id\":\"https:\/\/tremdavale.org\/pt\/#\/schema\/person\/image\/\",\"url\":\"https:\/\/secure.gravatar.com\/avatar\/b3564f0fda6ea47959fe96a4217203e79a167568a37409758659bc3ba443b452?s=96&d=mm&r=g\",\"contentUrl\":\"https:\/\/secure.gravatar.com\/avatar\/b3564f0fda6ea47959fe96a4217203e79a167568a37409758659bc3ba443b452?s=96&d=mm&r=g\",\"caption\":\"admin\"},\"sameAs\":[\"https:\/\/tremdavale.org\"],\"url\":\"https:\/\/tremdavale.org\/pt\/author\/admin\/\"}]}<\/script>\n<!-- \/ Yoast SEO plugin. -->","yoast_head_json":{"title":"Biblioteca do Trem da Vale ganha pr\u00eamio Pontos de Leitura &#8212; Trem da Vale","robots":{"index":"index","follow":"follow","max-snippet":"max-snippet:-1","max-image-preview":"max-image-preview:large","max-video-preview":"max-video-preview:-1"},"canonical":"https:\/\/tremdavale.org\/pt\/biblioteca-do-trem-da-vale-ganha-premio-pontos-de-leitura\/","og_locale":"pt_PT","og_type":"article","og_title":"Biblioteca do Trem da Vale ganha pr\u00eamio Pontos de Leitura &#8212; Trem da Vale","og_description":"A Biblioteca Infanto-Juvenil da Esta\u00e7\u00e3o de Mariana foi uma das iniciativas selecionadas na primeira edi\u00e7\u00e3o do Concurso Pontos de Leitura &#8211; Edi\u00e7\u00e3o Machado de Assis, promovido pelo Minist\u00e9rio da Cultura. O Concurso, realizado em novembro e dezembro de 2008, reconhece a\u00e7\u00f5es que democratizam o acesso ao livro e incentivam a &hellip;","og_url":"https:\/\/tremdavale.org\/pt\/biblioteca-do-trem-da-vale-ganha-premio-pontos-de-leitura\/","og_site_name":"Trem da Vale","article_published_time":"2011-09-13T03:10:00+00:00","article_modified_time":"2025-10-10T11:57:00+00:00","author":"admin","twitter_card":"summary_large_image","twitter_misc":{"Escrito por":"admin","Tempo estimado de leitura":"2 minutos"},"schema":{"@context":"https:\/\/schema.org","@graph":[{"@type":"WebPage","@id":"https:\/\/tremdavale.org\/pt\/biblioteca-do-trem-da-vale-ganha-premio-pontos-de-leitura\/","url":"https:\/\/tremdavale.org\/pt\/biblioteca-do-trem-da-vale-ganha-premio-pontos-de-leitura\/","name":"Biblioteca do Trem da Vale ganha pr\u00eamio Pontos de Leitura &#8212; Trem da Vale","isPartOf":{"@id":"https:\/\/tremdavale.org\/pt\/#website"},"datePublished":"2011-09-13T03:10:00+00:00","dateModified":"2025-10-10T11:57:00+00:00","author":{"@id":"https:\/\/tremdavale.org\/pt\/#\/schema\/person\/50912137d47426d31329f246d02eaeca"},"breadcrumb":{"@id":"https:\/\/tremdavale.org\/pt\/biblioteca-do-trem-da-vale-ganha-premio-pontos-de-leitura\/#breadcrumb"},"inLanguage":"pt-PT","potentialAction":[{"@type":"ReadAction","target":["https:\/\/tremdavale.org\/pt\/biblioteca-do-trem-da-vale-ganha-premio-pontos-de-leitura\/"]}]},{"@type":"BreadcrumbList","@id":"https:\/\/tremdavale.org\/pt\/biblioteca-do-trem-da-vale-ganha-premio-pontos-de-leitura\/#breadcrumb","itemListElement":[{"@type":"ListItem","position":1,"name":"In\u00edcio","item":"https:\/\/tremdavale.org\/pt\/"},{"@type":"ListItem","position":2,"name":"Biblioteca do Trem da Vale ganha pr\u00eamio Pontos de Leitura"}]},{"@type":"WebSite","@id":"https:\/\/tremdavale.org\/pt\/#website","url":"https:\/\/tremdavale.org\/pt\/","name":"Trem da Vale","description":"Programa de Educa\u00e7\u00e3o Patrimonial","potentialAction":[{"@type":"SearchAction","target":{"@type":"EntryPoint","urlTemplate":"https:\/\/tremdavale.org\/pt\/?s={search_term_string}"},"query-input":{"@type":"PropertyValueSpecification","valueRequired":true,"valueName":"search_term_string"}}],"inLanguage":"pt-PT"},{"@type":"Person","@id":"https:\/\/tremdavale.org\/pt\/#\/schema\/person\/50912137d47426d31329f246d02eaeca","name":"admin","image":{"@type":"ImageObject","inLanguage":"pt-PT","@id":"https:\/\/tremdavale.org\/pt\/#\/schema\/person\/image\/","url":"https:\/\/secure.gravatar.com\/avatar\/b3564f0fda6ea47959fe96a4217203e79a167568a37409758659bc3ba443b452?s=96&d=mm&r=g","contentUrl":"https:\/\/secure.gravatar.com\/avatar\/b3564f0fda6ea47959fe96a4217203e79a167568a37409758659bc3ba443b452?s=96&d=mm&r=g","caption":"admin"},"sameAs":["https:\/\/tremdavale.org"],"url":"https:\/\/tremdavale.org\/pt\/author\/admin\/"}]}},"_links":{"self":[{"href":"https:\/\/tremdavale.org\/pt\/wp-json\/wp\/v2\/posts\/75","targetHints":{"allow":["GET"]}}],"collection":[{"href":"https:\/\/tremdavale.org\/pt\/wp-json\/wp\/v2\/posts"}],"about":[{"href":"https:\/\/tremdavale.org\/pt\/wp-json\/wp\/v2\/types\/post"}],"author":[{"embeddable":true,"href":"https:\/\/tremdavale.org\/pt\/wp-json\/wp\/v2\/users\/1"}],"replies":[{"embeddable":true,"href":"https:\/\/tremdavale.org\/pt\/wp-json\/wp\/v2\/comments?post=75"}],"version-history":[{"count":0,"href":"https:\/\/tremdavale.org\/pt\/wp-json\/wp\/v2\/posts\/75\/revisions"}],"wp:attachment":[{"href":"https:\/\/tremdavale.org\/pt\/wp-json\/wp\/v2\/media?parent=75"}],"wp:term":[{"taxonomy":"category","embeddable":true,"href":"https:\/\/tremdavale.org\/pt\/wp-json\/wp\/v2\/categories?post=75"},{"taxonomy":"post_tag","embeddable":true,"href":"https:\/\/tremdavale.org\/pt\/wp-json\/wp\/v2\/tags?post=75"}],"curies":[{"name":"wp","href":"https:\/\/api.w.org\/{rel}","templated":true}]}}