{"id":78,"date":"2011-09-12T01:28:00","date_gmt":"2011-09-12T01:28:00","guid":{"rendered":"https:\/\/tremdavale.org\/?p=78"},"modified":"2025-10-10T11:57:00","modified_gmt":"2025-10-10T11:57:00","slug":"bibliotecas-ampliam-seu-acervo","status":"publish","type":"post","link":"https:\/\/tremdavale.org\/pt\/bibliotecas-ampliam-seu-acervo\/","title":{"rendered":"Bibliotecas ampliam seu acervo"},"content":{"rendered":"<p style=\"text-align: justify;\"><span>Novembro foi um m\u00eas especial para as Bibliotecas Infanto-Juvenis do Programa Trem da Vale: mais de 455 livros foram incorporados ao acervo, oferecendo aos usu\u00e1rios op\u00e7\u00f5es diferenciadas de leitura.<\/span><\/p>\n<p style=\"text-align: justify;\"><!--more--><\/p>\n<p>&nbsp;<\/p>\n<p><img loading=\"lazy\" decoding=\"async\" class=\"size-full\" src=\"\/wp-content\/uploads\/biblioteca-ampliam-acervo.jpg\" alt=\"Novos Livros nas Bibliotecas das Esta\u00e7\u00f5es.\" width=\"300\" height=\"200\"><\/p>\n<p>Novos Livros nas Bibliotecas das Esta\u00e7\u00f5es.<\/p>\n<p>&nbsp;<\/p>\n<p style=\"text-align: justify;\"><span>Fazem parte do acervo t\u00edtulos premiados como: \u201cOnda\u201d, de Suzy Lee, ganhador de melhor livro ilustrado; \u201cLampi\u00e3o &#038; Lancelote\u201d, de Fernando Vilela, destaque como o livro mais premiado do Brasil, al\u00e9m de cole\u00e7\u00f5es como a da \u201cBruxa Onilda\u201d, de Roser Capdevila e Enric Larreula e \u201cAs aventuras do Capit\u00e3o Cueca\u201d, de Dav Pilkey.<\/span><\/p>\n<p style=\"text-align: justify;\"><span>As Bibliotecas Infanto-Juvenis do Programa tem por objetivo promover a\u00e7\u00f5es de forma\u00e7\u00e3o, ensino e aprendizagem relacionadas ao tema \u201cEduca\u00e7\u00e3o Patrimonial\u201d, democratizando o acesso ao conhecimento, e sobretudo, aos bens culturais da regi\u00e3o. Para sua viabiliza\u00e7\u00e3o, as Bibliotecas estimulam a apropria\u00e7\u00e3o dos espa\u00e7os e do acervo pela comunidade, por meio de atividades integradas de incentivo \u00e0 leitura, oficinas de conta\u00e7\u00e3o de hist\u00f3rias, saraus, exposi\u00e7\u00f5es tem\u00e1ticas, visitas guiadas, oficinas de f\u00e9rias, dentre outras.<\/span><\/p>\n<p style=\"text-align: justify;\"><span>Promovem tamb\u00e9m a inclus\u00e3o digital, atrav\u00e9s do acesso aos computadores conectados \u00e0 Internet; possibilitam a consulta para pesquisas escolares; e oferecem oficinas, circuitos e outros eventos de est\u00edmulo \u00e0 leitura, \u00e0 interpreta\u00e7\u00e3o e \u00e0 express\u00e3o em suportes diversos.<\/span><\/p>\n<p style=\"text-align: justify;\"><span>As Bibliotecas oferecem o servi\u00e7o de empr\u00e9stimo de material. Para efetuar o empr\u00e9stimo, basta apresentar fazer a carteirinha da biblioteca. Caso n\u00e3o tenha a carteirinha de empr\u00e9stimo o <span>cadastro \u00e9 feito mediante apresenta\u00e7\u00e3o de foto 3\u00d74 e dos documentos de identidade, CPF e comprovante de resid\u00eancia atual. Para os menores de dezoito anos, ser\u00e1 necess\u00e1rio o comparecimento de um respons\u00e1vel e a apresenta\u00e7\u00e3o de documentos do mesmo.<\/span><\/span><\/p>\n<p>&nbsp;<\/p>\n","protected":false},"excerpt":{"rendered":"<p>Novembro foi um m\u00eas especial para as Bibliotecas Infanto-Juvenis do Programa Trem da Vale: mais de 455 livros foram incorporados ao acervo, oferecendo aos usu\u00e1rios op\u00e7\u00f5es diferenciadas de leitura.<\/p>\n","protected":false},"author":1,"featured_media":378,"comment_status":"open","ping_status":"closed","sticky":false,"template":"","format":"standard","meta":{"footnotes":""},"categories":[2],"tags":[],"class_list":["post-78","post","type-post","status-publish","format-standard","has-post-thumbnail","hentry","category-destaques-home"],"yoast_head":"<!-- This site is optimized with the Yoast SEO plugin v26.1.1 - https:\/\/yoast.com\/wordpress\/plugins\/seo\/ -->\n<title>Bibliotecas ampliam seu acervo &#8212; Trem da Vale<\/title>\n<meta name=\"robots\" content=\"index, follow, max-snippet:-1, max-image-preview:large, max-video-preview:-1\" \/>\n<link rel=\"canonical\" href=\"https:\/\/tremdavale.org\/pt\/bibliotecas-ampliam-seu-acervo\/\" \/>\n<meta property=\"og:locale\" content=\"pt_PT\" \/>\n<meta property=\"og:type\" content=\"article\" \/>\n<meta property=\"og:title\" content=\"Bibliotecas ampliam seu acervo &#8212; Trem da Vale\" \/>\n<meta property=\"og:description\" content=\"Novembro foi um m\u00eas especial para as Bibliotecas Infanto-Juvenis do Programa Trem da Vale: mais de 455 livros foram incorporados ao acervo, oferecendo aos usu\u00e1rios op\u00e7\u00f5es diferenciadas de leitura.\" \/>\n<meta property=\"og:url\" content=\"https:\/\/tremdavale.org\/pt\/bibliotecas-ampliam-seu-acervo\/\" \/>\n<meta property=\"og:site_name\" content=\"Trem da Vale\" \/>\n<meta property=\"article:published_time\" content=\"2011-09-12T01:28:00+00:00\" \/>\n<meta property=\"article:modified_time\" content=\"2025-10-10T11:57:00+00:00\" \/>\n<meta property=\"og:image\" content=\"https:\/\/tremdavale.org\/wp-content\/uploads\/biblioteca-ampliam-acervo.jpg\" \/>\n\t<meta property=\"og:image:width\" content=\"300\" \/>\n\t<meta property=\"og:image:height\" content=\"200\" \/>\n\t<meta property=\"og:image:type\" content=\"image\/jpeg\" \/>\n<meta name=\"author\" content=\"admin\" \/>\n<meta name=\"twitter:card\" content=\"summary_large_image\" \/>\n<meta name=\"twitter:label1\" content=\"Escrito por\" \/>\n\t<meta name=\"twitter:data1\" content=\"admin\" \/>\n\t<meta name=\"twitter:label2\" content=\"Tempo estimado de leitura\" \/>\n\t<meta name=\"twitter:data2\" content=\"1 minuto\" \/>\n<script type=\"application\/ld+json\" class=\"yoast-schema-graph\">{\"@context\":\"https:\/\/schema.org\",\"@graph\":[{\"@type\":\"WebPage\",\"@id\":\"https:\/\/tremdavale.org\/pt\/bibliotecas-ampliam-seu-acervo\/\",\"url\":\"https:\/\/tremdavale.org\/pt\/bibliotecas-ampliam-seu-acervo\/\",\"name\":\"Bibliotecas ampliam seu acervo &#8212; Trem da Vale\",\"isPartOf\":{\"@id\":\"https:\/\/tremdavale.org\/pt\/#website\"},\"primaryImageOfPage\":{\"@id\":\"https:\/\/tremdavale.org\/pt\/bibliotecas-ampliam-seu-acervo\/#primaryimage\"},\"image\":{\"@id\":\"https:\/\/tremdavale.org\/pt\/bibliotecas-ampliam-seu-acervo\/#primaryimage\"},\"thumbnailUrl\":\"https:\/\/tremdavale.org\/wp-content\/uploads\/biblioteca-ampliam-acervo.jpg\",\"datePublished\":\"2011-09-12T01:28:00+00:00\",\"dateModified\":\"2025-10-10T11:57:00+00:00\",\"author\":{\"@id\":\"https:\/\/tremdavale.org\/pt\/#\/schema\/person\/50912137d47426d31329f246d02eaeca\"},\"breadcrumb\":{\"@id\":\"https:\/\/tremdavale.org\/pt\/bibliotecas-ampliam-seu-acervo\/#breadcrumb\"},\"inLanguage\":\"pt-PT\",\"potentialAction\":[{\"@type\":\"ReadAction\",\"target\":[\"https:\/\/tremdavale.org\/pt\/bibliotecas-ampliam-seu-acervo\/\"]}]},{\"@type\":\"ImageObject\",\"inLanguage\":\"pt-PT\",\"@id\":\"https:\/\/tremdavale.org\/pt\/bibliotecas-ampliam-seu-acervo\/#primaryimage\",\"url\":\"https:\/\/tremdavale.org\/wp-content\/uploads\/biblioteca-ampliam-acervo.jpg\",\"contentUrl\":\"https:\/\/tremdavale.org\/wp-content\/uploads\/biblioteca-ampliam-acervo.jpg\",\"width\":300,\"height\":200},{\"@type\":\"BreadcrumbList\",\"@id\":\"https:\/\/tremdavale.org\/pt\/bibliotecas-ampliam-seu-acervo\/#breadcrumb\",\"itemListElement\":[{\"@type\":\"ListItem\",\"position\":1,\"name\":\"In\u00edcio\",\"item\":\"https:\/\/tremdavale.org\/pt\/\"},{\"@type\":\"ListItem\",\"position\":2,\"name\":\"Bibliotecas ampliam seu acervo\"}]},{\"@type\":\"WebSite\",\"@id\":\"https:\/\/tremdavale.org\/pt\/#website\",\"url\":\"https:\/\/tremdavale.org\/pt\/\",\"name\":\"Trem da Vale\",\"description\":\"Programa de Educa\u00e7\u00e3o Patrimonial\",\"potentialAction\":[{\"@type\":\"SearchAction\",\"target\":{\"@type\":\"EntryPoint\",\"urlTemplate\":\"https:\/\/tremdavale.org\/pt\/?s={search_term_string}\"},\"query-input\":{\"@type\":\"PropertyValueSpecification\",\"valueRequired\":true,\"valueName\":\"search_term_string\"}}],\"inLanguage\":\"pt-PT\"},{\"@type\":\"Person\",\"@id\":\"https:\/\/tremdavale.org\/pt\/#\/schema\/person\/50912137d47426d31329f246d02eaeca\",\"name\":\"admin\",\"image\":{\"@type\":\"ImageObject\",\"inLanguage\":\"pt-PT\",\"@id\":\"https:\/\/tremdavale.org\/pt\/#\/schema\/person\/image\/\",\"url\":\"https:\/\/secure.gravatar.com\/avatar\/b3564f0fda6ea47959fe96a4217203e79a167568a37409758659bc3ba443b452?s=96&d=mm&r=g\",\"contentUrl\":\"https:\/\/secure.gravatar.com\/avatar\/b3564f0fda6ea47959fe96a4217203e79a167568a37409758659bc3ba443b452?s=96&d=mm&r=g\",\"caption\":\"admin\"},\"sameAs\":[\"https:\/\/tremdavale.org\"],\"url\":\"https:\/\/tremdavale.org\/pt\/author\/admin\/\"}]}<\/script>\n<!-- \/ Yoast SEO plugin. -->","yoast_head_json":{"title":"Bibliotecas ampliam seu acervo &#8212; Trem da Vale","robots":{"index":"index","follow":"follow","max-snippet":"max-snippet:-1","max-image-preview":"max-image-preview:large","max-video-preview":"max-video-preview:-1"},"canonical":"https:\/\/tremdavale.org\/pt\/bibliotecas-ampliam-seu-acervo\/","og_locale":"pt_PT","og_type":"article","og_title":"Bibliotecas ampliam seu acervo &#8212; Trem da Vale","og_description":"Novembro foi um m\u00eas especial para as Bibliotecas Infanto-Juvenis do Programa Trem da Vale: mais de 455 livros foram incorporados ao acervo, oferecendo aos usu\u00e1rios op\u00e7\u00f5es diferenciadas de leitura.","og_url":"https:\/\/tremdavale.org\/pt\/bibliotecas-ampliam-seu-acervo\/","og_site_name":"Trem da Vale","article_published_time":"2011-09-12T01:28:00+00:00","article_modified_time":"2025-10-10T11:57:00+00:00","og_image":[{"width":300,"height":200,"url":"https:\/\/tremdavale.org\/wp-content\/uploads\/biblioteca-ampliam-acervo.jpg","type":"image\/jpeg"}],"author":"admin","twitter_card":"summary_large_image","twitter_misc":{"Escrito por":"admin","Tempo estimado de leitura":"1 minuto"},"schema":{"@context":"https:\/\/schema.org","@graph":[{"@type":"WebPage","@id":"https:\/\/tremdavale.org\/pt\/bibliotecas-ampliam-seu-acervo\/","url":"https:\/\/tremdavale.org\/pt\/bibliotecas-ampliam-seu-acervo\/","name":"Bibliotecas ampliam seu acervo &#8212; Trem da Vale","isPartOf":{"@id":"https:\/\/tremdavale.org\/pt\/#website"},"primaryImageOfPage":{"@id":"https:\/\/tremdavale.org\/pt\/bibliotecas-ampliam-seu-acervo\/#primaryimage"},"image":{"@id":"https:\/\/tremdavale.org\/pt\/bibliotecas-ampliam-seu-acervo\/#primaryimage"},"thumbnailUrl":"https:\/\/tremdavale.org\/wp-content\/uploads\/biblioteca-ampliam-acervo.jpg","datePublished":"2011-09-12T01:28:00+00:00","dateModified":"2025-10-10T11:57:00+00:00","author":{"@id":"https:\/\/tremdavale.org\/pt\/#\/schema\/person\/50912137d47426d31329f246d02eaeca"},"breadcrumb":{"@id":"https:\/\/tremdavale.org\/pt\/bibliotecas-ampliam-seu-acervo\/#breadcrumb"},"inLanguage":"pt-PT","potentialAction":[{"@type":"ReadAction","target":["https:\/\/tremdavale.org\/pt\/bibliotecas-ampliam-seu-acervo\/"]}]},{"@type":"ImageObject","inLanguage":"pt-PT","@id":"https:\/\/tremdavale.org\/pt\/bibliotecas-ampliam-seu-acervo\/#primaryimage","url":"https:\/\/tremdavale.org\/wp-content\/uploads\/biblioteca-ampliam-acervo.jpg","contentUrl":"https:\/\/tremdavale.org\/wp-content\/uploads\/biblioteca-ampliam-acervo.jpg","width":300,"height":200},{"@type":"BreadcrumbList","@id":"https:\/\/tremdavale.org\/pt\/bibliotecas-ampliam-seu-acervo\/#breadcrumb","itemListElement":[{"@type":"ListItem","position":1,"name":"In\u00edcio","item":"https:\/\/tremdavale.org\/pt\/"},{"@type":"ListItem","position":2,"name":"Bibliotecas ampliam seu acervo"}]},{"@type":"WebSite","@id":"https:\/\/tremdavale.org\/pt\/#website","url":"https:\/\/tremdavale.org\/pt\/","name":"Trem da Vale","description":"Programa de Educa\u00e7\u00e3o Patrimonial","potentialAction":[{"@type":"SearchAction","target":{"@type":"EntryPoint","urlTemplate":"https:\/\/tremdavale.org\/pt\/?s={search_term_string}"},"query-input":{"@type":"PropertyValueSpecification","valueRequired":true,"valueName":"search_term_string"}}],"inLanguage":"pt-PT"},{"@type":"Person","@id":"https:\/\/tremdavale.org\/pt\/#\/schema\/person\/50912137d47426d31329f246d02eaeca","name":"admin","image":{"@type":"ImageObject","inLanguage":"pt-PT","@id":"https:\/\/tremdavale.org\/pt\/#\/schema\/person\/image\/","url":"https:\/\/secure.gravatar.com\/avatar\/b3564f0fda6ea47959fe96a4217203e79a167568a37409758659bc3ba443b452?s=96&d=mm&r=g","contentUrl":"https:\/\/secure.gravatar.com\/avatar\/b3564f0fda6ea47959fe96a4217203e79a167568a37409758659bc3ba443b452?s=96&d=mm&r=g","caption":"admin"},"sameAs":["https:\/\/tremdavale.org"],"url":"https:\/\/tremdavale.org\/pt\/author\/admin\/"}]}},"_links":{"self":[{"href":"https:\/\/tremdavale.org\/pt\/wp-json\/wp\/v2\/posts\/78","targetHints":{"allow":["GET"]}}],"collection":[{"href":"https:\/\/tremdavale.org\/pt\/wp-json\/wp\/v2\/posts"}],"about":[{"href":"https:\/\/tremdavale.org\/pt\/wp-json\/wp\/v2\/types\/post"}],"author":[{"embeddable":true,"href":"https:\/\/tremdavale.org\/pt\/wp-json\/wp\/v2\/users\/1"}],"replies":[{"embeddable":true,"href":"https:\/\/tremdavale.org\/pt\/wp-json\/wp\/v2\/comments?post=78"}],"version-history":[{"count":0,"href":"https:\/\/tremdavale.org\/pt\/wp-json\/wp\/v2\/posts\/78\/revisions"}],"wp:featuredmedia":[{"embeddable":true,"href":"https:\/\/tremdavale.org\/pt\/wp-json\/wp\/v2\/media\/378"}],"wp:attachment":[{"href":"https:\/\/tremdavale.org\/pt\/wp-json\/wp\/v2\/media?parent=78"}],"wp:term":[{"taxonomy":"category","embeddable":true,"href":"https:\/\/tremdavale.org\/pt\/wp-json\/wp\/v2\/categories?post=78"},{"taxonomy":"post_tag","embeddable":true,"href":"https:\/\/tremdavale.org\/pt\/wp-json\/wp\/v2\/tags?post=78"}],"curies":[{"name":"wp","href":"https:\/\/api.w.org\/{rel}","templated":true}]}}