{"id":81,"date":"2014-04-29T23:59:00","date_gmt":"2014-04-29T23:59:00","guid":{"rendered":"https:\/\/tremdavale.org\/?p=81"},"modified":"2025-10-10T11:57:00","modified_gmt":"2025-10-10T11:57:00","slug":"bibliotecas-promovem-acoes-de-incentivo-a-leitura-hora-do-conto","status":"publish","type":"post","link":"https:\/\/tremdavale.org\/pt\/bibliotecas-promovem-acoes-de-incentivo-a-leitura-hora-do-conto\/","title":{"rendered":"Bibliotecas promovem a\u00e7\u00f5es de incentivo \u00e0 leitura \u2013 Hora do Conto"},"content":{"rendered":"<p>Com o intuito de promover a\u00e7\u00f5es educativas e de incentivo \u00e0 leitura, a apropria\u00e7\u00e3o do espa\u00e7o e do acervo das Bibliotecas da Esta\u00e7\u00e3o de Mariana e de Ouro Preto, aos finais de semana e feriados, \u00e0s 14 horas, s\u00e3o realizadas sess\u00f5es de <em>Hora do Conto<\/em> voltadas para o p\u00fablico infantojuvenil. Os usu\u00e1rios e visitantes que estiverem presentes nas Bibliotecas podem participar dessa atividade que proporciona tamb\u00e9m uma oficina liter\u00e1ria a partir do livro trabalhado.<\/p>\n<p>O Programa Trem da Vale, al\u00e9m das a\u00e7\u00f5es de incentivo \u00e0 leitura, disponibiliza um acervo de mais de 8.000 exemplares de livros, com \u00eanfase na literatura infantojuvenil. Os usu\u00e1rios das Bibliotecas podem consultar tamb\u00e9m todos os produtos e registros elaborados pelo Trem da Vale, inclusive dos N\u00facleos de Hist\u00f3ria Oral e Audiovisual. A brinquedoteca \u00e9 outro atrativo que oferece uma diversidade de jogos e brinquedos que proporcionam uma intera\u00e7\u00e3o com os participantes, exercitando o racioc\u00ednio e a concentra\u00e7\u00e3o das crian\u00e7as.<\/p>\n<p>Para se tornar membro da Biblioteca, preencha o formul\u00e1rio dispon\u00edvel no Blog, leve uma foto 3\u00d74 e um comprovante de resid\u00eancia at\u00e9 a Biblioteca e aproveite a oportunidade para fazer uma visita aos espa\u00e7os museogr\u00e1ficos das Esta\u00e7\u00f5es, ao Vag\u00e3o Sonoro-Ambiental (em Ouro Preto) e ao Vag\u00e3o dos Sentidos (em Mariana).<\/p>\n<p>&nbsp;<\/p>\n<p>22.01 &#8211; Hora do Conto na Biblioteca da Esta\u00e7\u00e3o de Mariana<\/p>\n<p>&nbsp;<\/p>\n<p>22.01 &#8211; Hora do Conto no Vag\u00e3o Biblioteca &#8211; Esta\u00e7\u00e3o de Ouro Preto<\/p>\n<p>&nbsp;<\/p>\n","protected":false},"excerpt":{"rendered":"<p>Com o intuito de promover a\u00e7\u00f5es educativas e de incentivo \u00e0 leitura, a apropria\u00e7\u00e3o do espa\u00e7o e do acervo das Bibliotecas da Esta\u00e7\u00e3o de Mariana e de Ouro Preto, aos finais de semana e feriados, \u00e0s 14 horas, s\u00e3o realizadas sess\u00f5es de Hora do Conto voltadas para o p\u00fablico infantojuvenil. &hellip;<\/p>\n","protected":false},"author":1,"featured_media":0,"comment_status":"open","ping_status":"closed","sticky":false,"template":"","format":"standard","meta":{"footnotes":""},"categories":[2],"tags":[],"class_list":["post-81","post","type-post","status-publish","format-standard","hentry","category-destaques-home"],"yoast_head":"<!-- This site is optimized with the Yoast SEO plugin v26.1.1 - https:\/\/yoast.com\/wordpress\/plugins\/seo\/ -->\n<title>Bibliotecas promovem a\u00e7\u00f5es de incentivo \u00e0 leitura \u2013 Hora do Conto &#8212; Trem da Vale<\/title>\n<meta name=\"robots\" content=\"index, follow, max-snippet:-1, max-image-preview:large, max-video-preview:-1\" \/>\n<link rel=\"canonical\" href=\"https:\/\/tremdavale.org\/pt\/bibliotecas-promovem-acoes-de-incentivo-a-leitura-hora-do-conto\/\" \/>\n<meta property=\"og:locale\" content=\"pt_PT\" \/>\n<meta property=\"og:type\" content=\"article\" \/>\n<meta property=\"og:title\" content=\"Bibliotecas promovem a\u00e7\u00f5es de incentivo \u00e0 leitura \u2013 Hora do Conto &#8212; Trem da Vale\" \/>\n<meta property=\"og:description\" content=\"Com o intuito de promover a\u00e7\u00f5es educativas e de incentivo \u00e0 leitura, a apropria\u00e7\u00e3o do espa\u00e7o e do acervo das Bibliotecas da Esta\u00e7\u00e3o de Mariana e de Ouro Preto, aos finais de semana e feriados, \u00e0s 14 horas, s\u00e3o realizadas sess\u00f5es de Hora do Conto voltadas para o p\u00fablico infantojuvenil. &hellip;\" \/>\n<meta property=\"og:url\" content=\"https:\/\/tremdavale.org\/pt\/bibliotecas-promovem-acoes-de-incentivo-a-leitura-hora-do-conto\/\" \/>\n<meta property=\"og:site_name\" content=\"Trem da Vale\" \/>\n<meta property=\"article:published_time\" content=\"2014-04-29T23:59:00+00:00\" \/>\n<meta property=\"article:modified_time\" content=\"2025-10-10T11:57:00+00:00\" \/>\n<meta name=\"author\" content=\"admin\" \/>\n<meta name=\"twitter:card\" content=\"summary_large_image\" \/>\n<meta name=\"twitter:label1\" content=\"Escrito por\" \/>\n\t<meta name=\"twitter:data1\" content=\"admin\" \/>\n\t<meta name=\"twitter:label2\" content=\"Tempo estimado de leitura\" \/>\n\t<meta name=\"twitter:data2\" content=\"1 minuto\" \/>\n<script type=\"application\/ld+json\" class=\"yoast-schema-graph\">{\"@context\":\"https:\/\/schema.org\",\"@graph\":[{\"@type\":\"WebPage\",\"@id\":\"https:\/\/tremdavale.org\/pt\/bibliotecas-promovem-acoes-de-incentivo-a-leitura-hora-do-conto\/\",\"url\":\"https:\/\/tremdavale.org\/pt\/bibliotecas-promovem-acoes-de-incentivo-a-leitura-hora-do-conto\/\",\"name\":\"Bibliotecas promovem a\u00e7\u00f5es de incentivo \u00e0 leitura \u2013 Hora do Conto &#8212; Trem da Vale\",\"isPartOf\":{\"@id\":\"https:\/\/tremdavale.org\/pt\/#website\"},\"datePublished\":\"2014-04-29T23:59:00+00:00\",\"dateModified\":\"2025-10-10T11:57:00+00:00\",\"author\":{\"@id\":\"https:\/\/tremdavale.org\/pt\/#\/schema\/person\/50912137d47426d31329f246d02eaeca\"},\"breadcrumb\":{\"@id\":\"https:\/\/tremdavale.org\/pt\/bibliotecas-promovem-acoes-de-incentivo-a-leitura-hora-do-conto\/#breadcrumb\"},\"inLanguage\":\"pt-PT\",\"potentialAction\":[{\"@type\":\"ReadAction\",\"target\":[\"https:\/\/tremdavale.org\/pt\/bibliotecas-promovem-acoes-de-incentivo-a-leitura-hora-do-conto\/\"]}]},{\"@type\":\"BreadcrumbList\",\"@id\":\"https:\/\/tremdavale.org\/pt\/bibliotecas-promovem-acoes-de-incentivo-a-leitura-hora-do-conto\/#breadcrumb\",\"itemListElement\":[{\"@type\":\"ListItem\",\"position\":1,\"name\":\"In\u00edcio\",\"item\":\"https:\/\/tremdavale.org\/pt\/\"},{\"@type\":\"ListItem\",\"position\":2,\"name\":\"Bibliotecas promovem a\u00e7\u00f5es de incentivo \u00e0 leitura \u2013 Hora do Conto\"}]},{\"@type\":\"WebSite\",\"@id\":\"https:\/\/tremdavale.org\/pt\/#website\",\"url\":\"https:\/\/tremdavale.org\/pt\/\",\"name\":\"Trem da Vale\",\"description\":\"Programa de Educa\u00e7\u00e3o Patrimonial\",\"potentialAction\":[{\"@type\":\"SearchAction\",\"target\":{\"@type\":\"EntryPoint\",\"urlTemplate\":\"https:\/\/tremdavale.org\/pt\/?s={search_term_string}\"},\"query-input\":{\"@type\":\"PropertyValueSpecification\",\"valueRequired\":true,\"valueName\":\"search_term_string\"}}],\"inLanguage\":\"pt-PT\"},{\"@type\":\"Person\",\"@id\":\"https:\/\/tremdavale.org\/pt\/#\/schema\/person\/50912137d47426d31329f246d02eaeca\",\"name\":\"admin\",\"image\":{\"@type\":\"ImageObject\",\"inLanguage\":\"pt-PT\",\"@id\":\"https:\/\/tremdavale.org\/pt\/#\/schema\/person\/image\/\",\"url\":\"https:\/\/secure.gravatar.com\/avatar\/b3564f0fda6ea47959fe96a4217203e79a167568a37409758659bc3ba443b452?s=96&d=mm&r=g\",\"contentUrl\":\"https:\/\/secure.gravatar.com\/avatar\/b3564f0fda6ea47959fe96a4217203e79a167568a37409758659bc3ba443b452?s=96&d=mm&r=g\",\"caption\":\"admin\"},\"sameAs\":[\"https:\/\/tremdavale.org\"],\"url\":\"https:\/\/tremdavale.org\/pt\/author\/admin\/\"}]}<\/script>\n<!-- \/ Yoast SEO plugin. -->","yoast_head_json":{"title":"Bibliotecas promovem a\u00e7\u00f5es de incentivo \u00e0 leitura \u2013 Hora do Conto &#8212; Trem da Vale","robots":{"index":"index","follow":"follow","max-snippet":"max-snippet:-1","max-image-preview":"max-image-preview:large","max-video-preview":"max-video-preview:-1"},"canonical":"https:\/\/tremdavale.org\/pt\/bibliotecas-promovem-acoes-de-incentivo-a-leitura-hora-do-conto\/","og_locale":"pt_PT","og_type":"article","og_title":"Bibliotecas promovem a\u00e7\u00f5es de incentivo \u00e0 leitura \u2013 Hora do Conto &#8212; Trem da Vale","og_description":"Com o intuito de promover a\u00e7\u00f5es educativas e de incentivo \u00e0 leitura, a apropria\u00e7\u00e3o do espa\u00e7o e do acervo das Bibliotecas da Esta\u00e7\u00e3o de Mariana e de Ouro Preto, aos finais de semana e feriados, \u00e0s 14 horas, s\u00e3o realizadas sess\u00f5es de Hora do Conto voltadas para o p\u00fablico infantojuvenil. &hellip;","og_url":"https:\/\/tremdavale.org\/pt\/bibliotecas-promovem-acoes-de-incentivo-a-leitura-hora-do-conto\/","og_site_name":"Trem da Vale","article_published_time":"2014-04-29T23:59:00+00:00","article_modified_time":"2025-10-10T11:57:00+00:00","author":"admin","twitter_card":"summary_large_image","twitter_misc":{"Escrito por":"admin","Tempo estimado de leitura":"1 minuto"},"schema":{"@context":"https:\/\/schema.org","@graph":[{"@type":"WebPage","@id":"https:\/\/tremdavale.org\/pt\/bibliotecas-promovem-acoes-de-incentivo-a-leitura-hora-do-conto\/","url":"https:\/\/tremdavale.org\/pt\/bibliotecas-promovem-acoes-de-incentivo-a-leitura-hora-do-conto\/","name":"Bibliotecas promovem a\u00e7\u00f5es de incentivo \u00e0 leitura \u2013 Hora do Conto &#8212; Trem da Vale","isPartOf":{"@id":"https:\/\/tremdavale.org\/pt\/#website"},"datePublished":"2014-04-29T23:59:00+00:00","dateModified":"2025-10-10T11:57:00+00:00","author":{"@id":"https:\/\/tremdavale.org\/pt\/#\/schema\/person\/50912137d47426d31329f246d02eaeca"},"breadcrumb":{"@id":"https:\/\/tremdavale.org\/pt\/bibliotecas-promovem-acoes-de-incentivo-a-leitura-hora-do-conto\/#breadcrumb"},"inLanguage":"pt-PT","potentialAction":[{"@type":"ReadAction","target":["https:\/\/tremdavale.org\/pt\/bibliotecas-promovem-acoes-de-incentivo-a-leitura-hora-do-conto\/"]}]},{"@type":"BreadcrumbList","@id":"https:\/\/tremdavale.org\/pt\/bibliotecas-promovem-acoes-de-incentivo-a-leitura-hora-do-conto\/#breadcrumb","itemListElement":[{"@type":"ListItem","position":1,"name":"In\u00edcio","item":"https:\/\/tremdavale.org\/pt\/"},{"@type":"ListItem","position":2,"name":"Bibliotecas promovem a\u00e7\u00f5es de incentivo \u00e0 leitura \u2013 Hora do Conto"}]},{"@type":"WebSite","@id":"https:\/\/tremdavale.org\/pt\/#website","url":"https:\/\/tremdavale.org\/pt\/","name":"Trem da Vale","description":"Programa de Educa\u00e7\u00e3o Patrimonial","potentialAction":[{"@type":"SearchAction","target":{"@type":"EntryPoint","urlTemplate":"https:\/\/tremdavale.org\/pt\/?s={search_term_string}"},"query-input":{"@type":"PropertyValueSpecification","valueRequired":true,"valueName":"search_term_string"}}],"inLanguage":"pt-PT"},{"@type":"Person","@id":"https:\/\/tremdavale.org\/pt\/#\/schema\/person\/50912137d47426d31329f246d02eaeca","name":"admin","image":{"@type":"ImageObject","inLanguage":"pt-PT","@id":"https:\/\/tremdavale.org\/pt\/#\/schema\/person\/image\/","url":"https:\/\/secure.gravatar.com\/avatar\/b3564f0fda6ea47959fe96a4217203e79a167568a37409758659bc3ba443b452?s=96&d=mm&r=g","contentUrl":"https:\/\/secure.gravatar.com\/avatar\/b3564f0fda6ea47959fe96a4217203e79a167568a37409758659bc3ba443b452?s=96&d=mm&r=g","caption":"admin"},"sameAs":["https:\/\/tremdavale.org"],"url":"https:\/\/tremdavale.org\/pt\/author\/admin\/"}]}},"_links":{"self":[{"href":"https:\/\/tremdavale.org\/pt\/wp-json\/wp\/v2\/posts\/81","targetHints":{"allow":["GET"]}}],"collection":[{"href":"https:\/\/tremdavale.org\/pt\/wp-json\/wp\/v2\/posts"}],"about":[{"href":"https:\/\/tremdavale.org\/pt\/wp-json\/wp\/v2\/types\/post"}],"author":[{"embeddable":true,"href":"https:\/\/tremdavale.org\/pt\/wp-json\/wp\/v2\/users\/1"}],"replies":[{"embeddable":true,"href":"https:\/\/tremdavale.org\/pt\/wp-json\/wp\/v2\/comments?post=81"}],"version-history":[{"count":0,"href":"https:\/\/tremdavale.org\/pt\/wp-json\/wp\/v2\/posts\/81\/revisions"}],"wp:attachment":[{"href":"https:\/\/tremdavale.org\/pt\/wp-json\/wp\/v2\/media?parent=81"}],"wp:term":[{"taxonomy":"category","embeddable":true,"href":"https:\/\/tremdavale.org\/pt\/wp-json\/wp\/v2\/categories?post=81"},{"taxonomy":"post_tag","embeddable":true,"href":"https:\/\/tremdavale.org\/pt\/wp-json\/wp\/v2\/tags?post=81"}],"curies":[{"name":"wp","href":"https:\/\/api.w.org\/{rel}","templated":true}]}}