{"id":83,"date":"2011-09-12T05:47:00","date_gmt":"2011-09-12T05:47:00","guid":{"rendered":"https:\/\/tremdavale.org\/?p=83"},"modified":"2025-10-10T11:57:00","modified_gmt":"2025-10-10T11:57:00","slug":"caravana-plantas-medicinais-passara-pela-estacao-de-ouro-preto","status":"publish","type":"post","link":"https:\/\/tremdavale.org\/pt\/caravana-plantas-medicinais-passara-pela-estacao-de-ouro-preto\/","title":{"rendered":"Caravana Plantas Medicinais passar\u00e1 pela Esta\u00e7\u00e3o de Ouro Preto"},"content":{"rendered":"<p>Durante a Semana de Ci\u00eancia e Tecnologia (17 a 29 de outubro) a <em>Caravana Plantas Medicinais: Seguindo as Pegadas de Auguste Saint-Hilaire<\/em> passar\u00e1 pela Esta\u00e7\u00e3o Ferrovi\u00e1ria de Ouro Preto, com o intuito de difundir informa\u00e7\u00f5es hist\u00f3ricas e cient\u00edficas sobre as plantas medicinais da regi\u00e3o, incentivando a preserva\u00e7\u00e3o e uso adequado das plantas nativas por parte da popula\u00e7\u00e3o local.<\/p>\n<p>Auguste Saint-Hilaire percorreu parte do territ\u00f3rio brasileiro no inicio do s\u00e9culo XIX em busca de informa\u00e7\u00f5es e descobertas sobre plantas medicinais nativas, criando uma imensa obra de refer\u00eancia.<\/p>\n<p>A proposta da Caravana Plantas Medicinais \u00e9 percorrer os mesmos caminhos da Estrada Real tra\u00e7ados por Saint-Hilaire no s\u00e9culo XIX. A comitiva conta com a participa\u00e7\u00e3o do Dr Marc Pignal, respons\u00e1vel pelo material coletado por A. Saint-Hilaire no Brasil, hoje pertencente ao arquivo do Museu de Hist\u00f3ria Natural de Paris.<\/p>\n<p>A Caravana Plantas Medicinais \u00e9 uma iniciativa da Dataplamt (Banco de Dados e Amostras de Plantas Arom\u00e1ticas Medicinais e T\u00f3xicas) e do Museu de Hist\u00f3ria Natural e Jardim Bot\u00e2nico da Universidade Federal de Minas Gerais, e integra as comemora\u00e7\u00f5es do \u201cAno da Fran\u00e7a no Brasil\u201d.<\/p>\n<p>&nbsp;<\/p>\n<p>A comitiva passar\u00e1 pela Esta\u00e7\u00e3o de Ouro Preto no dia 20 de outubro, ter\u00e7a-feira, \u00e0s 11h. Na ocasi\u00e3o, ser\u00e1 lan\u00e7ado o livro e o site que re\u00fanem um banco de dados sobre as plantas medicinais catalogadas por Saint-Hilaire. Haver\u00e1 ainda distribui\u00e7\u00e3o gratuita de material did\u00e1tico.<\/p>\n<p><strong>Servi\u00e7o:<\/strong><\/p>\n<p>Caravana Plantas Medicinais &#8211; Seguindo as Pegadas de Auguste Saint-Hilair<\/p>\n<p>Local: Esta\u00e7\u00e3o Ferrovi\u00e1ria de Ouro Preto<\/p>\n<p>Data: 20 de outubro<\/p>\n<p>Hor\u00e1rio: 11 horas<\/p>\n<p>Mais informa\u00e7\u00f5es:<br \/>\n\/caravana\u201d&gt;www.dataplamt.org.br\/caravana<\/p>\n<p>&nbsp;<\/p>\n","protected":false},"excerpt":{"rendered":"<p>Durante a Semana de Ci\u00eancia e Tecnologia (17 a 29 de outubro) a Caravana Plantas Medicinais: Seguindo as Pegadas de Auguste Saint-Hilaire passar\u00e1 pela Esta\u00e7\u00e3o Ferrovi\u00e1ria de Ouro Preto, com o intuito de difundir informa\u00e7\u00f5es hist\u00f3ricas e cient\u00edficas sobre as plantas medicinais da regi\u00e3o, incentivando a preserva\u00e7\u00e3o e uso adequado &hellip;<\/p>\n","protected":false},"author":1,"featured_media":0,"comment_status":"open","ping_status":"closed","sticky":false,"template":"","format":"standard","meta":{"footnotes":""},"categories":[3],"tags":[],"class_list":["post-83","post","type-post","status-publish","format-standard","hentry","category-noticias"],"yoast_head":"<!-- This site is optimized with the Yoast SEO plugin v26.1.1 - https:\/\/yoast.com\/wordpress\/plugins\/seo\/ -->\n<title>Caravana Plantas Medicinais passar\u00e1 pela Esta\u00e7\u00e3o de Ouro Preto &#8212; Trem da Vale<\/title>\n<meta name=\"robots\" content=\"index, follow, max-snippet:-1, max-image-preview:large, max-video-preview:-1\" \/>\n<link rel=\"canonical\" href=\"https:\/\/tremdavale.org\/pt\/caravana-plantas-medicinais-passara-pela-estacao-de-ouro-preto\/\" \/>\n<meta property=\"og:locale\" content=\"pt_PT\" \/>\n<meta property=\"og:type\" content=\"article\" \/>\n<meta property=\"og:title\" content=\"Caravana Plantas Medicinais passar\u00e1 pela Esta\u00e7\u00e3o de Ouro Preto &#8212; Trem da Vale\" \/>\n<meta property=\"og:description\" content=\"Durante a Semana de Ci\u00eancia e Tecnologia (17 a 29 de outubro) a Caravana Plantas Medicinais: Seguindo as Pegadas de Auguste Saint-Hilaire passar\u00e1 pela Esta\u00e7\u00e3o Ferrovi\u00e1ria de Ouro Preto, com o intuito de difundir informa\u00e7\u00f5es hist\u00f3ricas e cient\u00edficas sobre as plantas medicinais da regi\u00e3o, incentivando a preserva\u00e7\u00e3o e uso adequado &hellip;\" \/>\n<meta property=\"og:url\" content=\"https:\/\/tremdavale.org\/pt\/caravana-plantas-medicinais-passara-pela-estacao-de-ouro-preto\/\" \/>\n<meta property=\"og:site_name\" content=\"Trem da Vale\" \/>\n<meta property=\"article:published_time\" content=\"2011-09-12T05:47:00+00:00\" \/>\n<meta property=\"article:modified_time\" content=\"2025-10-10T11:57:00+00:00\" \/>\n<meta name=\"author\" content=\"admin\" \/>\n<meta name=\"twitter:card\" content=\"summary_large_image\" \/>\n<meta name=\"twitter:label1\" content=\"Escrito por\" \/>\n\t<meta name=\"twitter:data1\" content=\"admin\" \/>\n\t<meta name=\"twitter:label2\" content=\"Tempo estimado de leitura\" \/>\n\t<meta name=\"twitter:data2\" content=\"1 minuto\" \/>\n<script type=\"application\/ld+json\" class=\"yoast-schema-graph\">{\"@context\":\"https:\/\/schema.org\",\"@graph\":[{\"@type\":\"WebPage\",\"@id\":\"https:\/\/tremdavale.org\/pt\/caravana-plantas-medicinais-passara-pela-estacao-de-ouro-preto\/\",\"url\":\"https:\/\/tremdavale.org\/pt\/caravana-plantas-medicinais-passara-pela-estacao-de-ouro-preto\/\",\"name\":\"Caravana Plantas Medicinais passar\u00e1 pela Esta\u00e7\u00e3o de Ouro Preto &#8212; Trem da Vale\",\"isPartOf\":{\"@id\":\"https:\/\/tremdavale.org\/pt\/#website\"},\"datePublished\":\"2011-09-12T05:47:00+00:00\",\"dateModified\":\"2025-10-10T11:57:00+00:00\",\"author\":{\"@id\":\"https:\/\/tremdavale.org\/pt\/#\/schema\/person\/50912137d47426d31329f246d02eaeca\"},\"breadcrumb\":{\"@id\":\"https:\/\/tremdavale.org\/pt\/caravana-plantas-medicinais-passara-pela-estacao-de-ouro-preto\/#breadcrumb\"},\"inLanguage\":\"pt-PT\",\"potentialAction\":[{\"@type\":\"ReadAction\",\"target\":[\"https:\/\/tremdavale.org\/pt\/caravana-plantas-medicinais-passara-pela-estacao-de-ouro-preto\/\"]}]},{\"@type\":\"BreadcrumbList\",\"@id\":\"https:\/\/tremdavale.org\/pt\/caravana-plantas-medicinais-passara-pela-estacao-de-ouro-preto\/#breadcrumb\",\"itemListElement\":[{\"@type\":\"ListItem\",\"position\":1,\"name\":\"In\u00edcio\",\"item\":\"https:\/\/tremdavale.org\/pt\/\"},{\"@type\":\"ListItem\",\"position\":2,\"name\":\"Caravana Plantas Medicinais passar\u00e1 pela Esta\u00e7\u00e3o de Ouro Preto\"}]},{\"@type\":\"WebSite\",\"@id\":\"https:\/\/tremdavale.org\/pt\/#website\",\"url\":\"https:\/\/tremdavale.org\/pt\/\",\"name\":\"Trem da Vale\",\"description\":\"Programa de Educa\u00e7\u00e3o Patrimonial\",\"potentialAction\":[{\"@type\":\"SearchAction\",\"target\":{\"@type\":\"EntryPoint\",\"urlTemplate\":\"https:\/\/tremdavale.org\/pt\/?s={search_term_string}\"},\"query-input\":{\"@type\":\"PropertyValueSpecification\",\"valueRequired\":true,\"valueName\":\"search_term_string\"}}],\"inLanguage\":\"pt-PT\"},{\"@type\":\"Person\",\"@id\":\"https:\/\/tremdavale.org\/pt\/#\/schema\/person\/50912137d47426d31329f246d02eaeca\",\"name\":\"admin\",\"image\":{\"@type\":\"ImageObject\",\"inLanguage\":\"pt-PT\",\"@id\":\"https:\/\/tremdavale.org\/pt\/#\/schema\/person\/image\/\",\"url\":\"https:\/\/secure.gravatar.com\/avatar\/b3564f0fda6ea47959fe96a4217203e79a167568a37409758659bc3ba443b452?s=96&d=mm&r=g\",\"contentUrl\":\"https:\/\/secure.gravatar.com\/avatar\/b3564f0fda6ea47959fe96a4217203e79a167568a37409758659bc3ba443b452?s=96&d=mm&r=g\",\"caption\":\"admin\"},\"sameAs\":[\"https:\/\/tremdavale.org\"],\"url\":\"https:\/\/tremdavale.org\/pt\/author\/admin\/\"}]}<\/script>\n<!-- \/ Yoast SEO plugin. -->","yoast_head_json":{"title":"Caravana Plantas Medicinais passar\u00e1 pela Esta\u00e7\u00e3o de Ouro Preto &#8212; Trem da Vale","robots":{"index":"index","follow":"follow","max-snippet":"max-snippet:-1","max-image-preview":"max-image-preview:large","max-video-preview":"max-video-preview:-1"},"canonical":"https:\/\/tremdavale.org\/pt\/caravana-plantas-medicinais-passara-pela-estacao-de-ouro-preto\/","og_locale":"pt_PT","og_type":"article","og_title":"Caravana Plantas Medicinais passar\u00e1 pela Esta\u00e7\u00e3o de Ouro Preto &#8212; Trem da Vale","og_description":"Durante a Semana de Ci\u00eancia e Tecnologia (17 a 29 de outubro) a Caravana Plantas Medicinais: Seguindo as Pegadas de Auguste Saint-Hilaire passar\u00e1 pela Esta\u00e7\u00e3o Ferrovi\u00e1ria de Ouro Preto, com o intuito de difundir informa\u00e7\u00f5es hist\u00f3ricas e cient\u00edficas sobre as plantas medicinais da regi\u00e3o, incentivando a preserva\u00e7\u00e3o e uso adequado &hellip;","og_url":"https:\/\/tremdavale.org\/pt\/caravana-plantas-medicinais-passara-pela-estacao-de-ouro-preto\/","og_site_name":"Trem da Vale","article_published_time":"2011-09-12T05:47:00+00:00","article_modified_time":"2025-10-10T11:57:00+00:00","author":"admin","twitter_card":"summary_large_image","twitter_misc":{"Escrito por":"admin","Tempo estimado de leitura":"1 minuto"},"schema":{"@context":"https:\/\/schema.org","@graph":[{"@type":"WebPage","@id":"https:\/\/tremdavale.org\/pt\/caravana-plantas-medicinais-passara-pela-estacao-de-ouro-preto\/","url":"https:\/\/tremdavale.org\/pt\/caravana-plantas-medicinais-passara-pela-estacao-de-ouro-preto\/","name":"Caravana Plantas Medicinais passar\u00e1 pela Esta\u00e7\u00e3o de Ouro Preto &#8212; Trem da Vale","isPartOf":{"@id":"https:\/\/tremdavale.org\/pt\/#website"},"datePublished":"2011-09-12T05:47:00+00:00","dateModified":"2025-10-10T11:57:00+00:00","author":{"@id":"https:\/\/tremdavale.org\/pt\/#\/schema\/person\/50912137d47426d31329f246d02eaeca"},"breadcrumb":{"@id":"https:\/\/tremdavale.org\/pt\/caravana-plantas-medicinais-passara-pela-estacao-de-ouro-preto\/#breadcrumb"},"inLanguage":"pt-PT","potentialAction":[{"@type":"ReadAction","target":["https:\/\/tremdavale.org\/pt\/caravana-plantas-medicinais-passara-pela-estacao-de-ouro-preto\/"]}]},{"@type":"BreadcrumbList","@id":"https:\/\/tremdavale.org\/pt\/caravana-plantas-medicinais-passara-pela-estacao-de-ouro-preto\/#breadcrumb","itemListElement":[{"@type":"ListItem","position":1,"name":"In\u00edcio","item":"https:\/\/tremdavale.org\/pt\/"},{"@type":"ListItem","position":2,"name":"Caravana Plantas Medicinais passar\u00e1 pela Esta\u00e7\u00e3o de Ouro Preto"}]},{"@type":"WebSite","@id":"https:\/\/tremdavale.org\/pt\/#website","url":"https:\/\/tremdavale.org\/pt\/","name":"Trem da Vale","description":"Programa de Educa\u00e7\u00e3o Patrimonial","potentialAction":[{"@type":"SearchAction","target":{"@type":"EntryPoint","urlTemplate":"https:\/\/tremdavale.org\/pt\/?s={search_term_string}"},"query-input":{"@type":"PropertyValueSpecification","valueRequired":true,"valueName":"search_term_string"}}],"inLanguage":"pt-PT"},{"@type":"Person","@id":"https:\/\/tremdavale.org\/pt\/#\/schema\/person\/50912137d47426d31329f246d02eaeca","name":"admin","image":{"@type":"ImageObject","inLanguage":"pt-PT","@id":"https:\/\/tremdavale.org\/pt\/#\/schema\/person\/image\/","url":"https:\/\/secure.gravatar.com\/avatar\/b3564f0fda6ea47959fe96a4217203e79a167568a37409758659bc3ba443b452?s=96&d=mm&r=g","contentUrl":"https:\/\/secure.gravatar.com\/avatar\/b3564f0fda6ea47959fe96a4217203e79a167568a37409758659bc3ba443b452?s=96&d=mm&r=g","caption":"admin"},"sameAs":["https:\/\/tremdavale.org"],"url":"https:\/\/tremdavale.org\/pt\/author\/admin\/"}]}},"_links":{"self":[{"href":"https:\/\/tremdavale.org\/pt\/wp-json\/wp\/v2\/posts\/83","targetHints":{"allow":["GET"]}}],"collection":[{"href":"https:\/\/tremdavale.org\/pt\/wp-json\/wp\/v2\/posts"}],"about":[{"href":"https:\/\/tremdavale.org\/pt\/wp-json\/wp\/v2\/types\/post"}],"author":[{"embeddable":true,"href":"https:\/\/tremdavale.org\/pt\/wp-json\/wp\/v2\/users\/1"}],"replies":[{"embeddable":true,"href":"https:\/\/tremdavale.org\/pt\/wp-json\/wp\/v2\/comments?post=83"}],"version-history":[{"count":0,"href":"https:\/\/tremdavale.org\/pt\/wp-json\/wp\/v2\/posts\/83\/revisions"}],"wp:attachment":[{"href":"https:\/\/tremdavale.org\/pt\/wp-json\/wp\/v2\/media?parent=83"}],"wp:term":[{"taxonomy":"category","embeddable":true,"href":"https:\/\/tremdavale.org\/pt\/wp-json\/wp\/v2\/categories?post=83"},{"taxonomy":"post_tag","embeddable":true,"href":"https:\/\/tremdavale.org\/pt\/wp-json\/wp\/v2\/tags?post=83"}],"curies":[{"name":"wp","href":"https:\/\/api.w.org\/{rel}","templated":true}]}}