{"id":84,"date":"2011-09-10T06:47:00","date_gmt":"2011-09-10T06:47:00","guid":{"rendered":"https:\/\/tremdavale.org\/?p=84"},"modified":"2025-10-10T11:57:00","modified_gmt":"2025-10-10T11:57:00","slug":"carnaval-a-todo-vapor","status":"publish","type":"post","link":"https:\/\/tremdavale.org\/pt\/carnaval-a-todo-vapor\/","title":{"rendered":"Carnaval a todo vapor!"},"content":{"rendered":"<p><img loading=\"lazy\" decoding=\"async\" class=\"size-medium alignright\" title=\"copia-de-carnaval-nas-estacoes-05-02-11-marilene-marinho-44\" src=\"\/wp-content\/uploads\/copia-de-carnaval-nas-estacoes-05-02-11-marilene-marinho-44-300x199.jpg\" alt=\"copia-de-carnaval-nas-estacoes-05-02-11-marilene-marinho-44\" width=\"300\" height=\"199\"><\/p>\n<p style=\"text-align: justify;\"><span><span>O Trem da Vale preparou uma festa para os visitantes que realizaram o passeio durante o carnaval. Nos dias 05 e 07 de mar\u00e7o, o grupo<\/span><\/span><em>4 de Copas<\/em> animou as esta\u00e7\u00f5es<span><span>.<\/span><\/span><\/p>\n<p><!--more--><\/p>\n<p><span>A apresenta\u00e7\u00e3o do grupo fez parte da Programa\u00e7\u00e3o de Carnaval, e ofereceu aos visitantes uma forma diferente de realizar a viagem entre as duas cidades.<\/span><\/p>\n<p style=\"text-align: justify;\"><img loading=\"lazy\" decoding=\"async\" class=\"size-medium alignright\" title=\"carnaval-nas-estacoes-05-02-11-marilene-marinho-356\" src=\"\/wp-content\/uploads\/carnaval-nas-estacoes-05-02-11-marilene-marinho-356-300x199.jpg\" alt=\"carnaval-nas-estacoes-05-02-11-marilene-marinho-356\" width=\"300\" height=\"199\"><span>O Grupo \u00e9 formado por quatro componentes que animaram o trajeto com marchinhas<\/span> e sambas de carnaval ao som da Clarineta, Trompete, Trombone e Tuba Sinf\u00f4nica!<\/p>\n<p style=\"text-align: justify;\">As apresenta\u00e7\u00f5es tiveram inicio nas esta\u00e7\u00f5es durante o embarque e seguiram a viagem dentro dos vag\u00f5es, acompanhando os passageiros e proporcionando uma divertida viagem musical!<\/p>\n<p>&nbsp;<\/p>\n","protected":false},"excerpt":{"rendered":"<p>O Trem da Vale preparou uma festa para os visitantes que realizaram o passeio durante o carnaval. Nos dias 05 e 07 de mar\u00e7o, o grupo4 de Copas animou as esta\u00e7\u00f5es.<\/p>\n","protected":false},"author":1,"featured_media":382,"comment_status":"open","ping_status":"closed","sticky":false,"template":"","format":"standard","meta":{"footnotes":""},"categories":[3],"tags":[],"class_list":["post-84","post","type-post","status-publish","format-standard","has-post-thumbnail","hentry","category-noticias"],"yoast_head":"<!-- This site is optimized with the Yoast SEO plugin v26.1.1 - https:\/\/yoast.com\/wordpress\/plugins\/seo\/ -->\n<title>Carnaval a todo vapor! &#8212; Trem da Vale<\/title>\n<meta name=\"robots\" content=\"index, follow, max-snippet:-1, max-image-preview:large, max-video-preview:-1\" \/>\n<link rel=\"canonical\" href=\"https:\/\/tremdavale.org\/pt\/carnaval-a-todo-vapor\/\" \/>\n<meta property=\"og:locale\" content=\"pt_PT\" \/>\n<meta property=\"og:type\" content=\"article\" \/>\n<meta property=\"og:title\" content=\"Carnaval a todo vapor! &#8212; Trem da Vale\" \/>\n<meta property=\"og:description\" content=\"O Trem da Vale preparou uma festa para os visitantes que realizaram o passeio durante o carnaval. Nos dias 05 e 07 de mar\u00e7o, o grupo4 de Copas animou as esta\u00e7\u00f5es.\" \/>\n<meta property=\"og:url\" content=\"https:\/\/tremdavale.org\/pt\/carnaval-a-todo-vapor\/\" \/>\n<meta property=\"og:site_name\" content=\"Trem da Vale\" \/>\n<meta property=\"article:published_time\" content=\"2011-09-10T06:47:00+00:00\" \/>\n<meta property=\"article:modified_time\" content=\"2025-10-10T11:57:00+00:00\" \/>\n<meta property=\"og:image\" content=\"https:\/\/tremdavale.org\/wp-content\/uploads\/copia-de-carnaval-nas-estacoes-05-02-11-marilene-marinho-44-300x199.jpg\" \/>\n\t<meta property=\"og:image:width\" content=\"300\" \/>\n\t<meta property=\"og:image:height\" content=\"199\" \/>\n\t<meta property=\"og:image:type\" content=\"image\/jpeg\" \/>\n<meta name=\"author\" content=\"admin\" \/>\n<meta name=\"twitter:card\" content=\"summary_large_image\" \/>\n<meta name=\"twitter:label1\" content=\"Escrito por\" \/>\n\t<meta name=\"twitter:data1\" content=\"admin\" \/>\n\t<meta name=\"twitter:label2\" content=\"Tempo estimado de leitura\" \/>\n\t<meta name=\"twitter:data2\" content=\"1 minuto\" \/>\n<script type=\"application\/ld+json\" class=\"yoast-schema-graph\">{\"@context\":\"https:\/\/schema.org\",\"@graph\":[{\"@type\":\"WebPage\",\"@id\":\"https:\/\/tremdavale.org\/pt\/carnaval-a-todo-vapor\/\",\"url\":\"https:\/\/tremdavale.org\/pt\/carnaval-a-todo-vapor\/\",\"name\":\"Carnaval a todo vapor! &#8212; Trem da Vale\",\"isPartOf\":{\"@id\":\"https:\/\/tremdavale.org\/pt\/#website\"},\"primaryImageOfPage\":{\"@id\":\"https:\/\/tremdavale.org\/pt\/carnaval-a-todo-vapor\/#primaryimage\"},\"image\":{\"@id\":\"https:\/\/tremdavale.org\/pt\/carnaval-a-todo-vapor\/#primaryimage\"},\"thumbnailUrl\":\"https:\/\/tremdavale.org\/wp-content\/uploads\/copia-de-carnaval-nas-estacoes-05-02-11-marilene-marinho-44-300x199.jpg\",\"datePublished\":\"2011-09-10T06:47:00+00:00\",\"dateModified\":\"2025-10-10T11:57:00+00:00\",\"author\":{\"@id\":\"https:\/\/tremdavale.org\/pt\/#\/schema\/person\/50912137d47426d31329f246d02eaeca\"},\"breadcrumb\":{\"@id\":\"https:\/\/tremdavale.org\/pt\/carnaval-a-todo-vapor\/#breadcrumb\"},\"inLanguage\":\"pt-PT\",\"potentialAction\":[{\"@type\":\"ReadAction\",\"target\":[\"https:\/\/tremdavale.org\/pt\/carnaval-a-todo-vapor\/\"]}]},{\"@type\":\"ImageObject\",\"inLanguage\":\"pt-PT\",\"@id\":\"https:\/\/tremdavale.org\/pt\/carnaval-a-todo-vapor\/#primaryimage\",\"url\":\"https:\/\/tremdavale.org\/wp-content\/uploads\/copia-de-carnaval-nas-estacoes-05-02-11-marilene-marinho-44-300x199.jpg\",\"contentUrl\":\"https:\/\/tremdavale.org\/wp-content\/uploads\/copia-de-carnaval-nas-estacoes-05-02-11-marilene-marinho-44-300x199.jpg\",\"width\":300,\"height\":199},{\"@type\":\"BreadcrumbList\",\"@id\":\"https:\/\/tremdavale.org\/pt\/carnaval-a-todo-vapor\/#breadcrumb\",\"itemListElement\":[{\"@type\":\"ListItem\",\"position\":1,\"name\":\"In\u00edcio\",\"item\":\"https:\/\/tremdavale.org\/pt\/\"},{\"@type\":\"ListItem\",\"position\":2,\"name\":\"Carnaval a todo vapor!\"}]},{\"@type\":\"WebSite\",\"@id\":\"https:\/\/tremdavale.org\/pt\/#website\",\"url\":\"https:\/\/tremdavale.org\/pt\/\",\"name\":\"Trem da Vale\",\"description\":\"Programa de Educa\u00e7\u00e3o Patrimonial\",\"potentialAction\":[{\"@type\":\"SearchAction\",\"target\":{\"@type\":\"EntryPoint\",\"urlTemplate\":\"https:\/\/tremdavale.org\/pt\/?s={search_term_string}\"},\"query-input\":{\"@type\":\"PropertyValueSpecification\",\"valueRequired\":true,\"valueName\":\"search_term_string\"}}],\"inLanguage\":\"pt-PT\"},{\"@type\":\"Person\",\"@id\":\"https:\/\/tremdavale.org\/pt\/#\/schema\/person\/50912137d47426d31329f246d02eaeca\",\"name\":\"admin\",\"image\":{\"@type\":\"ImageObject\",\"inLanguage\":\"pt-PT\",\"@id\":\"https:\/\/tremdavale.org\/pt\/#\/schema\/person\/image\/\",\"url\":\"https:\/\/secure.gravatar.com\/avatar\/b3564f0fda6ea47959fe96a4217203e79a167568a37409758659bc3ba443b452?s=96&d=mm&r=g\",\"contentUrl\":\"https:\/\/secure.gravatar.com\/avatar\/b3564f0fda6ea47959fe96a4217203e79a167568a37409758659bc3ba443b452?s=96&d=mm&r=g\",\"caption\":\"admin\"},\"sameAs\":[\"https:\/\/tremdavale.org\"],\"url\":\"https:\/\/tremdavale.org\/pt\/author\/admin\/\"}]}<\/script>\n<!-- \/ Yoast SEO plugin. -->","yoast_head_json":{"title":"Carnaval a todo vapor! &#8212; Trem da Vale","robots":{"index":"index","follow":"follow","max-snippet":"max-snippet:-1","max-image-preview":"max-image-preview:large","max-video-preview":"max-video-preview:-1"},"canonical":"https:\/\/tremdavale.org\/pt\/carnaval-a-todo-vapor\/","og_locale":"pt_PT","og_type":"article","og_title":"Carnaval a todo vapor! &#8212; Trem da Vale","og_description":"O Trem da Vale preparou uma festa para os visitantes que realizaram o passeio durante o carnaval. Nos dias 05 e 07 de mar\u00e7o, o grupo4 de Copas animou as esta\u00e7\u00f5es.","og_url":"https:\/\/tremdavale.org\/pt\/carnaval-a-todo-vapor\/","og_site_name":"Trem da Vale","article_published_time":"2011-09-10T06:47:00+00:00","article_modified_time":"2025-10-10T11:57:00+00:00","og_image":[{"width":300,"height":199,"url":"https:\/\/tremdavale.org\/wp-content\/uploads\/copia-de-carnaval-nas-estacoes-05-02-11-marilene-marinho-44-300x199.jpg","type":"image\/jpeg"}],"author":"admin","twitter_card":"summary_large_image","twitter_misc":{"Escrito por":"admin","Tempo estimado de leitura":"1 minuto"},"schema":{"@context":"https:\/\/schema.org","@graph":[{"@type":"WebPage","@id":"https:\/\/tremdavale.org\/pt\/carnaval-a-todo-vapor\/","url":"https:\/\/tremdavale.org\/pt\/carnaval-a-todo-vapor\/","name":"Carnaval a todo vapor! &#8212; Trem da Vale","isPartOf":{"@id":"https:\/\/tremdavale.org\/pt\/#website"},"primaryImageOfPage":{"@id":"https:\/\/tremdavale.org\/pt\/carnaval-a-todo-vapor\/#primaryimage"},"image":{"@id":"https:\/\/tremdavale.org\/pt\/carnaval-a-todo-vapor\/#primaryimage"},"thumbnailUrl":"https:\/\/tremdavale.org\/wp-content\/uploads\/copia-de-carnaval-nas-estacoes-05-02-11-marilene-marinho-44-300x199.jpg","datePublished":"2011-09-10T06:47:00+00:00","dateModified":"2025-10-10T11:57:00+00:00","author":{"@id":"https:\/\/tremdavale.org\/pt\/#\/schema\/person\/50912137d47426d31329f246d02eaeca"},"breadcrumb":{"@id":"https:\/\/tremdavale.org\/pt\/carnaval-a-todo-vapor\/#breadcrumb"},"inLanguage":"pt-PT","potentialAction":[{"@type":"ReadAction","target":["https:\/\/tremdavale.org\/pt\/carnaval-a-todo-vapor\/"]}]},{"@type":"ImageObject","inLanguage":"pt-PT","@id":"https:\/\/tremdavale.org\/pt\/carnaval-a-todo-vapor\/#primaryimage","url":"https:\/\/tremdavale.org\/wp-content\/uploads\/copia-de-carnaval-nas-estacoes-05-02-11-marilene-marinho-44-300x199.jpg","contentUrl":"https:\/\/tremdavale.org\/wp-content\/uploads\/copia-de-carnaval-nas-estacoes-05-02-11-marilene-marinho-44-300x199.jpg","width":300,"height":199},{"@type":"BreadcrumbList","@id":"https:\/\/tremdavale.org\/pt\/carnaval-a-todo-vapor\/#breadcrumb","itemListElement":[{"@type":"ListItem","position":1,"name":"In\u00edcio","item":"https:\/\/tremdavale.org\/pt\/"},{"@type":"ListItem","position":2,"name":"Carnaval a todo vapor!"}]},{"@type":"WebSite","@id":"https:\/\/tremdavale.org\/pt\/#website","url":"https:\/\/tremdavale.org\/pt\/","name":"Trem da Vale","description":"Programa de Educa\u00e7\u00e3o Patrimonial","potentialAction":[{"@type":"SearchAction","target":{"@type":"EntryPoint","urlTemplate":"https:\/\/tremdavale.org\/pt\/?s={search_term_string}"},"query-input":{"@type":"PropertyValueSpecification","valueRequired":true,"valueName":"search_term_string"}}],"inLanguage":"pt-PT"},{"@type":"Person","@id":"https:\/\/tremdavale.org\/pt\/#\/schema\/person\/50912137d47426d31329f246d02eaeca","name":"admin","image":{"@type":"ImageObject","inLanguage":"pt-PT","@id":"https:\/\/tremdavale.org\/pt\/#\/schema\/person\/image\/","url":"https:\/\/secure.gravatar.com\/avatar\/b3564f0fda6ea47959fe96a4217203e79a167568a37409758659bc3ba443b452?s=96&d=mm&r=g","contentUrl":"https:\/\/secure.gravatar.com\/avatar\/b3564f0fda6ea47959fe96a4217203e79a167568a37409758659bc3ba443b452?s=96&d=mm&r=g","caption":"admin"},"sameAs":["https:\/\/tremdavale.org"],"url":"https:\/\/tremdavale.org\/pt\/author\/admin\/"}]}},"_links":{"self":[{"href":"https:\/\/tremdavale.org\/pt\/wp-json\/wp\/v2\/posts\/84","targetHints":{"allow":["GET"]}}],"collection":[{"href":"https:\/\/tremdavale.org\/pt\/wp-json\/wp\/v2\/posts"}],"about":[{"href":"https:\/\/tremdavale.org\/pt\/wp-json\/wp\/v2\/types\/post"}],"author":[{"embeddable":true,"href":"https:\/\/tremdavale.org\/pt\/wp-json\/wp\/v2\/users\/1"}],"replies":[{"embeddable":true,"href":"https:\/\/tremdavale.org\/pt\/wp-json\/wp\/v2\/comments?post=84"}],"version-history":[{"count":0,"href":"https:\/\/tremdavale.org\/pt\/wp-json\/wp\/v2\/posts\/84\/revisions"}],"wp:featuredmedia":[{"embeddable":true,"href":"https:\/\/tremdavale.org\/pt\/wp-json\/wp\/v2\/media\/382"}],"wp:attachment":[{"href":"https:\/\/tremdavale.org\/pt\/wp-json\/wp\/v2\/media?parent=84"}],"wp:term":[{"taxonomy":"category","embeddable":true,"href":"https:\/\/tremdavale.org\/pt\/wp-json\/wp\/v2\/categories?post=84"},{"taxonomy":"post_tag","embeddable":true,"href":"https:\/\/tremdavale.org\/pt\/wp-json\/wp\/v2\/tags?post=84"}],"curies":[{"name":"wp","href":"https:\/\/api.w.org\/{rel}","templated":true}]}}