{"id":86,"date":"2014-04-29T23:39:00","date_gmt":"2014-04-29T23:39:00","guid":{"rendered":"https:\/\/tremdavale.org\/?p=86"},"modified":"2025-10-10T11:57:00","modified_gmt":"2025-10-10T11:57:00","slug":"catalogos-de-entrevistas-reunem-memorias-e-historias-de-moradores","status":"publish","type":"post","link":"https:\/\/tremdavale.org\/pt\/catalogos-de-entrevistas-reunem-memorias-e-historias-de-moradores\/","title":{"rendered":"Cat\u00e1logos de Entrevistas re\u00fanem mem\u00f3rias e hist\u00f3rias de moradores"},"content":{"rendered":"<p>Na perspectiva do car\u00e1ter interdisciplinar da Educa\u00e7\u00e3o Patrimonial, o N\u00facleo de Pesquisa e Registro\/Vale Registrar do Projeto Trem da Vale executa atividades voltadas para o resgate da mem\u00f3ria individual e coletiva, por meio do trabalho com a hist\u00f3ria oral e valendo-se de modos de educa\u00e7\u00e3o n\u00e3o-formal, utilizando espa\u00e7os e equipamentos existentes nas Esta\u00e7\u00f5es de Mariana e Ouro Preto, voltados para o registro audiovisual e a valoriza\u00e7\u00e3o de bens culturais materiais e imateriais da regi\u00e3o.<\/p>\n<p>Fizeram parte dessas a\u00e7\u00f5es do Programa, entrevistas com moradores das duas cidades, nas quais a abordagem hist\u00f3rica \u00e9 feita por meio de um relato autobiogr\u00e1fico &#8211; a Hist\u00f3ria de Vida, em que o entrevistado relembra fragmentos de seu passado; ou pela Hist\u00f3ria Tem\u00e1tica, que trata de um assunto espec\u00edfico.<\/p>\n<p>Os Cat\u00e1logos de Entrevistas do Programa apresentam uma s\u00edntese desses depoimentos, cujo conte\u00fado completo fica dispon\u00edvel na Biblioteca de Mariana para consulta.<\/p>\n<p>Em dezembro de 2013 foi lan\u00e7ado o IV Cat\u00e1logo de Entrevistas que compreende o per\u00edodo de abril de 2012 a julho de 2013, quando foram realizadas 46 entrevistas: 12 hist\u00f3rias de vida e 34 hist\u00f3rias tem\u00e1ticas sobre Clubes Socioesportivos &#8211; espa\u00e7os privilegiados de conviv\u00eancia , lazer, trabalho e identifica\u00e7\u00e3o com um time.<\/p>\n<p>Convidamos a todos para conhecer um pouco mais dessa mem\u00f3ria exclusiva da regi\u00e3o de Ouro Preto e Mariana consultando os Cat\u00e1logos do Trem da Vale.&nbsp; Aproveitem, ainda, a oportunidade para conhecer os mais de 5.000 t\u00edtulos pertencentes ao acervo das Bibliotecas das Esta\u00e7\u00f5es.<\/p>\n<p>&nbsp;<\/p>\n","protected":false},"excerpt":{"rendered":"<p>Na perspectiva do car\u00e1ter interdisciplinar da Educa\u00e7\u00e3o Patrimonial, o N\u00facleo de Pesquisa e Registro\/Vale Registrar do Projeto Trem da Vale executa atividades voltadas para o resgate da mem\u00f3ria individual e coletiva, por meio do trabalho com a hist\u00f3ria oral e valendo-se de modos de educa\u00e7\u00e3o n\u00e3o-formal, utilizando espa\u00e7os e equipamentos &hellip;<\/p>\n","protected":false},"author":1,"featured_media":0,"comment_status":"open","ping_status":"closed","sticky":false,"template":"","format":"standard","meta":{"footnotes":""},"categories":[2],"tags":[],"class_list":["post-86","post","type-post","status-publish","format-standard","hentry","category-destaques-home"],"yoast_head":"<!-- This site is optimized with the Yoast SEO plugin v26.1.1 - https:\/\/yoast.com\/wordpress\/plugins\/seo\/ -->\n<title>Cat\u00e1logos de Entrevistas re\u00fanem mem\u00f3rias e hist\u00f3rias de moradores &#8212; Trem da Vale<\/title>\n<meta name=\"robots\" content=\"index, follow, max-snippet:-1, max-image-preview:large, max-video-preview:-1\" \/>\n<link rel=\"canonical\" href=\"https:\/\/tremdavale.org\/pt\/catalogos-de-entrevistas-reunem-memorias-e-historias-de-moradores\/\" \/>\n<meta property=\"og:locale\" content=\"pt_PT\" \/>\n<meta property=\"og:type\" content=\"article\" \/>\n<meta property=\"og:title\" content=\"Cat\u00e1logos de Entrevistas re\u00fanem mem\u00f3rias e hist\u00f3rias de moradores &#8212; Trem da Vale\" \/>\n<meta property=\"og:description\" content=\"Na perspectiva do car\u00e1ter interdisciplinar da Educa\u00e7\u00e3o Patrimonial, o N\u00facleo de Pesquisa e Registro\/Vale Registrar do Projeto Trem da Vale executa atividades voltadas para o resgate da mem\u00f3ria individual e coletiva, por meio do trabalho com a hist\u00f3ria oral e valendo-se de modos de educa\u00e7\u00e3o n\u00e3o-formal, utilizando espa\u00e7os e equipamentos &hellip;\" \/>\n<meta property=\"og:url\" content=\"https:\/\/tremdavale.org\/pt\/catalogos-de-entrevistas-reunem-memorias-e-historias-de-moradores\/\" \/>\n<meta property=\"og:site_name\" content=\"Trem da Vale\" \/>\n<meta property=\"article:published_time\" content=\"2014-04-29T23:39:00+00:00\" \/>\n<meta property=\"article:modified_time\" content=\"2025-10-10T11:57:00+00:00\" \/>\n<meta name=\"author\" content=\"admin\" \/>\n<meta name=\"twitter:card\" content=\"summary_large_image\" \/>\n<meta name=\"twitter:label1\" content=\"Escrito por\" \/>\n\t<meta name=\"twitter:data1\" content=\"admin\" \/>\n\t<meta name=\"twitter:label2\" content=\"Tempo estimado de leitura\" \/>\n\t<meta name=\"twitter:data2\" content=\"1 minuto\" \/>\n<script type=\"application\/ld+json\" class=\"yoast-schema-graph\">{\"@context\":\"https:\/\/schema.org\",\"@graph\":[{\"@type\":\"WebPage\",\"@id\":\"https:\/\/tremdavale.org\/pt\/catalogos-de-entrevistas-reunem-memorias-e-historias-de-moradores\/\",\"url\":\"https:\/\/tremdavale.org\/pt\/catalogos-de-entrevistas-reunem-memorias-e-historias-de-moradores\/\",\"name\":\"Cat\u00e1logos de Entrevistas re\u00fanem mem\u00f3rias e hist\u00f3rias de moradores &#8212; Trem da Vale\",\"isPartOf\":{\"@id\":\"https:\/\/tremdavale.org\/pt\/#website\"},\"datePublished\":\"2014-04-29T23:39:00+00:00\",\"dateModified\":\"2025-10-10T11:57:00+00:00\",\"author\":{\"@id\":\"https:\/\/tremdavale.org\/pt\/#\/schema\/person\/50912137d47426d31329f246d02eaeca\"},\"breadcrumb\":{\"@id\":\"https:\/\/tremdavale.org\/pt\/catalogos-de-entrevistas-reunem-memorias-e-historias-de-moradores\/#breadcrumb\"},\"inLanguage\":\"pt-PT\",\"potentialAction\":[{\"@type\":\"ReadAction\",\"target\":[\"https:\/\/tremdavale.org\/pt\/catalogos-de-entrevistas-reunem-memorias-e-historias-de-moradores\/\"]}]},{\"@type\":\"BreadcrumbList\",\"@id\":\"https:\/\/tremdavale.org\/pt\/catalogos-de-entrevistas-reunem-memorias-e-historias-de-moradores\/#breadcrumb\",\"itemListElement\":[{\"@type\":\"ListItem\",\"position\":1,\"name\":\"In\u00edcio\",\"item\":\"https:\/\/tremdavale.org\/pt\/\"},{\"@type\":\"ListItem\",\"position\":2,\"name\":\"Cat\u00e1logos de Entrevistas re\u00fanem mem\u00f3rias e hist\u00f3rias de moradores\"}]},{\"@type\":\"WebSite\",\"@id\":\"https:\/\/tremdavale.org\/pt\/#website\",\"url\":\"https:\/\/tremdavale.org\/pt\/\",\"name\":\"Trem da Vale\",\"description\":\"Programa de Educa\u00e7\u00e3o Patrimonial\",\"potentialAction\":[{\"@type\":\"SearchAction\",\"target\":{\"@type\":\"EntryPoint\",\"urlTemplate\":\"https:\/\/tremdavale.org\/pt\/?s={search_term_string}\"},\"query-input\":{\"@type\":\"PropertyValueSpecification\",\"valueRequired\":true,\"valueName\":\"search_term_string\"}}],\"inLanguage\":\"pt-PT\"},{\"@type\":\"Person\",\"@id\":\"https:\/\/tremdavale.org\/pt\/#\/schema\/person\/50912137d47426d31329f246d02eaeca\",\"name\":\"admin\",\"image\":{\"@type\":\"ImageObject\",\"inLanguage\":\"pt-PT\",\"@id\":\"https:\/\/tremdavale.org\/pt\/#\/schema\/person\/image\/\",\"url\":\"https:\/\/secure.gravatar.com\/avatar\/b3564f0fda6ea47959fe96a4217203e79a167568a37409758659bc3ba443b452?s=96&d=mm&r=g\",\"contentUrl\":\"https:\/\/secure.gravatar.com\/avatar\/b3564f0fda6ea47959fe96a4217203e79a167568a37409758659bc3ba443b452?s=96&d=mm&r=g\",\"caption\":\"admin\"},\"sameAs\":[\"https:\/\/tremdavale.org\"],\"url\":\"https:\/\/tremdavale.org\/pt\/author\/admin\/\"}]}<\/script>\n<!-- \/ Yoast SEO plugin. -->","yoast_head_json":{"title":"Cat\u00e1logos de Entrevistas re\u00fanem mem\u00f3rias e hist\u00f3rias de moradores &#8212; Trem da Vale","robots":{"index":"index","follow":"follow","max-snippet":"max-snippet:-1","max-image-preview":"max-image-preview:large","max-video-preview":"max-video-preview:-1"},"canonical":"https:\/\/tremdavale.org\/pt\/catalogos-de-entrevistas-reunem-memorias-e-historias-de-moradores\/","og_locale":"pt_PT","og_type":"article","og_title":"Cat\u00e1logos de Entrevistas re\u00fanem mem\u00f3rias e hist\u00f3rias de moradores &#8212; Trem da Vale","og_description":"Na perspectiva do car\u00e1ter interdisciplinar da Educa\u00e7\u00e3o Patrimonial, o N\u00facleo de Pesquisa e Registro\/Vale Registrar do Projeto Trem da Vale executa atividades voltadas para o resgate da mem\u00f3ria individual e coletiva, por meio do trabalho com a hist\u00f3ria oral e valendo-se de modos de educa\u00e7\u00e3o n\u00e3o-formal, utilizando espa\u00e7os e equipamentos &hellip;","og_url":"https:\/\/tremdavale.org\/pt\/catalogos-de-entrevistas-reunem-memorias-e-historias-de-moradores\/","og_site_name":"Trem da Vale","article_published_time":"2014-04-29T23:39:00+00:00","article_modified_time":"2025-10-10T11:57:00+00:00","author":"admin","twitter_card":"summary_large_image","twitter_misc":{"Escrito por":"admin","Tempo estimado de leitura":"1 minuto"},"schema":{"@context":"https:\/\/schema.org","@graph":[{"@type":"WebPage","@id":"https:\/\/tremdavale.org\/pt\/catalogos-de-entrevistas-reunem-memorias-e-historias-de-moradores\/","url":"https:\/\/tremdavale.org\/pt\/catalogos-de-entrevistas-reunem-memorias-e-historias-de-moradores\/","name":"Cat\u00e1logos de Entrevistas re\u00fanem mem\u00f3rias e hist\u00f3rias de moradores &#8212; Trem da Vale","isPartOf":{"@id":"https:\/\/tremdavale.org\/pt\/#website"},"datePublished":"2014-04-29T23:39:00+00:00","dateModified":"2025-10-10T11:57:00+00:00","author":{"@id":"https:\/\/tremdavale.org\/pt\/#\/schema\/person\/50912137d47426d31329f246d02eaeca"},"breadcrumb":{"@id":"https:\/\/tremdavale.org\/pt\/catalogos-de-entrevistas-reunem-memorias-e-historias-de-moradores\/#breadcrumb"},"inLanguage":"pt-PT","potentialAction":[{"@type":"ReadAction","target":["https:\/\/tremdavale.org\/pt\/catalogos-de-entrevistas-reunem-memorias-e-historias-de-moradores\/"]}]},{"@type":"BreadcrumbList","@id":"https:\/\/tremdavale.org\/pt\/catalogos-de-entrevistas-reunem-memorias-e-historias-de-moradores\/#breadcrumb","itemListElement":[{"@type":"ListItem","position":1,"name":"In\u00edcio","item":"https:\/\/tremdavale.org\/pt\/"},{"@type":"ListItem","position":2,"name":"Cat\u00e1logos de Entrevistas re\u00fanem mem\u00f3rias e hist\u00f3rias de moradores"}]},{"@type":"WebSite","@id":"https:\/\/tremdavale.org\/pt\/#website","url":"https:\/\/tremdavale.org\/pt\/","name":"Trem da Vale","description":"Programa de Educa\u00e7\u00e3o Patrimonial","potentialAction":[{"@type":"SearchAction","target":{"@type":"EntryPoint","urlTemplate":"https:\/\/tremdavale.org\/pt\/?s={search_term_string}"},"query-input":{"@type":"PropertyValueSpecification","valueRequired":true,"valueName":"search_term_string"}}],"inLanguage":"pt-PT"},{"@type":"Person","@id":"https:\/\/tremdavale.org\/pt\/#\/schema\/person\/50912137d47426d31329f246d02eaeca","name":"admin","image":{"@type":"ImageObject","inLanguage":"pt-PT","@id":"https:\/\/tremdavale.org\/pt\/#\/schema\/person\/image\/","url":"https:\/\/secure.gravatar.com\/avatar\/b3564f0fda6ea47959fe96a4217203e79a167568a37409758659bc3ba443b452?s=96&d=mm&r=g","contentUrl":"https:\/\/secure.gravatar.com\/avatar\/b3564f0fda6ea47959fe96a4217203e79a167568a37409758659bc3ba443b452?s=96&d=mm&r=g","caption":"admin"},"sameAs":["https:\/\/tremdavale.org"],"url":"https:\/\/tremdavale.org\/pt\/author\/admin\/"}]}},"_links":{"self":[{"href":"https:\/\/tremdavale.org\/pt\/wp-json\/wp\/v2\/posts\/86","targetHints":{"allow":["GET"]}}],"collection":[{"href":"https:\/\/tremdavale.org\/pt\/wp-json\/wp\/v2\/posts"}],"about":[{"href":"https:\/\/tremdavale.org\/pt\/wp-json\/wp\/v2\/types\/post"}],"author":[{"embeddable":true,"href":"https:\/\/tremdavale.org\/pt\/wp-json\/wp\/v2\/users\/1"}],"replies":[{"embeddable":true,"href":"https:\/\/tremdavale.org\/pt\/wp-json\/wp\/v2\/comments?post=86"}],"version-history":[{"count":0,"href":"https:\/\/tremdavale.org\/pt\/wp-json\/wp\/v2\/posts\/86\/revisions"}],"wp:attachment":[{"href":"https:\/\/tremdavale.org\/pt\/wp-json\/wp\/v2\/media?parent=86"}],"wp:term":[{"taxonomy":"category","embeddable":true,"href":"https:\/\/tremdavale.org\/pt\/wp-json\/wp\/v2\/categories?post=86"},{"taxonomy":"post_tag","embeddable":true,"href":"https:\/\/tremdavale.org\/pt\/wp-json\/wp\/v2\/tags?post=86"}],"curies":[{"name":"wp","href":"https:\/\/api.w.org\/{rel}","templated":true}]}}