{"id":89,"date":"2014-04-29T23:59:00","date_gmt":"2014-04-29T23:59:00","guid":{"rendered":"https:\/\/tremdavale.org\/?p=89"},"modified":"2025-10-10T11:57:00","modified_gmt":"2025-10-10T11:57:00","slug":"circuito-estacao-com-o-cras-do-alto-da-cruz-movimenta-estacao-de-ouro-preto","status":"publish","type":"post","link":"https:\/\/tremdavale.org\/pt\/circuito-estacao-com-o-cras-do-alto-da-cruz-movimenta-estacao-de-ouro-preto\/","title":{"rendered":"Circuito Esta\u00e7\u00e3o com o CRAS do Alto da Cruz movimenta Esta\u00e7\u00e3o de Ouro Preto"},"content":{"rendered":"<p>No \u00faltimo dia 13, o Programa de Educa\u00e7\u00e3o Patrimonial Trem da Vale &#8211; PEPTV, atrav\u00e9s do Subprograma Vale Promover, realizou mais um Circuito Esta\u00e7\u00e3o, dessa vez com a participa\u00e7\u00e3o do grupo de \u201cExpress\u00e3o Corporal\u201d do CRAS (Centro de Refer\u00eancia de Assist\u00eancia Social) do Bairro Alto da Cruz.<\/p>\n<p>O Circuito Esta\u00e7\u00e3o \u00e9 uma das a\u00e7\u00f5es do PEPTV que buscam a intera\u00e7\u00e3o com a comunidade local a fim de ampliar a participa\u00e7\u00e3o de entidades de bairro, especialmente as institui\u00e7\u00f5es voltadas para o p\u00fablico da 3\u00aa idade. Trata-se de uma atividade de visita\u00e7\u00e3o mediada pelos espa\u00e7os e equipamentos culturais das esta\u00e7\u00f5es, que t\u00eam uma \u00eanfase especial, na Sala de Mem\u00f3rias, no caso da Esta\u00e7\u00e3o de Ouro Preto, e no Vag\u00e3o dos Sentidos, na Esta\u00e7\u00e3o de Mariana.<\/p>\n<p>A visita\u00e7\u00e3o foi mediada pelo Historiador Bernardo Andrade, convidado do Programa, que contextualizou a Esta\u00e7\u00e3o, o trecho ferrovi\u00e1rio e os espa\u00e7os Sala da Maquete e Sala UFOP, al\u00e9m da Sala de Mem\u00f3rias, que \u00e9 o foco dessa a\u00e7\u00e3o.&nbsp; Ap\u00f3s a visita\u00e7\u00e3o nos espa\u00e7os, o grupo se reuniu na Tenda Cultural, onde foi oferecido um caf\u00e9 regado ao som de cantigas tradicionais, com a participa\u00e7\u00e3o especial do sanfoneiro e amigo do Programa, Sr. Dami\u00e3o Amaro.<\/p>\n<p>Ao final da atividade, a anima\u00e7\u00e3o tomou conta dos presentes. O Coordenador da Express\u00e3o Corporal, Sr. Ant\u00f4nio Jos\u00e9 Chagas, como forma de agradecimento e tamb\u00e9m para demonstrar um pouco do trabalho desenvolvido no CRAS, reuniu o grupo para realiza\u00e7\u00e3o de exerc\u00edcios de express\u00e3o corporal, de forma l\u00fadica e interativa, envolvendo atividades de alongamentos e cantigas de roda.<\/p>\n<p>Participe voc\u00ea tamb\u00e9m do Circuito Esta\u00e7\u00e3o &#8211; agende seu grupo!<\/p>\n<p>Os <em>Circuitos \u2018Esta\u00e7\u00e3o\u2019<\/em> acontecem \u00e0s sextas feiras, mediante agendamento pr\u00e9vio, que pode ser feito pelo telefone 3551-7310 ou por e-mail www.tremdavale.org<\/p>\n<p>&nbsp;<\/p>\n","protected":false},"excerpt":{"rendered":"<p>No \u00faltimo dia 13, o Programa de Educa\u00e7\u00e3o Patrimonial Trem da Vale &#8211; PEPTV, atrav\u00e9s do Subprograma Vale Promover, realizou mais um Circuito Esta\u00e7\u00e3o, dessa vez com a participa\u00e7\u00e3o do grupo de \u201cExpress\u00e3o Corporal\u201d do CRAS (Centro de Refer\u00eancia de Assist\u00eancia Social) do Bairro Alto da Cruz. O Circuito Esta\u00e7\u00e3o &hellip;<\/p>\n","protected":false},"author":1,"featured_media":0,"comment_status":"open","ping_status":"closed","sticky":false,"template":"","format":"standard","meta":{"footnotes":""},"categories":[4],"tags":[],"class_list":["post-89","post","type-post","status-publish","format-standard","hentry","category-materia-news"],"yoast_head":"<!-- This site is optimized with the Yoast SEO plugin v26.1.1 - https:\/\/yoast.com\/wordpress\/plugins\/seo\/ -->\n<title>Circuito Esta\u00e7\u00e3o com o CRAS do Alto da Cruz movimenta Esta\u00e7\u00e3o de Ouro Preto &#8212; Trem da Vale<\/title>\n<meta name=\"robots\" content=\"index, follow, max-snippet:-1, max-image-preview:large, max-video-preview:-1\" \/>\n<link rel=\"canonical\" href=\"https:\/\/tremdavale.org\/pt\/circuito-estacao-com-o-cras-do-alto-da-cruz-movimenta-estacao-de-ouro-preto\/\" \/>\n<meta property=\"og:locale\" content=\"pt_PT\" \/>\n<meta property=\"og:type\" content=\"article\" \/>\n<meta property=\"og:title\" content=\"Circuito Esta\u00e7\u00e3o com o CRAS do Alto da Cruz movimenta Esta\u00e7\u00e3o de Ouro Preto &#8212; Trem da Vale\" \/>\n<meta property=\"og:description\" content=\"No \u00faltimo dia 13, o Programa de Educa\u00e7\u00e3o Patrimonial Trem da Vale &#8211; PEPTV, atrav\u00e9s do Subprograma Vale Promover, realizou mais um Circuito Esta\u00e7\u00e3o, dessa vez com a participa\u00e7\u00e3o do grupo de \u201cExpress\u00e3o Corporal\u201d do CRAS (Centro de Refer\u00eancia de Assist\u00eancia Social) do Bairro Alto da Cruz. O Circuito Esta\u00e7\u00e3o &hellip;\" \/>\n<meta property=\"og:url\" content=\"https:\/\/tremdavale.org\/pt\/circuito-estacao-com-o-cras-do-alto-da-cruz-movimenta-estacao-de-ouro-preto\/\" \/>\n<meta property=\"og:site_name\" content=\"Trem da Vale\" \/>\n<meta property=\"article:published_time\" content=\"2014-04-29T23:59:00+00:00\" \/>\n<meta property=\"article:modified_time\" content=\"2025-10-10T11:57:00+00:00\" \/>\n<meta name=\"author\" content=\"admin\" \/>\n<meta name=\"twitter:card\" content=\"summary_large_image\" \/>\n<meta name=\"twitter:label1\" content=\"Escrito por\" \/>\n\t<meta name=\"twitter:data1\" content=\"admin\" \/>\n\t<meta name=\"twitter:label2\" content=\"Tempo estimado de leitura\" \/>\n\t<meta name=\"twitter:data2\" content=\"2 minutos\" \/>\n<script type=\"application\/ld+json\" class=\"yoast-schema-graph\">{\"@context\":\"https:\/\/schema.org\",\"@graph\":[{\"@type\":\"WebPage\",\"@id\":\"https:\/\/tremdavale.org\/pt\/circuito-estacao-com-o-cras-do-alto-da-cruz-movimenta-estacao-de-ouro-preto\/\",\"url\":\"https:\/\/tremdavale.org\/pt\/circuito-estacao-com-o-cras-do-alto-da-cruz-movimenta-estacao-de-ouro-preto\/\",\"name\":\"Circuito Esta\u00e7\u00e3o com o CRAS do Alto da Cruz movimenta Esta\u00e7\u00e3o de Ouro Preto &#8212; Trem da Vale\",\"isPartOf\":{\"@id\":\"https:\/\/tremdavale.org\/pt\/#website\"},\"datePublished\":\"2014-04-29T23:59:00+00:00\",\"dateModified\":\"2025-10-10T11:57:00+00:00\",\"author\":{\"@id\":\"https:\/\/tremdavale.org\/pt\/#\/schema\/person\/50912137d47426d31329f246d02eaeca\"},\"breadcrumb\":{\"@id\":\"https:\/\/tremdavale.org\/pt\/circuito-estacao-com-o-cras-do-alto-da-cruz-movimenta-estacao-de-ouro-preto\/#breadcrumb\"},\"inLanguage\":\"pt-PT\",\"potentialAction\":[{\"@type\":\"ReadAction\",\"target\":[\"https:\/\/tremdavale.org\/pt\/circuito-estacao-com-o-cras-do-alto-da-cruz-movimenta-estacao-de-ouro-preto\/\"]}]},{\"@type\":\"BreadcrumbList\",\"@id\":\"https:\/\/tremdavale.org\/pt\/circuito-estacao-com-o-cras-do-alto-da-cruz-movimenta-estacao-de-ouro-preto\/#breadcrumb\",\"itemListElement\":[{\"@type\":\"ListItem\",\"position\":1,\"name\":\"In\u00edcio\",\"item\":\"https:\/\/tremdavale.org\/pt\/\"},{\"@type\":\"ListItem\",\"position\":2,\"name\":\"Circuito Esta\u00e7\u00e3o com o CRAS do Alto da Cruz movimenta Esta\u00e7\u00e3o de Ouro Preto\"}]},{\"@type\":\"WebSite\",\"@id\":\"https:\/\/tremdavale.org\/pt\/#website\",\"url\":\"https:\/\/tremdavale.org\/pt\/\",\"name\":\"Trem da Vale\",\"description\":\"Programa de Educa\u00e7\u00e3o Patrimonial\",\"potentialAction\":[{\"@type\":\"SearchAction\",\"target\":{\"@type\":\"EntryPoint\",\"urlTemplate\":\"https:\/\/tremdavale.org\/pt\/?s={search_term_string}\"},\"query-input\":{\"@type\":\"PropertyValueSpecification\",\"valueRequired\":true,\"valueName\":\"search_term_string\"}}],\"inLanguage\":\"pt-PT\"},{\"@type\":\"Person\",\"@id\":\"https:\/\/tremdavale.org\/pt\/#\/schema\/person\/50912137d47426d31329f246d02eaeca\",\"name\":\"admin\",\"image\":{\"@type\":\"ImageObject\",\"inLanguage\":\"pt-PT\",\"@id\":\"https:\/\/tremdavale.org\/pt\/#\/schema\/person\/image\/\",\"url\":\"https:\/\/secure.gravatar.com\/avatar\/b3564f0fda6ea47959fe96a4217203e79a167568a37409758659bc3ba443b452?s=96&d=mm&r=g\",\"contentUrl\":\"https:\/\/secure.gravatar.com\/avatar\/b3564f0fda6ea47959fe96a4217203e79a167568a37409758659bc3ba443b452?s=96&d=mm&r=g\",\"caption\":\"admin\"},\"sameAs\":[\"https:\/\/tremdavale.org\"],\"url\":\"https:\/\/tremdavale.org\/pt\/author\/admin\/\"}]}<\/script>\n<!-- \/ Yoast SEO plugin. -->","yoast_head_json":{"title":"Circuito Esta\u00e7\u00e3o com o CRAS do Alto da Cruz movimenta Esta\u00e7\u00e3o de Ouro Preto &#8212; Trem da Vale","robots":{"index":"index","follow":"follow","max-snippet":"max-snippet:-1","max-image-preview":"max-image-preview:large","max-video-preview":"max-video-preview:-1"},"canonical":"https:\/\/tremdavale.org\/pt\/circuito-estacao-com-o-cras-do-alto-da-cruz-movimenta-estacao-de-ouro-preto\/","og_locale":"pt_PT","og_type":"article","og_title":"Circuito Esta\u00e7\u00e3o com o CRAS do Alto da Cruz movimenta Esta\u00e7\u00e3o de Ouro Preto &#8212; Trem da Vale","og_description":"No \u00faltimo dia 13, o Programa de Educa\u00e7\u00e3o Patrimonial Trem da Vale &#8211; PEPTV, atrav\u00e9s do Subprograma Vale Promover, realizou mais um Circuito Esta\u00e7\u00e3o, dessa vez com a participa\u00e7\u00e3o do grupo de \u201cExpress\u00e3o Corporal\u201d do CRAS (Centro de Refer\u00eancia de Assist\u00eancia Social) do Bairro Alto da Cruz. O Circuito Esta\u00e7\u00e3o &hellip;","og_url":"https:\/\/tremdavale.org\/pt\/circuito-estacao-com-o-cras-do-alto-da-cruz-movimenta-estacao-de-ouro-preto\/","og_site_name":"Trem da Vale","article_published_time":"2014-04-29T23:59:00+00:00","article_modified_time":"2025-10-10T11:57:00+00:00","author":"admin","twitter_card":"summary_large_image","twitter_misc":{"Escrito por":"admin","Tempo estimado de leitura":"2 minutos"},"schema":{"@context":"https:\/\/schema.org","@graph":[{"@type":"WebPage","@id":"https:\/\/tremdavale.org\/pt\/circuito-estacao-com-o-cras-do-alto-da-cruz-movimenta-estacao-de-ouro-preto\/","url":"https:\/\/tremdavale.org\/pt\/circuito-estacao-com-o-cras-do-alto-da-cruz-movimenta-estacao-de-ouro-preto\/","name":"Circuito Esta\u00e7\u00e3o com o CRAS do Alto da Cruz movimenta Esta\u00e7\u00e3o de Ouro Preto &#8212; Trem da Vale","isPartOf":{"@id":"https:\/\/tremdavale.org\/pt\/#website"},"datePublished":"2014-04-29T23:59:00+00:00","dateModified":"2025-10-10T11:57:00+00:00","author":{"@id":"https:\/\/tremdavale.org\/pt\/#\/schema\/person\/50912137d47426d31329f246d02eaeca"},"breadcrumb":{"@id":"https:\/\/tremdavale.org\/pt\/circuito-estacao-com-o-cras-do-alto-da-cruz-movimenta-estacao-de-ouro-preto\/#breadcrumb"},"inLanguage":"pt-PT","potentialAction":[{"@type":"ReadAction","target":["https:\/\/tremdavale.org\/pt\/circuito-estacao-com-o-cras-do-alto-da-cruz-movimenta-estacao-de-ouro-preto\/"]}]},{"@type":"BreadcrumbList","@id":"https:\/\/tremdavale.org\/pt\/circuito-estacao-com-o-cras-do-alto-da-cruz-movimenta-estacao-de-ouro-preto\/#breadcrumb","itemListElement":[{"@type":"ListItem","position":1,"name":"In\u00edcio","item":"https:\/\/tremdavale.org\/pt\/"},{"@type":"ListItem","position":2,"name":"Circuito Esta\u00e7\u00e3o com o CRAS do Alto da Cruz movimenta Esta\u00e7\u00e3o de Ouro Preto"}]},{"@type":"WebSite","@id":"https:\/\/tremdavale.org\/pt\/#website","url":"https:\/\/tremdavale.org\/pt\/","name":"Trem da Vale","description":"Programa de Educa\u00e7\u00e3o Patrimonial","potentialAction":[{"@type":"SearchAction","target":{"@type":"EntryPoint","urlTemplate":"https:\/\/tremdavale.org\/pt\/?s={search_term_string}"},"query-input":{"@type":"PropertyValueSpecification","valueRequired":true,"valueName":"search_term_string"}}],"inLanguage":"pt-PT"},{"@type":"Person","@id":"https:\/\/tremdavale.org\/pt\/#\/schema\/person\/50912137d47426d31329f246d02eaeca","name":"admin","image":{"@type":"ImageObject","inLanguage":"pt-PT","@id":"https:\/\/tremdavale.org\/pt\/#\/schema\/person\/image\/","url":"https:\/\/secure.gravatar.com\/avatar\/b3564f0fda6ea47959fe96a4217203e79a167568a37409758659bc3ba443b452?s=96&d=mm&r=g","contentUrl":"https:\/\/secure.gravatar.com\/avatar\/b3564f0fda6ea47959fe96a4217203e79a167568a37409758659bc3ba443b452?s=96&d=mm&r=g","caption":"admin"},"sameAs":["https:\/\/tremdavale.org"],"url":"https:\/\/tremdavale.org\/pt\/author\/admin\/"}]}},"_links":{"self":[{"href":"https:\/\/tremdavale.org\/pt\/wp-json\/wp\/v2\/posts\/89","targetHints":{"allow":["GET"]}}],"collection":[{"href":"https:\/\/tremdavale.org\/pt\/wp-json\/wp\/v2\/posts"}],"about":[{"href":"https:\/\/tremdavale.org\/pt\/wp-json\/wp\/v2\/types\/post"}],"author":[{"embeddable":true,"href":"https:\/\/tremdavale.org\/pt\/wp-json\/wp\/v2\/users\/1"}],"replies":[{"embeddable":true,"href":"https:\/\/tremdavale.org\/pt\/wp-json\/wp\/v2\/comments?post=89"}],"version-history":[{"count":0,"href":"https:\/\/tremdavale.org\/pt\/wp-json\/wp\/v2\/posts\/89\/revisions"}],"wp:attachment":[{"href":"https:\/\/tremdavale.org\/pt\/wp-json\/wp\/v2\/media?parent=89"}],"wp:term":[{"taxonomy":"category","embeddable":true,"href":"https:\/\/tremdavale.org\/pt\/wp-json\/wp\/v2\/categories?post=89"},{"taxonomy":"post_tag","embeddable":true,"href":"https:\/\/tremdavale.org\/pt\/wp-json\/wp\/v2\/tags?post=89"}],"curies":[{"name":"wp","href":"https:\/\/api.w.org\/{rel}","templated":true}]}}