{"id":91,"date":"2011-09-11T14:54:00","date_gmt":"2011-09-11T14:54:00","guid":{"rendered":"https:\/\/tremdavale.org\/?p=91"},"modified":"2025-10-10T11:57:00","modified_gmt":"2025-10-10T11:57:00","slug":"circuitos-diferenciados-retomam-atividades-em-marco","status":"publish","type":"post","link":"https:\/\/tremdavale.org\/pt\/circuitos-diferenciados-retomam-atividades-em-marco\/","title":{"rendered":"Circuitos Diferenciados retomam atividades em mar\u00e7o"},"content":{"rendered":"<p>A partir do dia 05 de mar\u00e7o o Programa de Educa\u00e7\u00e3o Patrimonial retorna com o <em>Circuito Escolas P\u00fablicas<\/em>, atividade que atende alunos e professores das redes p\u00fablicas das cidades de Ouro Preto e Mariana. As atividades do circuito promovem a valoriza\u00e7\u00e3o e difus\u00e3o do patrim\u00f4nio cultural e natural da regi\u00e3o atrav\u00e9s da viagem de trem e da visita aos espa\u00e7os do Programa.&nbsp; As viagens acontecem \u00e0s quintas-feiras desde 2006.<\/p>\n<p>Nas esta\u00e7\u00f5es de Ouro Preto e Mariana os alunos participam de atividades que prop\u00f5em, de forma l\u00fadica, temas relacionados ao patrim\u00f4nio cultural e natural da regi\u00e3o, ao patrim\u00f4nio tecnocient\u00edfico e \u00e0 educa\u00e7\u00e3o ambiental.<\/p>\n<p>O trem parte de Mariana pela manh\u00e3 com cerca de 100 alunos, em dire\u00e7\u00e3o a Ouro Preto, onde acontecem atividades na Tenda Cultural, no Vag\u00e3o Sonoro Ambiental, e nos demais espa\u00e7os expositivos da esta\u00e7\u00e3o. &nbsp;Ao final da manh\u00e3, o trem faz a viagem de volta levando os alunos de Ouro Preto \u00e0 Esta\u00e7\u00e3o de Mariana.<\/p>\n<p>Al\u00e9m do Circuito para as escolas, o Trem da Vale retoma tamb\u00e9m o <em>Circuito Comunidade<\/em>, atividade que teve in\u00edcio em meados de 2008 e tem enorme aceita\u00e7\u00e3o pelas comunidades de Ouro Preto e Mariana. O circuito inclui visita monitorada pelos espa\u00e7os do Programa, al\u00e9m de viagem de trem gratuita nos trechos Ouro Preto &#8211; Mariana ou Mariana &#8211; Ouro Preto.<\/p>\n<p>O <em>Circuito Comunidade<\/em> \u00e9 direcionado a grupos de associa\u00e7\u00f5es organizadas de Ouro Preto e Mariana. Os interessados em participar dessa atividade podem realizar o agendamento \u00e0s ter\u00e7as e quartas-feiras, na Esta\u00e7\u00e3o de Ouro Preto ou pelo telefone 3551-7310. A disponibilidade de vagas nesse primeiro momento ser\u00e1 de 190 para Mariana e 40 para Ouro Preto.<\/p>\n<p>&nbsp;<\/p>\n","protected":false},"excerpt":{"rendered":"<p>A partir do dia 05 de mar\u00e7o o Programa de Educa\u00e7\u00e3o Patrimonial retorna com o Circuito Escolas P\u00fablicas, atividade que atende alunos e professores das redes p\u00fablicas das cidades de Ouro Preto e Mariana. As atividades do circuito promovem a valoriza\u00e7\u00e3o e difus\u00e3o do patrim\u00f4nio cultural e natural da regi\u00e3o &hellip;<\/p>\n","protected":false},"author":1,"featured_media":0,"comment_status":"open","ping_status":"closed","sticky":false,"template":"","format":"standard","meta":{"footnotes":""},"categories":[3],"tags":[],"class_list":["post-91","post","type-post","status-publish","format-standard","hentry","category-noticias"],"yoast_head":"<!-- This site is optimized with the Yoast SEO plugin v26.1.1 - https:\/\/yoast.com\/wordpress\/plugins\/seo\/ -->\n<title>Circuitos Diferenciados retomam atividades em mar\u00e7o &#8212; Trem da Vale<\/title>\n<meta name=\"robots\" content=\"index, follow, max-snippet:-1, max-image-preview:large, max-video-preview:-1\" \/>\n<link rel=\"canonical\" href=\"https:\/\/tremdavale.org\/pt\/circuitos-diferenciados-retomam-atividades-em-marco\/\" \/>\n<meta property=\"og:locale\" content=\"pt_PT\" \/>\n<meta property=\"og:type\" content=\"article\" \/>\n<meta property=\"og:title\" content=\"Circuitos Diferenciados retomam atividades em mar\u00e7o &#8212; Trem da Vale\" \/>\n<meta property=\"og:description\" content=\"A partir do dia 05 de mar\u00e7o o Programa de Educa\u00e7\u00e3o Patrimonial retorna com o Circuito Escolas P\u00fablicas, atividade que atende alunos e professores das redes p\u00fablicas das cidades de Ouro Preto e Mariana. As atividades do circuito promovem a valoriza\u00e7\u00e3o e difus\u00e3o do patrim\u00f4nio cultural e natural da regi\u00e3o &hellip;\" \/>\n<meta property=\"og:url\" content=\"https:\/\/tremdavale.org\/pt\/circuitos-diferenciados-retomam-atividades-em-marco\/\" \/>\n<meta property=\"og:site_name\" content=\"Trem da Vale\" \/>\n<meta property=\"article:published_time\" content=\"2011-09-11T14:54:00+00:00\" \/>\n<meta property=\"article:modified_time\" content=\"2025-10-10T11:57:00+00:00\" \/>\n<meta name=\"author\" content=\"admin\" \/>\n<meta name=\"twitter:card\" content=\"summary_large_image\" \/>\n<meta name=\"twitter:label1\" content=\"Escrito por\" \/>\n\t<meta name=\"twitter:data1\" content=\"admin\" \/>\n\t<meta name=\"twitter:label2\" content=\"Tempo estimado de leitura\" \/>\n\t<meta name=\"twitter:data2\" content=\"1 minuto\" \/>\n<script type=\"application\/ld+json\" class=\"yoast-schema-graph\">{\"@context\":\"https:\/\/schema.org\",\"@graph\":[{\"@type\":\"WebPage\",\"@id\":\"https:\/\/tremdavale.org\/pt\/circuitos-diferenciados-retomam-atividades-em-marco\/\",\"url\":\"https:\/\/tremdavale.org\/pt\/circuitos-diferenciados-retomam-atividades-em-marco\/\",\"name\":\"Circuitos Diferenciados retomam atividades em mar\u00e7o &#8212; Trem da Vale\",\"isPartOf\":{\"@id\":\"https:\/\/tremdavale.org\/pt\/#website\"},\"datePublished\":\"2011-09-11T14:54:00+00:00\",\"dateModified\":\"2025-10-10T11:57:00+00:00\",\"author\":{\"@id\":\"https:\/\/tremdavale.org\/pt\/#\/schema\/person\/50912137d47426d31329f246d02eaeca\"},\"breadcrumb\":{\"@id\":\"https:\/\/tremdavale.org\/pt\/circuitos-diferenciados-retomam-atividades-em-marco\/#breadcrumb\"},\"inLanguage\":\"pt-PT\",\"potentialAction\":[{\"@type\":\"ReadAction\",\"target\":[\"https:\/\/tremdavale.org\/pt\/circuitos-diferenciados-retomam-atividades-em-marco\/\"]}]},{\"@type\":\"BreadcrumbList\",\"@id\":\"https:\/\/tremdavale.org\/pt\/circuitos-diferenciados-retomam-atividades-em-marco\/#breadcrumb\",\"itemListElement\":[{\"@type\":\"ListItem\",\"position\":1,\"name\":\"In\u00edcio\",\"item\":\"https:\/\/tremdavale.org\/pt\/\"},{\"@type\":\"ListItem\",\"position\":2,\"name\":\"Circuitos Diferenciados retomam atividades em mar\u00e7o\"}]},{\"@type\":\"WebSite\",\"@id\":\"https:\/\/tremdavale.org\/pt\/#website\",\"url\":\"https:\/\/tremdavale.org\/pt\/\",\"name\":\"Trem da Vale\",\"description\":\"Programa de Educa\u00e7\u00e3o Patrimonial\",\"potentialAction\":[{\"@type\":\"SearchAction\",\"target\":{\"@type\":\"EntryPoint\",\"urlTemplate\":\"https:\/\/tremdavale.org\/pt\/?s={search_term_string}\"},\"query-input\":{\"@type\":\"PropertyValueSpecification\",\"valueRequired\":true,\"valueName\":\"search_term_string\"}}],\"inLanguage\":\"pt-PT\"},{\"@type\":\"Person\",\"@id\":\"https:\/\/tremdavale.org\/pt\/#\/schema\/person\/50912137d47426d31329f246d02eaeca\",\"name\":\"admin\",\"image\":{\"@type\":\"ImageObject\",\"inLanguage\":\"pt-PT\",\"@id\":\"https:\/\/tremdavale.org\/pt\/#\/schema\/person\/image\/\",\"url\":\"https:\/\/secure.gravatar.com\/avatar\/b3564f0fda6ea47959fe96a4217203e79a167568a37409758659bc3ba443b452?s=96&d=mm&r=g\",\"contentUrl\":\"https:\/\/secure.gravatar.com\/avatar\/b3564f0fda6ea47959fe96a4217203e79a167568a37409758659bc3ba443b452?s=96&d=mm&r=g\",\"caption\":\"admin\"},\"sameAs\":[\"https:\/\/tremdavale.org\"],\"url\":\"https:\/\/tremdavale.org\/pt\/author\/admin\/\"}]}<\/script>\n<!-- \/ Yoast SEO plugin. -->","yoast_head_json":{"title":"Circuitos Diferenciados retomam atividades em mar\u00e7o &#8212; Trem da Vale","robots":{"index":"index","follow":"follow","max-snippet":"max-snippet:-1","max-image-preview":"max-image-preview:large","max-video-preview":"max-video-preview:-1"},"canonical":"https:\/\/tremdavale.org\/pt\/circuitos-diferenciados-retomam-atividades-em-marco\/","og_locale":"pt_PT","og_type":"article","og_title":"Circuitos Diferenciados retomam atividades em mar\u00e7o &#8212; Trem da Vale","og_description":"A partir do dia 05 de mar\u00e7o o Programa de Educa\u00e7\u00e3o Patrimonial retorna com o Circuito Escolas P\u00fablicas, atividade que atende alunos e professores das redes p\u00fablicas das cidades de Ouro Preto e Mariana. As atividades do circuito promovem a valoriza\u00e7\u00e3o e difus\u00e3o do patrim\u00f4nio cultural e natural da regi\u00e3o &hellip;","og_url":"https:\/\/tremdavale.org\/pt\/circuitos-diferenciados-retomam-atividades-em-marco\/","og_site_name":"Trem da Vale","article_published_time":"2011-09-11T14:54:00+00:00","article_modified_time":"2025-10-10T11:57:00+00:00","author":"admin","twitter_card":"summary_large_image","twitter_misc":{"Escrito por":"admin","Tempo estimado de leitura":"1 minuto"},"schema":{"@context":"https:\/\/schema.org","@graph":[{"@type":"WebPage","@id":"https:\/\/tremdavale.org\/pt\/circuitos-diferenciados-retomam-atividades-em-marco\/","url":"https:\/\/tremdavale.org\/pt\/circuitos-diferenciados-retomam-atividades-em-marco\/","name":"Circuitos Diferenciados retomam atividades em mar\u00e7o &#8212; Trem da Vale","isPartOf":{"@id":"https:\/\/tremdavale.org\/pt\/#website"},"datePublished":"2011-09-11T14:54:00+00:00","dateModified":"2025-10-10T11:57:00+00:00","author":{"@id":"https:\/\/tremdavale.org\/pt\/#\/schema\/person\/50912137d47426d31329f246d02eaeca"},"breadcrumb":{"@id":"https:\/\/tremdavale.org\/pt\/circuitos-diferenciados-retomam-atividades-em-marco\/#breadcrumb"},"inLanguage":"pt-PT","potentialAction":[{"@type":"ReadAction","target":["https:\/\/tremdavale.org\/pt\/circuitos-diferenciados-retomam-atividades-em-marco\/"]}]},{"@type":"BreadcrumbList","@id":"https:\/\/tremdavale.org\/pt\/circuitos-diferenciados-retomam-atividades-em-marco\/#breadcrumb","itemListElement":[{"@type":"ListItem","position":1,"name":"In\u00edcio","item":"https:\/\/tremdavale.org\/pt\/"},{"@type":"ListItem","position":2,"name":"Circuitos Diferenciados retomam atividades em mar\u00e7o"}]},{"@type":"WebSite","@id":"https:\/\/tremdavale.org\/pt\/#website","url":"https:\/\/tremdavale.org\/pt\/","name":"Trem da Vale","description":"Programa de Educa\u00e7\u00e3o Patrimonial","potentialAction":[{"@type":"SearchAction","target":{"@type":"EntryPoint","urlTemplate":"https:\/\/tremdavale.org\/pt\/?s={search_term_string}"},"query-input":{"@type":"PropertyValueSpecification","valueRequired":true,"valueName":"search_term_string"}}],"inLanguage":"pt-PT"},{"@type":"Person","@id":"https:\/\/tremdavale.org\/pt\/#\/schema\/person\/50912137d47426d31329f246d02eaeca","name":"admin","image":{"@type":"ImageObject","inLanguage":"pt-PT","@id":"https:\/\/tremdavale.org\/pt\/#\/schema\/person\/image\/","url":"https:\/\/secure.gravatar.com\/avatar\/b3564f0fda6ea47959fe96a4217203e79a167568a37409758659bc3ba443b452?s=96&d=mm&r=g","contentUrl":"https:\/\/secure.gravatar.com\/avatar\/b3564f0fda6ea47959fe96a4217203e79a167568a37409758659bc3ba443b452?s=96&d=mm&r=g","caption":"admin"},"sameAs":["https:\/\/tremdavale.org"],"url":"https:\/\/tremdavale.org\/pt\/author\/admin\/"}]}},"_links":{"self":[{"href":"https:\/\/tremdavale.org\/pt\/wp-json\/wp\/v2\/posts\/91","targetHints":{"allow":["GET"]}}],"collection":[{"href":"https:\/\/tremdavale.org\/pt\/wp-json\/wp\/v2\/posts"}],"about":[{"href":"https:\/\/tremdavale.org\/pt\/wp-json\/wp\/v2\/types\/post"}],"author":[{"embeddable":true,"href":"https:\/\/tremdavale.org\/pt\/wp-json\/wp\/v2\/users\/1"}],"replies":[{"embeddable":true,"href":"https:\/\/tremdavale.org\/pt\/wp-json\/wp\/v2\/comments?post=91"}],"version-history":[{"count":0,"href":"https:\/\/tremdavale.org\/pt\/wp-json\/wp\/v2\/posts\/91\/revisions"}],"wp:attachment":[{"href":"https:\/\/tremdavale.org\/pt\/wp-json\/wp\/v2\/media?parent=91"}],"wp:term":[{"taxonomy":"category","embeddable":true,"href":"https:\/\/tremdavale.org\/pt\/wp-json\/wp\/v2\/categories?post=91"},{"taxonomy":"post_tag","embeddable":true,"href":"https:\/\/tremdavale.org\/pt\/wp-json\/wp\/v2\/tags?post=91"}],"curies":[{"name":"wp","href":"https:\/\/api.w.org\/{rel}","templated":true}]}}