{"id":92,"date":"2013-08-25T04:46:00","date_gmt":"2013-08-25T04:46:00","guid":{"rendered":"https:\/\/tremdavale.org\/?p=92"},"modified":"2025-10-10T11:57:00","modified_gmt":"2025-10-10T11:57:00","slug":"circuitos-para-a-comunidade-e-escolas-publicas","status":"publish","type":"post","link":"https:\/\/tremdavale.org\/pt\/circuitos-para-a-comunidade-e-escolas-publicas\/","title":{"rendered":"Circuitos para a Comunidade e Escolas P\u00fablicas"},"content":{"rendered":"<p><span>Semanalmente, \u00e0s <strong>quintas-feiras<\/strong>, acontecem os <strong>Circuitos Diferenciados de Educa\u00e7\u00e3o Patrimonial, para o p\u00fablico escolar e moradores<\/strong>:<\/span><\/p>\n<p>&nbsp;<\/p>\n<ul type=\"disc\">\n<li><strong><span>Circuito Escolas P\u00fablicas:<\/span><\/strong> <span>Alunos DA Rede P\u00fablica de Ensino de Ouro Preto e Mariana realizam o passeio de trem em que s\u00e3o fornecidas informa\u00e7\u00f5es sobre o percurso, despertando a curiosidade e interesse pelo patrim\u00f4nio natural e hist\u00f3rico da regi\u00e3o. Na esta\u00e7\u00e3o de destino, os alunos participam de uma visita guiada que contempla os espa\u00e7os e equipamentos museogr\u00e1ficos das Esta\u00e7\u00f5es do Programa Trem da Vale.<\/span><\/li>\n<\/ul>\n<p>&nbsp;<\/p>\n<ul type=\"disc\">\n<li><strong><span>Circuito Comunidade:<\/span><\/strong> <span>realizado tamb\u00e9m \u00e0s quintas-feiras, o Circuito Comunidade oferece viagem gratuita de ida e volta no trem para os moradores de Ouro Preto e Mariana. Durante o percurso, os monitores do Programa repassam informa\u00e7\u00f5es sobre ocorr\u00eancias naturais do trecho, difundindo o conhecimento em rela\u00e7\u00e3o \u00e0 regi\u00e3o em que vivem.<\/span><\/li>\n<\/ul>\n<p>&nbsp;<\/p>\n<p><img loading=\"lazy\" decoding=\"async\" class=\"size-full\" title=\"circuito-comunidade-ma-inscritos-221112-fotos-karina_reduzida\" src=\"\/wp-content\/uploads\/circuito-comunidade-ma-inscritos-221112-fotos-karina_reduzida.jpg\" alt=\"circuito-comunidade-ma-inscritos-221112-fotos-karina_reduzida\" width=\"509\" height=\"382\"><\/p>\n<p>Circuito Comunidade \u2013 Fotos Equipe Trem da Vale<\/p>\n<p>&nbsp;<\/p>\n<p><img loading=\"lazy\" decoding=\"async\" class=\"size-full\" title=\"circuito-escolas-ee-prof-santa-godoy-141112-foto-suelem-louzada3\" src=\"\/wp-content\/uploads\/circuito-escolas-ee-prof-santa-godoy-141112-foto-suelem-louzada3.jpg\" alt=\"circuito-escolas-ee-prof-santa-godoy-141112-foto-suelem-louzada3\" width=\"523\" height=\"392\"><\/p>\n<p>Circuito Escolas \u2013 E.E. Prof. Santa Godoy \u2013 Fotos Equipe Trem da Vale<\/p>\n<p>&nbsp;<\/p>\n<p style=\"text-align: left;\"><span>O Programa aproveita para informar que a <strong>Tenda Cultural<\/strong> est\u00e1, como sempre, \u00e0 disposi\u00e7\u00e3o da comunidade para realiza\u00e7\u00e3o de atividades culturais e outros eventos de interesse da localidade. O espa\u00e7o tem capacidade para 200 (duzentos) lugares.<\/span><\/p>\n<p style=\"text-align: left;\"><span><strong>O uso da Tenda \u00e9 gratuito para quaisquer eventos submetidos previamente \u00e0 avalia\u00e7\u00e3o da coordena\u00e7\u00e3o do Programa de Educa\u00e7\u00e3o Patrimonial Trem da Vale.<\/strong><\/span><\/p>\n<p style=\"text-align: left;\"><span>Os agendamentos dos Circuitos e da Tenda Cultural podem ser feitos diretamente nas Esta\u00e7\u00f5es ou pelos telefones: 3551-7310 \u2013 Circuitos Diferenciados de Educa\u00e7\u00e3o Patrimonial | 3551-1759 \u2013 Circuito de Leitura (Esta\u00e7\u00e3o Ouro Preto) | 3558-3104 \u2013 Circuito de Leitura (Esta\u00e7\u00e3o Mariana)<\/span><\/p>\n<p>&nbsp;<\/p>\n<p><img loading=\"lazy\" decoding=\"async\" class=\"size-large\" title=\"duas-fotos\" src=\"\/wp-content\/uploads\/duas-fotos-1024x368.jpg\" alt=\"duas-fotos\" width=\"498\" height=\"179\"><\/p>\n<p>Batizado de Capoeira em Setembro\/2012 &#8211; Grupo Cativeiro \u2013 Fotos Equipe Trem da Vale<\/p>\n<p>&nbsp;<\/p>\n","protected":false},"excerpt":{"rendered":"<p>Semanalmente, \u00e0s quintas-feiras, acontecem os Circuitos Diferenciados de Educa\u00e7\u00e3o Patrimonial, para o p\u00fablico escolar e moradores: &nbsp; Circuito Escolas P\u00fablicas: Alunos DA Rede P\u00fablica de Ensino de Ouro Preto e Mariana realizam o passeio de trem em que s\u00e3o fornecidas informa\u00e7\u00f5es sobre o percurso, despertando a curiosidade e interesse pelo &hellip;<\/p>\n","protected":false},"author":1,"featured_media":386,"comment_status":"open","ping_status":"closed","sticky":false,"template":"","format":"standard","meta":{"footnotes":""},"categories":[2],"tags":[],"class_list":["post-92","post","type-post","status-publish","format-standard","has-post-thumbnail","hentry","category-destaques-home"],"yoast_head":"<!-- This site is optimized with the Yoast SEO plugin v26.1.1 - https:\/\/yoast.com\/wordpress\/plugins\/seo\/ -->\n<title>Circuitos para a Comunidade e Escolas P\u00fablicas &#8212; Trem da Vale<\/title>\n<meta name=\"robots\" content=\"index, follow, max-snippet:-1, max-image-preview:large, max-video-preview:-1\" \/>\n<link rel=\"canonical\" href=\"https:\/\/tremdavale.org\/pt\/circuitos-para-a-comunidade-e-escolas-publicas\/\" \/>\n<meta property=\"og:locale\" content=\"pt_PT\" \/>\n<meta property=\"og:type\" content=\"article\" \/>\n<meta property=\"og:title\" content=\"Circuitos para a Comunidade e Escolas P\u00fablicas &#8212; Trem da Vale\" \/>\n<meta property=\"og:description\" content=\"Semanalmente, \u00e0s quintas-feiras, acontecem os Circuitos Diferenciados de Educa\u00e7\u00e3o Patrimonial, para o p\u00fablico escolar e moradores: &nbsp; Circuito Escolas P\u00fablicas: Alunos DA Rede P\u00fablica de Ensino de Ouro Preto e Mariana realizam o passeio de trem em que s\u00e3o fornecidas informa\u00e7\u00f5es sobre o percurso, despertando a curiosidade e interesse pelo &hellip;\" \/>\n<meta property=\"og:url\" content=\"https:\/\/tremdavale.org\/pt\/circuitos-para-a-comunidade-e-escolas-publicas\/\" \/>\n<meta property=\"og:site_name\" content=\"Trem da Vale\" \/>\n<meta property=\"article:published_time\" content=\"2013-08-25T04:46:00+00:00\" \/>\n<meta property=\"article:modified_time\" content=\"2025-10-10T11:57:00+00:00\" \/>\n<meta property=\"og:image\" content=\"https:\/\/tremdavale.org\/wp-content\/uploads\/circuito-comunidade-ma-inscritos-221112-fotos-karina_reduzida.jpg\" \/>\n\t<meta property=\"og:image:width\" content=\"636\" \/>\n\t<meta property=\"og:image:height\" content=\"477\" \/>\n\t<meta property=\"og:image:type\" content=\"image\/jpeg\" \/>\n<meta name=\"author\" content=\"admin\" \/>\n<meta name=\"twitter:card\" content=\"summary_large_image\" \/>\n<meta name=\"twitter:label1\" content=\"Escrito por\" \/>\n\t<meta name=\"twitter:data1\" content=\"admin\" \/>\n\t<meta name=\"twitter:label2\" content=\"Tempo estimado de leitura\" \/>\n\t<meta name=\"twitter:data2\" content=\"1 minuto\" \/>\n<script type=\"application\/ld+json\" class=\"yoast-schema-graph\">{\"@context\":\"https:\/\/schema.org\",\"@graph\":[{\"@type\":\"WebPage\",\"@id\":\"https:\/\/tremdavale.org\/pt\/circuitos-para-a-comunidade-e-escolas-publicas\/\",\"url\":\"https:\/\/tremdavale.org\/pt\/circuitos-para-a-comunidade-e-escolas-publicas\/\",\"name\":\"Circuitos para a Comunidade e Escolas P\u00fablicas &#8212; Trem da Vale\",\"isPartOf\":{\"@id\":\"https:\/\/tremdavale.org\/pt\/#website\"},\"primaryImageOfPage\":{\"@id\":\"https:\/\/tremdavale.org\/pt\/circuitos-para-a-comunidade-e-escolas-publicas\/#primaryimage\"},\"image\":{\"@id\":\"https:\/\/tremdavale.org\/pt\/circuitos-para-a-comunidade-e-escolas-publicas\/#primaryimage\"},\"thumbnailUrl\":\"https:\/\/tremdavale.org\/wp-content\/uploads\/circuito-comunidade-ma-inscritos-221112-fotos-karina_reduzida.jpg\",\"datePublished\":\"2013-08-25T04:46:00+00:00\",\"dateModified\":\"2025-10-10T11:57:00+00:00\",\"author\":{\"@id\":\"https:\/\/tremdavale.org\/pt\/#\/schema\/person\/50912137d47426d31329f246d02eaeca\"},\"breadcrumb\":{\"@id\":\"https:\/\/tremdavale.org\/pt\/circuitos-para-a-comunidade-e-escolas-publicas\/#breadcrumb\"},\"inLanguage\":\"pt-PT\",\"potentialAction\":[{\"@type\":\"ReadAction\",\"target\":[\"https:\/\/tremdavale.org\/pt\/circuitos-para-a-comunidade-e-escolas-publicas\/\"]}]},{\"@type\":\"ImageObject\",\"inLanguage\":\"pt-PT\",\"@id\":\"https:\/\/tremdavale.org\/pt\/circuitos-para-a-comunidade-e-escolas-publicas\/#primaryimage\",\"url\":\"https:\/\/tremdavale.org\/wp-content\/uploads\/circuito-comunidade-ma-inscritos-221112-fotos-karina_reduzida.jpg\",\"contentUrl\":\"https:\/\/tremdavale.org\/wp-content\/uploads\/circuito-comunidade-ma-inscritos-221112-fotos-karina_reduzida.jpg\",\"width\":636,\"height\":477},{\"@type\":\"BreadcrumbList\",\"@id\":\"https:\/\/tremdavale.org\/pt\/circuitos-para-a-comunidade-e-escolas-publicas\/#breadcrumb\",\"itemListElement\":[{\"@type\":\"ListItem\",\"position\":1,\"name\":\"In\u00edcio\",\"item\":\"https:\/\/tremdavale.org\/pt\/\"},{\"@type\":\"ListItem\",\"position\":2,\"name\":\"Circuitos para a Comunidade e Escolas P\u00fablicas\"}]},{\"@type\":\"WebSite\",\"@id\":\"https:\/\/tremdavale.org\/pt\/#website\",\"url\":\"https:\/\/tremdavale.org\/pt\/\",\"name\":\"Trem da Vale\",\"description\":\"Programa de Educa\u00e7\u00e3o Patrimonial\",\"potentialAction\":[{\"@type\":\"SearchAction\",\"target\":{\"@type\":\"EntryPoint\",\"urlTemplate\":\"https:\/\/tremdavale.org\/pt\/?s={search_term_string}\"},\"query-input\":{\"@type\":\"PropertyValueSpecification\",\"valueRequired\":true,\"valueName\":\"search_term_string\"}}],\"inLanguage\":\"pt-PT\"},{\"@type\":\"Person\",\"@id\":\"https:\/\/tremdavale.org\/pt\/#\/schema\/person\/50912137d47426d31329f246d02eaeca\",\"name\":\"admin\",\"image\":{\"@type\":\"ImageObject\",\"inLanguage\":\"pt-PT\",\"@id\":\"https:\/\/tremdavale.org\/pt\/#\/schema\/person\/image\/\",\"url\":\"https:\/\/secure.gravatar.com\/avatar\/b3564f0fda6ea47959fe96a4217203e79a167568a37409758659bc3ba443b452?s=96&d=mm&r=g\",\"contentUrl\":\"https:\/\/secure.gravatar.com\/avatar\/b3564f0fda6ea47959fe96a4217203e79a167568a37409758659bc3ba443b452?s=96&d=mm&r=g\",\"caption\":\"admin\"},\"sameAs\":[\"https:\/\/tremdavale.org\"],\"url\":\"https:\/\/tremdavale.org\/pt\/author\/admin\/\"}]}<\/script>\n<!-- \/ Yoast SEO plugin. -->","yoast_head_json":{"title":"Circuitos para a Comunidade e Escolas P\u00fablicas &#8212; Trem da Vale","robots":{"index":"index","follow":"follow","max-snippet":"max-snippet:-1","max-image-preview":"max-image-preview:large","max-video-preview":"max-video-preview:-1"},"canonical":"https:\/\/tremdavale.org\/pt\/circuitos-para-a-comunidade-e-escolas-publicas\/","og_locale":"pt_PT","og_type":"article","og_title":"Circuitos para a Comunidade e Escolas P\u00fablicas &#8212; Trem da Vale","og_description":"Semanalmente, \u00e0s quintas-feiras, acontecem os Circuitos Diferenciados de Educa\u00e7\u00e3o Patrimonial, para o p\u00fablico escolar e moradores: &nbsp; Circuito Escolas P\u00fablicas: Alunos DA Rede P\u00fablica de Ensino de Ouro Preto e Mariana realizam o passeio de trem em que s\u00e3o fornecidas informa\u00e7\u00f5es sobre o percurso, despertando a curiosidade e interesse pelo &hellip;","og_url":"https:\/\/tremdavale.org\/pt\/circuitos-para-a-comunidade-e-escolas-publicas\/","og_site_name":"Trem da Vale","article_published_time":"2013-08-25T04:46:00+00:00","article_modified_time":"2025-10-10T11:57:00+00:00","og_image":[{"width":636,"height":477,"url":"https:\/\/tremdavale.org\/wp-content\/uploads\/circuito-comunidade-ma-inscritos-221112-fotos-karina_reduzida.jpg","type":"image\/jpeg"}],"author":"admin","twitter_card":"summary_large_image","twitter_misc":{"Escrito por":"admin","Tempo estimado de leitura":"1 minuto"},"schema":{"@context":"https:\/\/schema.org","@graph":[{"@type":"WebPage","@id":"https:\/\/tremdavale.org\/pt\/circuitos-para-a-comunidade-e-escolas-publicas\/","url":"https:\/\/tremdavale.org\/pt\/circuitos-para-a-comunidade-e-escolas-publicas\/","name":"Circuitos para a Comunidade e Escolas P\u00fablicas &#8212; Trem da Vale","isPartOf":{"@id":"https:\/\/tremdavale.org\/pt\/#website"},"primaryImageOfPage":{"@id":"https:\/\/tremdavale.org\/pt\/circuitos-para-a-comunidade-e-escolas-publicas\/#primaryimage"},"image":{"@id":"https:\/\/tremdavale.org\/pt\/circuitos-para-a-comunidade-e-escolas-publicas\/#primaryimage"},"thumbnailUrl":"https:\/\/tremdavale.org\/wp-content\/uploads\/circuito-comunidade-ma-inscritos-221112-fotos-karina_reduzida.jpg","datePublished":"2013-08-25T04:46:00+00:00","dateModified":"2025-10-10T11:57:00+00:00","author":{"@id":"https:\/\/tremdavale.org\/pt\/#\/schema\/person\/50912137d47426d31329f246d02eaeca"},"breadcrumb":{"@id":"https:\/\/tremdavale.org\/pt\/circuitos-para-a-comunidade-e-escolas-publicas\/#breadcrumb"},"inLanguage":"pt-PT","potentialAction":[{"@type":"ReadAction","target":["https:\/\/tremdavale.org\/pt\/circuitos-para-a-comunidade-e-escolas-publicas\/"]}]},{"@type":"ImageObject","inLanguage":"pt-PT","@id":"https:\/\/tremdavale.org\/pt\/circuitos-para-a-comunidade-e-escolas-publicas\/#primaryimage","url":"https:\/\/tremdavale.org\/wp-content\/uploads\/circuito-comunidade-ma-inscritos-221112-fotos-karina_reduzida.jpg","contentUrl":"https:\/\/tremdavale.org\/wp-content\/uploads\/circuito-comunidade-ma-inscritos-221112-fotos-karina_reduzida.jpg","width":636,"height":477},{"@type":"BreadcrumbList","@id":"https:\/\/tremdavale.org\/pt\/circuitos-para-a-comunidade-e-escolas-publicas\/#breadcrumb","itemListElement":[{"@type":"ListItem","position":1,"name":"In\u00edcio","item":"https:\/\/tremdavale.org\/pt\/"},{"@type":"ListItem","position":2,"name":"Circuitos para a Comunidade e Escolas P\u00fablicas"}]},{"@type":"WebSite","@id":"https:\/\/tremdavale.org\/pt\/#website","url":"https:\/\/tremdavale.org\/pt\/","name":"Trem da Vale","description":"Programa de Educa\u00e7\u00e3o Patrimonial","potentialAction":[{"@type":"SearchAction","target":{"@type":"EntryPoint","urlTemplate":"https:\/\/tremdavale.org\/pt\/?s={search_term_string}"},"query-input":{"@type":"PropertyValueSpecification","valueRequired":true,"valueName":"search_term_string"}}],"inLanguage":"pt-PT"},{"@type":"Person","@id":"https:\/\/tremdavale.org\/pt\/#\/schema\/person\/50912137d47426d31329f246d02eaeca","name":"admin","image":{"@type":"ImageObject","inLanguage":"pt-PT","@id":"https:\/\/tremdavale.org\/pt\/#\/schema\/person\/image\/","url":"https:\/\/secure.gravatar.com\/avatar\/b3564f0fda6ea47959fe96a4217203e79a167568a37409758659bc3ba443b452?s=96&d=mm&r=g","contentUrl":"https:\/\/secure.gravatar.com\/avatar\/b3564f0fda6ea47959fe96a4217203e79a167568a37409758659bc3ba443b452?s=96&d=mm&r=g","caption":"admin"},"sameAs":["https:\/\/tremdavale.org"],"url":"https:\/\/tremdavale.org\/pt\/author\/admin\/"}]}},"_links":{"self":[{"href":"https:\/\/tremdavale.org\/pt\/wp-json\/wp\/v2\/posts\/92","targetHints":{"allow":["GET"]}}],"collection":[{"href":"https:\/\/tremdavale.org\/pt\/wp-json\/wp\/v2\/posts"}],"about":[{"href":"https:\/\/tremdavale.org\/pt\/wp-json\/wp\/v2\/types\/post"}],"author":[{"embeddable":true,"href":"https:\/\/tremdavale.org\/pt\/wp-json\/wp\/v2\/users\/1"}],"replies":[{"embeddable":true,"href":"https:\/\/tremdavale.org\/pt\/wp-json\/wp\/v2\/comments?post=92"}],"version-history":[{"count":0,"href":"https:\/\/tremdavale.org\/pt\/wp-json\/wp\/v2\/posts\/92\/revisions"}],"wp:featuredmedia":[{"embeddable":true,"href":"https:\/\/tremdavale.org\/pt\/wp-json\/wp\/v2\/media\/386"}],"wp:attachment":[{"href":"https:\/\/tremdavale.org\/pt\/wp-json\/wp\/v2\/media?parent=92"}],"wp:term":[{"taxonomy":"category","embeddable":true,"href":"https:\/\/tremdavale.org\/pt\/wp-json\/wp\/v2\/categories?post=92"},{"taxonomy":"post_tag","embeddable":true,"href":"https:\/\/tremdavale.org\/pt\/wp-json\/wp\/v2\/tags?post=92"}],"curies":[{"name":"wp","href":"https:\/\/api.w.org\/{rel}","templated":true}]}}