{"id":93,"date":"2011-09-13T12:51:00","date_gmt":"2011-09-13T12:51:00","guid":{"rendered":"https:\/\/tremdavale.org\/?p=93"},"modified":"2025-10-10T11:57:00","modified_gmt":"2025-10-10T11:57:00","slug":"comemoracoes-ao-dia-do-ferroviario","status":"publish","type":"post","link":"https:\/\/tremdavale.org\/pt\/comemoracoes-ao-dia-do-ferroviario\/","title":{"rendered":"Comemora\u00e7\u00f5es ao \u201cDia do Ferrovi\u00e1rio\u201d"},"content":{"rendered":"<p style=\"text-align: justify;\">No \u00faltimo 30 de abril, em comemora\u00e7\u00e3o ao \u201cDia do Ferrovi\u00e1rio\u201d, na plataforma da Esta\u00e7\u00e3o Ferrovi\u00e1ria de Ouro Preto, foram homenageados os ex-ferrovi\u00e1rios entrevistados do Vale Registrar e funcion\u00e1rios da FCA.<\/p>\n<p style=\"text-align: justify;\">Os homenageados realizaram o passeio de trem, partindo de Mariana e acompanhados por trio musical local, sendo recebidos pela equipe do Trem da Vale na Esta\u00e7\u00e3o de Ouro Preto.<\/p>\n<p style=\"text-align: center;\"><img loading=\"lazy\" decoding=\"async\" class=\"size-medium aligncenter\" title=\"01-dia-do-ferroviario\" src=\"\/wp-content\/uploads\/01-dia-do-ferroviario-300x199.jpg\" alt=\"01-dia-do-ferroviario\" width=\"300\" height=\"199\"><img loading=\"lazy\" decoding=\"async\" class=\"size-medium alignnone\" title=\"ferroviario3\" src=\"\/wp-content\/uploads\/ferroviario3-300x199.jpg\" alt=\"ferroviario3\" width=\"300\" height=\"199\"><\/p>\n<p style=\"text-align: left;\"><strong><span style=\"color: #008080;\">Voc\u00ea sabia?<\/span><\/strong><\/p>\n<p style=\"text-align: left;\"><span style=\"color: #008080;\"><em>O \u201cDia do Ferrovi\u00e1rio\u201d \u00e9 comemorado em 30 de abril por esta ser a data da primeira viagem de uma composi\u00e7\u00e3o f\u00e9rrea no Brasil.<\/em><\/span><\/p>\n<p style=\"text-align: left;\"><span style=\"color: #008000;\"><em>Constru\u00edda pelo Bar\u00e3o de Mau\u00e1, a Estrada de Ferro Petr\u00f3polis foi a primeira ferrovia do pa\u00eds, ligando o Rio de Janeiro \u00e0 Raiz da Serra.<\/em><\/span><\/p>\n<p style=\"text-align: left;\"><span style=\"color: #008080;\"><em>Estavam presentes na primeira viagem o ent\u00e3o Imperador Dom Pedro II e sua esposa, a Imperatriz Tereza Cristina.<\/em><\/span><\/p>\n<p style=\"text-align: left;\"><span style=\"color: #008000;\"><em>As duas primeiras bolas de futebol trazidas para o Brasil, foram utilizadas na partida entre os funcion\u00e1rios da S\u00e3o Paulo Railway e os da Companhia de G\u00e1s. Vit\u00f3ria dos ferrovi\u00e1rios por 4\u00d72.<\/em><\/span><\/p>\n<p style=\"text-align: left;\"><span style=\"color: #008080;\"><em>A ferrovia \u00e9 uma inven\u00e7\u00e3o inglesa. Os primeiros exemplares atingiam 20 Km\/h, no m\u00e1ximo. Hoje, os trens-bala japoneses flutuam nos trilhos e atingem impressionantes 300 Km\/h de m\u00e9dia.<\/em><\/span><\/p>\n<p>&nbsp;<\/p>\n","protected":false},"excerpt":{"rendered":"<p>No \u00faltimo 30 de abril, em comemora\u00e7\u00e3o ao \u201cDia do Ferrovi\u00e1rio\u201d, na plataforma da Esta\u00e7\u00e3o Ferrovi\u00e1ria de Ouro Preto, foram homenageados os ex-ferrovi\u00e1rios entrevistados do Vale Registrar e funcion\u00e1rios da FCA. Os homenageados realizaram o passeio de trem, partindo de Mariana e acompanhados por trio musical local, sendo recebidos pela &hellip;<\/p>\n","protected":false},"author":1,"featured_media":387,"comment_status":"open","ping_status":"closed","sticky":false,"template":"","format":"standard","meta":{"footnotes":""},"categories":[3],"tags":[],"class_list":["post-93","post","type-post","status-publish","format-standard","has-post-thumbnail","hentry","category-noticias"],"yoast_head":"<!-- This site is optimized with the Yoast SEO plugin v26.1.1 - https:\/\/yoast.com\/wordpress\/plugins\/seo\/ -->\n<title>Comemora\u00e7\u00f5es ao \u201cDia do Ferrovi\u00e1rio\u201d &#8212; Trem da Vale<\/title>\n<meta name=\"robots\" content=\"index, follow, max-snippet:-1, max-image-preview:large, max-video-preview:-1\" \/>\n<link rel=\"canonical\" href=\"https:\/\/tremdavale.org\/pt\/comemoracoes-ao-dia-do-ferroviario\/\" \/>\n<meta property=\"og:locale\" content=\"pt_PT\" \/>\n<meta property=\"og:type\" content=\"article\" \/>\n<meta property=\"og:title\" content=\"Comemora\u00e7\u00f5es ao \u201cDia do Ferrovi\u00e1rio\u201d &#8212; Trem da Vale\" \/>\n<meta property=\"og:description\" content=\"No \u00faltimo 30 de abril, em comemora\u00e7\u00e3o ao \u201cDia do Ferrovi\u00e1rio\u201d, na plataforma da Esta\u00e7\u00e3o Ferrovi\u00e1ria de Ouro Preto, foram homenageados os ex-ferrovi\u00e1rios entrevistados do Vale Registrar e funcion\u00e1rios da FCA. Os homenageados realizaram o passeio de trem, partindo de Mariana e acompanhados por trio musical local, sendo recebidos pela &hellip;\" \/>\n<meta property=\"og:url\" content=\"https:\/\/tremdavale.org\/pt\/comemoracoes-ao-dia-do-ferroviario\/\" \/>\n<meta property=\"og:site_name\" content=\"Trem da Vale\" \/>\n<meta property=\"article:published_time\" content=\"2011-09-13T12:51:00+00:00\" \/>\n<meta property=\"article:modified_time\" content=\"2025-10-10T11:57:00+00:00\" \/>\n<meta property=\"og:image\" content=\"https:\/\/tremdavale.org\/wp-content\/uploads\/01-dia-do-ferroviario-300x199.jpg\" \/>\n\t<meta property=\"og:image:width\" content=\"300\" \/>\n\t<meta property=\"og:image:height\" content=\"199\" \/>\n\t<meta property=\"og:image:type\" content=\"image\/jpeg\" \/>\n<meta name=\"author\" content=\"admin\" \/>\n<meta name=\"twitter:card\" content=\"summary_large_image\" \/>\n<meta name=\"twitter:label1\" content=\"Escrito por\" \/>\n\t<meta name=\"twitter:data1\" content=\"admin\" \/>\n\t<meta name=\"twitter:label2\" content=\"Tempo estimado de leitura\" \/>\n\t<meta name=\"twitter:data2\" content=\"1 minuto\" \/>\n<script type=\"application\/ld+json\" class=\"yoast-schema-graph\">{\"@context\":\"https:\/\/schema.org\",\"@graph\":[{\"@type\":\"WebPage\",\"@id\":\"https:\/\/tremdavale.org\/pt\/comemoracoes-ao-dia-do-ferroviario\/\",\"url\":\"https:\/\/tremdavale.org\/pt\/comemoracoes-ao-dia-do-ferroviario\/\",\"name\":\"Comemora\u00e7\u00f5es ao \u201cDia do Ferrovi\u00e1rio\u201d &#8212; Trem da Vale\",\"isPartOf\":{\"@id\":\"https:\/\/tremdavale.org\/pt\/#website\"},\"primaryImageOfPage\":{\"@id\":\"https:\/\/tremdavale.org\/pt\/comemoracoes-ao-dia-do-ferroviario\/#primaryimage\"},\"image\":{\"@id\":\"https:\/\/tremdavale.org\/pt\/comemoracoes-ao-dia-do-ferroviario\/#primaryimage\"},\"thumbnailUrl\":\"https:\/\/tremdavale.org\/wp-content\/uploads\/01-dia-do-ferroviario-300x199.jpg\",\"datePublished\":\"2011-09-13T12:51:00+00:00\",\"dateModified\":\"2025-10-10T11:57:00+00:00\",\"author\":{\"@id\":\"https:\/\/tremdavale.org\/pt\/#\/schema\/person\/50912137d47426d31329f246d02eaeca\"},\"breadcrumb\":{\"@id\":\"https:\/\/tremdavale.org\/pt\/comemoracoes-ao-dia-do-ferroviario\/#breadcrumb\"},\"inLanguage\":\"pt-PT\",\"potentialAction\":[{\"@type\":\"ReadAction\",\"target\":[\"https:\/\/tremdavale.org\/pt\/comemoracoes-ao-dia-do-ferroviario\/\"]}]},{\"@type\":\"ImageObject\",\"inLanguage\":\"pt-PT\",\"@id\":\"https:\/\/tremdavale.org\/pt\/comemoracoes-ao-dia-do-ferroviario\/#primaryimage\",\"url\":\"https:\/\/tremdavale.org\/wp-content\/uploads\/01-dia-do-ferroviario-300x199.jpg\",\"contentUrl\":\"https:\/\/tremdavale.org\/wp-content\/uploads\/01-dia-do-ferroviario-300x199.jpg\",\"width\":300,\"height\":199},{\"@type\":\"BreadcrumbList\",\"@id\":\"https:\/\/tremdavale.org\/pt\/comemoracoes-ao-dia-do-ferroviario\/#breadcrumb\",\"itemListElement\":[{\"@type\":\"ListItem\",\"position\":1,\"name\":\"In\u00edcio\",\"item\":\"https:\/\/tremdavale.org\/pt\/\"},{\"@type\":\"ListItem\",\"position\":2,\"name\":\"Comemora\u00e7\u00f5es ao \u201cDia do Ferrovi\u00e1rio\u201d\"}]},{\"@type\":\"WebSite\",\"@id\":\"https:\/\/tremdavale.org\/pt\/#website\",\"url\":\"https:\/\/tremdavale.org\/pt\/\",\"name\":\"Trem da Vale\",\"description\":\"Programa de Educa\u00e7\u00e3o Patrimonial\",\"potentialAction\":[{\"@type\":\"SearchAction\",\"target\":{\"@type\":\"EntryPoint\",\"urlTemplate\":\"https:\/\/tremdavale.org\/pt\/?s={search_term_string}\"},\"query-input\":{\"@type\":\"PropertyValueSpecification\",\"valueRequired\":true,\"valueName\":\"search_term_string\"}}],\"inLanguage\":\"pt-PT\"},{\"@type\":\"Person\",\"@id\":\"https:\/\/tremdavale.org\/pt\/#\/schema\/person\/50912137d47426d31329f246d02eaeca\",\"name\":\"admin\",\"image\":{\"@type\":\"ImageObject\",\"inLanguage\":\"pt-PT\",\"@id\":\"https:\/\/tremdavale.org\/pt\/#\/schema\/person\/image\/\",\"url\":\"https:\/\/secure.gravatar.com\/avatar\/b3564f0fda6ea47959fe96a4217203e79a167568a37409758659bc3ba443b452?s=96&d=mm&r=g\",\"contentUrl\":\"https:\/\/secure.gravatar.com\/avatar\/b3564f0fda6ea47959fe96a4217203e79a167568a37409758659bc3ba443b452?s=96&d=mm&r=g\",\"caption\":\"admin\"},\"sameAs\":[\"https:\/\/tremdavale.org\"],\"url\":\"https:\/\/tremdavale.org\/pt\/author\/admin\/\"}]}<\/script>\n<!-- \/ Yoast SEO plugin. -->","yoast_head_json":{"title":"Comemora\u00e7\u00f5es ao \u201cDia do Ferrovi\u00e1rio\u201d &#8212; Trem da Vale","robots":{"index":"index","follow":"follow","max-snippet":"max-snippet:-1","max-image-preview":"max-image-preview:large","max-video-preview":"max-video-preview:-1"},"canonical":"https:\/\/tremdavale.org\/pt\/comemoracoes-ao-dia-do-ferroviario\/","og_locale":"pt_PT","og_type":"article","og_title":"Comemora\u00e7\u00f5es ao \u201cDia do Ferrovi\u00e1rio\u201d &#8212; Trem da Vale","og_description":"No \u00faltimo 30 de abril, em comemora\u00e7\u00e3o ao \u201cDia do Ferrovi\u00e1rio\u201d, na plataforma da Esta\u00e7\u00e3o Ferrovi\u00e1ria de Ouro Preto, foram homenageados os ex-ferrovi\u00e1rios entrevistados do Vale Registrar e funcion\u00e1rios da FCA. Os homenageados realizaram o passeio de trem, partindo de Mariana e acompanhados por trio musical local, sendo recebidos pela &hellip;","og_url":"https:\/\/tremdavale.org\/pt\/comemoracoes-ao-dia-do-ferroviario\/","og_site_name":"Trem da Vale","article_published_time":"2011-09-13T12:51:00+00:00","article_modified_time":"2025-10-10T11:57:00+00:00","og_image":[{"width":300,"height":199,"url":"https:\/\/tremdavale.org\/wp-content\/uploads\/01-dia-do-ferroviario-300x199.jpg","type":"image\/jpeg"}],"author":"admin","twitter_card":"summary_large_image","twitter_misc":{"Escrito por":"admin","Tempo estimado de leitura":"1 minuto"},"schema":{"@context":"https:\/\/schema.org","@graph":[{"@type":"WebPage","@id":"https:\/\/tremdavale.org\/pt\/comemoracoes-ao-dia-do-ferroviario\/","url":"https:\/\/tremdavale.org\/pt\/comemoracoes-ao-dia-do-ferroviario\/","name":"Comemora\u00e7\u00f5es ao \u201cDia do Ferrovi\u00e1rio\u201d &#8212; Trem da Vale","isPartOf":{"@id":"https:\/\/tremdavale.org\/pt\/#website"},"primaryImageOfPage":{"@id":"https:\/\/tremdavale.org\/pt\/comemoracoes-ao-dia-do-ferroviario\/#primaryimage"},"image":{"@id":"https:\/\/tremdavale.org\/pt\/comemoracoes-ao-dia-do-ferroviario\/#primaryimage"},"thumbnailUrl":"https:\/\/tremdavale.org\/wp-content\/uploads\/01-dia-do-ferroviario-300x199.jpg","datePublished":"2011-09-13T12:51:00+00:00","dateModified":"2025-10-10T11:57:00+00:00","author":{"@id":"https:\/\/tremdavale.org\/pt\/#\/schema\/person\/50912137d47426d31329f246d02eaeca"},"breadcrumb":{"@id":"https:\/\/tremdavale.org\/pt\/comemoracoes-ao-dia-do-ferroviario\/#breadcrumb"},"inLanguage":"pt-PT","potentialAction":[{"@type":"ReadAction","target":["https:\/\/tremdavale.org\/pt\/comemoracoes-ao-dia-do-ferroviario\/"]}]},{"@type":"ImageObject","inLanguage":"pt-PT","@id":"https:\/\/tremdavale.org\/pt\/comemoracoes-ao-dia-do-ferroviario\/#primaryimage","url":"https:\/\/tremdavale.org\/wp-content\/uploads\/01-dia-do-ferroviario-300x199.jpg","contentUrl":"https:\/\/tremdavale.org\/wp-content\/uploads\/01-dia-do-ferroviario-300x199.jpg","width":300,"height":199},{"@type":"BreadcrumbList","@id":"https:\/\/tremdavale.org\/pt\/comemoracoes-ao-dia-do-ferroviario\/#breadcrumb","itemListElement":[{"@type":"ListItem","position":1,"name":"In\u00edcio","item":"https:\/\/tremdavale.org\/pt\/"},{"@type":"ListItem","position":2,"name":"Comemora\u00e7\u00f5es ao \u201cDia do Ferrovi\u00e1rio\u201d"}]},{"@type":"WebSite","@id":"https:\/\/tremdavale.org\/pt\/#website","url":"https:\/\/tremdavale.org\/pt\/","name":"Trem da Vale","description":"Programa de Educa\u00e7\u00e3o Patrimonial","potentialAction":[{"@type":"SearchAction","target":{"@type":"EntryPoint","urlTemplate":"https:\/\/tremdavale.org\/pt\/?s={search_term_string}"},"query-input":{"@type":"PropertyValueSpecification","valueRequired":true,"valueName":"search_term_string"}}],"inLanguage":"pt-PT"},{"@type":"Person","@id":"https:\/\/tremdavale.org\/pt\/#\/schema\/person\/50912137d47426d31329f246d02eaeca","name":"admin","image":{"@type":"ImageObject","inLanguage":"pt-PT","@id":"https:\/\/tremdavale.org\/pt\/#\/schema\/person\/image\/","url":"https:\/\/secure.gravatar.com\/avatar\/b3564f0fda6ea47959fe96a4217203e79a167568a37409758659bc3ba443b452?s=96&d=mm&r=g","contentUrl":"https:\/\/secure.gravatar.com\/avatar\/b3564f0fda6ea47959fe96a4217203e79a167568a37409758659bc3ba443b452?s=96&d=mm&r=g","caption":"admin"},"sameAs":["https:\/\/tremdavale.org"],"url":"https:\/\/tremdavale.org\/pt\/author\/admin\/"}]}},"_links":{"self":[{"href":"https:\/\/tremdavale.org\/pt\/wp-json\/wp\/v2\/posts\/93","targetHints":{"allow":["GET"]}}],"collection":[{"href":"https:\/\/tremdavale.org\/pt\/wp-json\/wp\/v2\/posts"}],"about":[{"href":"https:\/\/tremdavale.org\/pt\/wp-json\/wp\/v2\/types\/post"}],"author":[{"embeddable":true,"href":"https:\/\/tremdavale.org\/pt\/wp-json\/wp\/v2\/users\/1"}],"replies":[{"embeddable":true,"href":"https:\/\/tremdavale.org\/pt\/wp-json\/wp\/v2\/comments?post=93"}],"version-history":[{"count":0,"href":"https:\/\/tremdavale.org\/pt\/wp-json\/wp\/v2\/posts\/93\/revisions"}],"wp:featuredmedia":[{"embeddable":true,"href":"https:\/\/tremdavale.org\/pt\/wp-json\/wp\/v2\/media\/387"}],"wp:attachment":[{"href":"https:\/\/tremdavale.org\/pt\/wp-json\/wp\/v2\/media?parent=93"}],"wp:term":[{"taxonomy":"category","embeddable":true,"href":"https:\/\/tremdavale.org\/pt\/wp-json\/wp\/v2\/categories?post=93"},{"taxonomy":"post_tag","embeddable":true,"href":"https:\/\/tremdavale.org\/pt\/wp-json\/wp\/v2\/tags?post=93"}],"curies":[{"name":"wp","href":"https:\/\/api.w.org\/{rel}","templated":true}]}}