{"id":94,"date":"2013-08-25T05:00:00","date_gmt":"2013-08-25T05:00:00","guid":{"rendered":"https:\/\/tremdavale.org\/?p=94"},"modified":"2025-10-10T11:57:00","modified_gmt":"2025-10-10T11:57:00","slug":"comunicado-atividades-trem-da-vale","status":"publish","type":"post","link":"https:\/\/tremdavale.org\/pt\/comunicado-atividades-trem-da-vale\/","title":{"rendered":"COMUNICADO &#8211; Atividades Trem da Vale"},"content":{"rendered":"<p>Comunicamos que apesar da interdi\u00e7\u00e3o do Trem Tur\u00edstico conforme comunicado abaixo, as atividades do Programa de Educa\u00e7\u00e3o Patrimonial do Trem da Vale est\u00e3o sendo realizadas normalmente. As bibliotecas est\u00e3o em funcionamento regular e a programa\u00e7\u00e3o de atividades pode ser consultada atrav\u00e9s do site ou nas esta\u00e7\u00f5es.<\/p>\n<p>___________________________________________________________________________<\/p>\n<p>&nbsp;<\/p>\n<p><em>Em virtude de problemas ocasionados pelas chuvas na regi\u00e3o de Mariana e Ouro Preto MG, informamos que por medida de seguran\u00e7a, &nbsp;o Trecho Tur\u00edstico: Mariana \/ Ouro Preto, continua interditado sem previs\u00e3o de libera\u00e7\u00e3o.<\/em><\/p>\n<p><em>Estamos trabalhando para solu\u00e7\u00e3o dos problemas.<\/em><\/p>\n<p><em>T\u00e3o logo a opera\u00e7\u00e3o puder ser restabelecida com seguran\u00e7a, informaremos a todos.<\/em><\/p>\n<p><em>Pedimos desculpas pelo transtorno,<\/em><\/p>\n<p><em>Atenciosamente,<\/em><\/p>\n<p><em>Equipe Trens Tur\u00edsticos FCA<\/em><\/p>\n<p><em><em>Para Sugest\u00f5es\/ Reclama\u00e7\u00f5es: Al\u00f4 Ferrovias: 08002857000<\/em><\/em><\/p>\n<p>&nbsp;<\/p>\n","protected":false},"excerpt":{"rendered":"<p>Comunicamos que apesar da interdi\u00e7\u00e3o do Trem Tur\u00edstico conforme comunicado abaixo, as atividades do Programa de Educa\u00e7\u00e3o Patrimonial do Trem da Vale est\u00e3o sendo realizadas normalmente. As bibliotecas est\u00e3o em funcionamento regular e a programa\u00e7\u00e3o de atividades pode ser consultada atrav\u00e9s do site ou nas esta\u00e7\u00f5es. ___________________________________________________________________________ &nbsp; Em virtude &hellip;<\/p>\n","protected":false},"author":1,"featured_media":0,"comment_status":"open","ping_status":"closed","sticky":false,"template":"","format":"standard","meta":{"footnotes":""},"categories":[2],"tags":[],"class_list":["post-94","post","type-post","status-publish","format-standard","hentry","category-destaques-home"],"yoast_head":"<!-- This site is optimized with the Yoast SEO plugin v26.1.1 - https:\/\/yoast.com\/wordpress\/plugins\/seo\/ -->\n<title>COMUNICADO - Atividades Trem da Vale &#8212; Trem da Vale<\/title>\n<meta name=\"robots\" content=\"index, follow, max-snippet:-1, max-image-preview:large, max-video-preview:-1\" \/>\n<link rel=\"canonical\" href=\"https:\/\/tremdavale.org\/pt\/comunicado-atividades-trem-da-vale\/\" \/>\n<meta property=\"og:locale\" content=\"pt_PT\" \/>\n<meta property=\"og:type\" content=\"article\" \/>\n<meta property=\"og:title\" content=\"COMUNICADO - Atividades Trem da Vale &#8212; Trem da Vale\" \/>\n<meta property=\"og:description\" content=\"Comunicamos que apesar da interdi\u00e7\u00e3o do Trem Tur\u00edstico conforme comunicado abaixo, as atividades do Programa de Educa\u00e7\u00e3o Patrimonial do Trem da Vale est\u00e3o sendo realizadas normalmente. As bibliotecas est\u00e3o em funcionamento regular e a programa\u00e7\u00e3o de atividades pode ser consultada atrav\u00e9s do site ou nas esta\u00e7\u00f5es. ___________________________________________________________________________ &nbsp; Em virtude &hellip;\" \/>\n<meta property=\"og:url\" content=\"https:\/\/tremdavale.org\/pt\/comunicado-atividades-trem-da-vale\/\" \/>\n<meta property=\"og:site_name\" content=\"Trem da Vale\" \/>\n<meta property=\"article:published_time\" content=\"2013-08-25T05:00:00+00:00\" \/>\n<meta property=\"article:modified_time\" content=\"2025-10-10T11:57:00+00:00\" \/>\n<meta name=\"author\" content=\"admin\" \/>\n<meta name=\"twitter:card\" content=\"summary_large_image\" \/>\n<meta name=\"twitter:label1\" content=\"Escrito por\" \/>\n\t<meta name=\"twitter:data1\" content=\"admin\" \/>\n\t<meta name=\"twitter:label2\" content=\"Tempo estimado de leitura\" \/>\n\t<meta name=\"twitter:data2\" content=\"1 minuto\" \/>\n<script type=\"application\/ld+json\" class=\"yoast-schema-graph\">{\"@context\":\"https:\/\/schema.org\",\"@graph\":[{\"@type\":\"WebPage\",\"@id\":\"https:\/\/tremdavale.org\/pt\/comunicado-atividades-trem-da-vale\/\",\"url\":\"https:\/\/tremdavale.org\/pt\/comunicado-atividades-trem-da-vale\/\",\"name\":\"COMUNICADO - Atividades Trem da Vale &#8212; Trem da Vale\",\"isPartOf\":{\"@id\":\"https:\/\/tremdavale.org\/pt\/#website\"},\"datePublished\":\"2013-08-25T05:00:00+00:00\",\"dateModified\":\"2025-10-10T11:57:00+00:00\",\"author\":{\"@id\":\"https:\/\/tremdavale.org\/pt\/#\/schema\/person\/50912137d47426d31329f246d02eaeca\"},\"breadcrumb\":{\"@id\":\"https:\/\/tremdavale.org\/pt\/comunicado-atividades-trem-da-vale\/#breadcrumb\"},\"inLanguage\":\"pt-PT\",\"potentialAction\":[{\"@type\":\"ReadAction\",\"target\":[\"https:\/\/tremdavale.org\/pt\/comunicado-atividades-trem-da-vale\/\"]}]},{\"@type\":\"BreadcrumbList\",\"@id\":\"https:\/\/tremdavale.org\/pt\/comunicado-atividades-trem-da-vale\/#breadcrumb\",\"itemListElement\":[{\"@type\":\"ListItem\",\"position\":1,\"name\":\"In\u00edcio\",\"item\":\"https:\/\/tremdavale.org\/pt\/\"},{\"@type\":\"ListItem\",\"position\":2,\"name\":\"COMUNICADO &#8211; Atividades Trem da Vale\"}]},{\"@type\":\"WebSite\",\"@id\":\"https:\/\/tremdavale.org\/pt\/#website\",\"url\":\"https:\/\/tremdavale.org\/pt\/\",\"name\":\"Trem da Vale\",\"description\":\"Programa de Educa\u00e7\u00e3o Patrimonial\",\"potentialAction\":[{\"@type\":\"SearchAction\",\"target\":{\"@type\":\"EntryPoint\",\"urlTemplate\":\"https:\/\/tremdavale.org\/pt\/?s={search_term_string}\"},\"query-input\":{\"@type\":\"PropertyValueSpecification\",\"valueRequired\":true,\"valueName\":\"search_term_string\"}}],\"inLanguage\":\"pt-PT\"},{\"@type\":\"Person\",\"@id\":\"https:\/\/tremdavale.org\/pt\/#\/schema\/person\/50912137d47426d31329f246d02eaeca\",\"name\":\"admin\",\"image\":{\"@type\":\"ImageObject\",\"inLanguage\":\"pt-PT\",\"@id\":\"https:\/\/tremdavale.org\/pt\/#\/schema\/person\/image\/\",\"url\":\"https:\/\/secure.gravatar.com\/avatar\/b3564f0fda6ea47959fe96a4217203e79a167568a37409758659bc3ba443b452?s=96&d=mm&r=g\",\"contentUrl\":\"https:\/\/secure.gravatar.com\/avatar\/b3564f0fda6ea47959fe96a4217203e79a167568a37409758659bc3ba443b452?s=96&d=mm&r=g\",\"caption\":\"admin\"},\"sameAs\":[\"https:\/\/tremdavale.org\"],\"url\":\"https:\/\/tremdavale.org\/pt\/author\/admin\/\"}]}<\/script>\n<!-- \/ Yoast SEO plugin. -->","yoast_head_json":{"title":"COMUNICADO - Atividades Trem da Vale &#8212; Trem da Vale","robots":{"index":"index","follow":"follow","max-snippet":"max-snippet:-1","max-image-preview":"max-image-preview:large","max-video-preview":"max-video-preview:-1"},"canonical":"https:\/\/tremdavale.org\/pt\/comunicado-atividades-trem-da-vale\/","og_locale":"pt_PT","og_type":"article","og_title":"COMUNICADO - Atividades Trem da Vale &#8212; Trem da Vale","og_description":"Comunicamos que apesar da interdi\u00e7\u00e3o do Trem Tur\u00edstico conforme comunicado abaixo, as atividades do Programa de Educa\u00e7\u00e3o Patrimonial do Trem da Vale est\u00e3o sendo realizadas normalmente. As bibliotecas est\u00e3o em funcionamento regular e a programa\u00e7\u00e3o de atividades pode ser consultada atrav\u00e9s do site ou nas esta\u00e7\u00f5es. ___________________________________________________________________________ &nbsp; Em virtude &hellip;","og_url":"https:\/\/tremdavale.org\/pt\/comunicado-atividades-trem-da-vale\/","og_site_name":"Trem da Vale","article_published_time":"2013-08-25T05:00:00+00:00","article_modified_time":"2025-10-10T11:57:00+00:00","author":"admin","twitter_card":"summary_large_image","twitter_misc":{"Escrito por":"admin","Tempo estimado de leitura":"1 minuto"},"schema":{"@context":"https:\/\/schema.org","@graph":[{"@type":"WebPage","@id":"https:\/\/tremdavale.org\/pt\/comunicado-atividades-trem-da-vale\/","url":"https:\/\/tremdavale.org\/pt\/comunicado-atividades-trem-da-vale\/","name":"COMUNICADO - Atividades Trem da Vale &#8212; Trem da Vale","isPartOf":{"@id":"https:\/\/tremdavale.org\/pt\/#website"},"datePublished":"2013-08-25T05:00:00+00:00","dateModified":"2025-10-10T11:57:00+00:00","author":{"@id":"https:\/\/tremdavale.org\/pt\/#\/schema\/person\/50912137d47426d31329f246d02eaeca"},"breadcrumb":{"@id":"https:\/\/tremdavale.org\/pt\/comunicado-atividades-trem-da-vale\/#breadcrumb"},"inLanguage":"pt-PT","potentialAction":[{"@type":"ReadAction","target":["https:\/\/tremdavale.org\/pt\/comunicado-atividades-trem-da-vale\/"]}]},{"@type":"BreadcrumbList","@id":"https:\/\/tremdavale.org\/pt\/comunicado-atividades-trem-da-vale\/#breadcrumb","itemListElement":[{"@type":"ListItem","position":1,"name":"In\u00edcio","item":"https:\/\/tremdavale.org\/pt\/"},{"@type":"ListItem","position":2,"name":"COMUNICADO &#8211; Atividades Trem da Vale"}]},{"@type":"WebSite","@id":"https:\/\/tremdavale.org\/pt\/#website","url":"https:\/\/tremdavale.org\/pt\/","name":"Trem da Vale","description":"Programa de Educa\u00e7\u00e3o Patrimonial","potentialAction":[{"@type":"SearchAction","target":{"@type":"EntryPoint","urlTemplate":"https:\/\/tremdavale.org\/pt\/?s={search_term_string}"},"query-input":{"@type":"PropertyValueSpecification","valueRequired":true,"valueName":"search_term_string"}}],"inLanguage":"pt-PT"},{"@type":"Person","@id":"https:\/\/tremdavale.org\/pt\/#\/schema\/person\/50912137d47426d31329f246d02eaeca","name":"admin","image":{"@type":"ImageObject","inLanguage":"pt-PT","@id":"https:\/\/tremdavale.org\/pt\/#\/schema\/person\/image\/","url":"https:\/\/secure.gravatar.com\/avatar\/b3564f0fda6ea47959fe96a4217203e79a167568a37409758659bc3ba443b452?s=96&d=mm&r=g","contentUrl":"https:\/\/secure.gravatar.com\/avatar\/b3564f0fda6ea47959fe96a4217203e79a167568a37409758659bc3ba443b452?s=96&d=mm&r=g","caption":"admin"},"sameAs":["https:\/\/tremdavale.org"],"url":"https:\/\/tremdavale.org\/pt\/author\/admin\/"}]}},"_links":{"self":[{"href":"https:\/\/tremdavale.org\/pt\/wp-json\/wp\/v2\/posts\/94","targetHints":{"allow":["GET"]}}],"collection":[{"href":"https:\/\/tremdavale.org\/pt\/wp-json\/wp\/v2\/posts"}],"about":[{"href":"https:\/\/tremdavale.org\/pt\/wp-json\/wp\/v2\/types\/post"}],"author":[{"embeddable":true,"href":"https:\/\/tremdavale.org\/pt\/wp-json\/wp\/v2\/users\/1"}],"replies":[{"embeddable":true,"href":"https:\/\/tremdavale.org\/pt\/wp-json\/wp\/v2\/comments?post=94"}],"version-history":[{"count":0,"href":"https:\/\/tremdavale.org\/pt\/wp-json\/wp\/v2\/posts\/94\/revisions"}],"wp:attachment":[{"href":"https:\/\/tremdavale.org\/pt\/wp-json\/wp\/v2\/media?parent=94"}],"wp:term":[{"taxonomy":"category","embeddable":true,"href":"https:\/\/tremdavale.org\/pt\/wp-json\/wp\/v2\/categories?post=94"},{"taxonomy":"post_tag","embeddable":true,"href":"https:\/\/tremdavale.org\/pt\/wp-json\/wp\/v2\/tags?post=94"}],"curies":[{"name":"wp","href":"https:\/\/api.w.org\/{rel}","templated":true}]}}