{"id":96,"date":"2013-08-25T09:50:00","date_gmt":"2013-08-25T09:50:00","guid":{"rendered":"https:\/\/tremdavale.org\/?p=96"},"modified":"2025-10-10T11:57:00","modified_gmt":"2025-10-10T11:57:00","slug":"concurso-de-desenho-e-redacao","status":"publish","type":"post","link":"https:\/\/tremdavale.org\/pt\/concurso-de-desenho-e-redacao\/","title":{"rendered":"Resultado do Concurso de Desenho e Reda\u00e7\u00e3o do Trem da Vale"},"content":{"rendered":"<p><span>Foi realizado no m\u00eas de abril o Concurso de Desenho e Reda\u00e7\u00e3o para os alunos de<\/span> <span>escolas p\u00fablicas de Ouro Preto e Mariana e usu\u00e1rios cadastrados nas Bibliotecas das esta\u00e7\u00f5es do Trem da Vale. &nbsp;O tema foi<\/span><span>\u201cNo trilho, no trecho, nas esta\u00e7\u00f5es: por onde o trem passa\u2026\u201d .<\/span><\/p>\n<p><img loading=\"lazy\" decoding=\"async\" class=\"aligncenter size-medium\" title=\"trem-da-vale-concurso1\" src=\"\/wp-content\/uploads\/trem-da-vale-concurso1-300x230.png\" alt=\"trem-da-vale-concurso1\" width=\"300\" height=\"230\"><\/p>\n<p><span>Ganhadores &#8211; Categoria Texto:<\/span><\/p>\n<p>&nbsp;<\/p>\n<p><span>1\u00ba lugar: Ana J\u00falia Pereira Menezes &#8211; 7\u00ba ano (Escola Estadual Professor Soares Ferreira &#8211; Mariana)<\/span><\/p>\n<p><span>2\u00ba lugar:<\/span><span>Ana Carolina Murta Silva -7\u00ba ano (Escola Estadual Professor Soares Ferreira &#8211; Mariana).<\/span><\/p>\n<p>&nbsp;<\/p>\n<p><span>Na categoria Desenho houve empate no primeiro lugar, os vencedores foram:<\/span><\/p>\n<p>&nbsp;<\/p>\n<p><span>1\u00ba lugar:<\/span><span>Lauro Felipe Eus\u00e9bio Gomes&nbsp; &#8211; 5\u00ba ano (Escola Estadual Dr. Gomes Freire &#8211; Mariana)<\/span><\/p>\n<p><span>1\u00ba lugar: B\u00e1rbara Emanuelle Oliveira Torres \u2013 4\u00ba ano (Col\u00e9gio Arquidiocesano \u2013 Ouro Preto)<\/span><\/p>\n<p><span>2\u00ba lugar: Leonardo Marques Vieira \u2013 1\u00ba ano (Centro Educacional Dirceu Alves de Brito \u2013 CEDAB \u2013 Ouro Preto)<\/span><\/p>\n<p><span>A premia\u00e7\u00e3o&nbsp;aconteceu no dia 05 de maio na Tenda Cultural da Esta\u00e7\u00e3o de Ouro Preto junto \u00e0 comemora\u00e7\u00e3o dos 6 anos do projeto Trem da Vale.<\/span><\/p>\n<p><span>Parab\u00e9ns a todos os participantes!<\/span><\/p>\n<p>&nbsp;<\/p>\n<p><img loading=\"lazy\" decoding=\"async\" class=\"size-medium\" title=\"premiacao1-1\" src=\"\/wp-content\/uploads\/premiacao1-1-300x200.jpg\" alt=\"Premia\u00e7\u00e3o\" width=\"300\" height=\"200\"><\/p>\n<p>Equipe do Trem da Vale com os vencedores.<\/p>\n<p>&nbsp;<\/p>\n<dt class=\"wp-caption-dt\" style=\"text-align: center;\"><\/dt>\n<dd><\/dd>\n<p>&nbsp;<\/p>\n<p><img loading=\"lazy\" decoding=\"async\" class=\"size-medium\" title=\"premiacao2\" src=\"\/wp-content\/uploads\/premiacao2-300x203.jpg\" alt=\"Premia\u00e7\u00e3o\" width=\"300\" height=\"203\"><\/p>\n<p>Premia\u00e7\u00e3o<\/p>\n<p>&nbsp;<\/p>\n","protected":false},"excerpt":{"rendered":"<p>Foi realizado no m\u00eas de abril o Concurso de Desenho e Reda\u00e7\u00e3o para os alunos de escolas p\u00fablicas de Ouro Preto e Mariana e usu\u00e1rios cadastrados nas Bibliotecas das esta\u00e7\u00f5es do Trem da Vale. &nbsp;O tema foi\u201cNo trilho, no trecho, nas esta\u00e7\u00f5es: por onde o trem passa\u2026\u201d . Ganhadores &#8211; &hellip;<\/p>\n","protected":false},"author":1,"featured_media":388,"comment_status":"open","ping_status":"closed","sticky":false,"template":"","format":"standard","meta":{"footnotes":""},"categories":[2],"tags":[],"class_list":["post-96","post","type-post","status-publish","format-standard","has-post-thumbnail","hentry","category-destaques-home"],"yoast_head":"<!-- This site is optimized with the Yoast SEO plugin v26.1.1 - https:\/\/yoast.com\/wordpress\/plugins\/seo\/ -->\n<title>Resultado do Concurso de Desenho e Reda\u00e7\u00e3o do Trem da Vale &#8212; Trem da Vale<\/title>\n<meta name=\"robots\" content=\"index, follow, max-snippet:-1, max-image-preview:large, max-video-preview:-1\" \/>\n<link rel=\"canonical\" href=\"https:\/\/tremdavale.org\/pt\/concurso-de-desenho-e-redacao\/\" \/>\n<meta property=\"og:locale\" content=\"pt_PT\" \/>\n<meta property=\"og:type\" content=\"article\" \/>\n<meta property=\"og:title\" content=\"Resultado do Concurso de Desenho e Reda\u00e7\u00e3o do Trem da Vale &#8212; Trem da Vale\" \/>\n<meta property=\"og:description\" content=\"Foi realizado no m\u00eas de abril o Concurso de Desenho e Reda\u00e7\u00e3o para os alunos de escolas p\u00fablicas de Ouro Preto e Mariana e usu\u00e1rios cadastrados nas Bibliotecas das esta\u00e7\u00f5es do Trem da Vale. &nbsp;O tema foi\u201cNo trilho, no trecho, nas esta\u00e7\u00f5es: por onde o trem passa\u2026\u201d . Ganhadores &#8211; &hellip;\" \/>\n<meta property=\"og:url\" content=\"https:\/\/tremdavale.org\/pt\/concurso-de-desenho-e-redacao\/\" \/>\n<meta property=\"og:site_name\" content=\"Trem da Vale\" \/>\n<meta property=\"article:published_time\" content=\"2013-08-25T09:50:00+00:00\" \/>\n<meta property=\"article:modified_time\" content=\"2025-10-10T11:57:00+00:00\" \/>\n<meta property=\"og:image\" content=\"https:\/\/tremdavale.org\/wp-content\/uploads\/trem-da-vale-concurso1-300x230.png\" \/>\n\t<meta property=\"og:image:width\" content=\"300\" \/>\n\t<meta property=\"og:image:height\" content=\"230\" \/>\n\t<meta property=\"og:image:type\" content=\"image\/png\" \/>\n<meta name=\"author\" content=\"admin\" \/>\n<meta name=\"twitter:card\" content=\"summary_large_image\" \/>\n<meta name=\"twitter:label1\" content=\"Escrito por\" \/>\n\t<meta name=\"twitter:data1\" content=\"admin\" \/>\n\t<meta name=\"twitter:label2\" content=\"Tempo estimado de leitura\" \/>\n\t<meta name=\"twitter:data2\" content=\"1 minuto\" \/>\n<script type=\"application\/ld+json\" class=\"yoast-schema-graph\">{\"@context\":\"https:\/\/schema.org\",\"@graph\":[{\"@type\":\"WebPage\",\"@id\":\"https:\/\/tremdavale.org\/pt\/concurso-de-desenho-e-redacao\/\",\"url\":\"https:\/\/tremdavale.org\/pt\/concurso-de-desenho-e-redacao\/\",\"name\":\"Resultado do Concurso de Desenho e Reda\u00e7\u00e3o do Trem da Vale &#8212; Trem da Vale\",\"isPartOf\":{\"@id\":\"https:\/\/tremdavale.org\/pt\/#website\"},\"primaryImageOfPage\":{\"@id\":\"https:\/\/tremdavale.org\/pt\/concurso-de-desenho-e-redacao\/#primaryimage\"},\"image\":{\"@id\":\"https:\/\/tremdavale.org\/pt\/concurso-de-desenho-e-redacao\/#primaryimage\"},\"thumbnailUrl\":\"https:\/\/tremdavale.org\/wp-content\/uploads\/trem-da-vale-concurso1-300x230.png\",\"datePublished\":\"2013-08-25T09:50:00+00:00\",\"dateModified\":\"2025-10-10T11:57:00+00:00\",\"author\":{\"@id\":\"https:\/\/tremdavale.org\/pt\/#\/schema\/person\/50912137d47426d31329f246d02eaeca\"},\"breadcrumb\":{\"@id\":\"https:\/\/tremdavale.org\/pt\/concurso-de-desenho-e-redacao\/#breadcrumb\"},\"inLanguage\":\"pt-PT\",\"potentialAction\":[{\"@type\":\"ReadAction\",\"target\":[\"https:\/\/tremdavale.org\/pt\/concurso-de-desenho-e-redacao\/\"]}]},{\"@type\":\"ImageObject\",\"inLanguage\":\"pt-PT\",\"@id\":\"https:\/\/tremdavale.org\/pt\/concurso-de-desenho-e-redacao\/#primaryimage\",\"url\":\"https:\/\/tremdavale.org\/wp-content\/uploads\/trem-da-vale-concurso1-300x230.png\",\"contentUrl\":\"https:\/\/tremdavale.org\/wp-content\/uploads\/trem-da-vale-concurso1-300x230.png\",\"width\":300,\"height\":230},{\"@type\":\"BreadcrumbList\",\"@id\":\"https:\/\/tremdavale.org\/pt\/concurso-de-desenho-e-redacao\/#breadcrumb\",\"itemListElement\":[{\"@type\":\"ListItem\",\"position\":1,\"name\":\"In\u00edcio\",\"item\":\"https:\/\/tremdavale.org\/pt\/\"},{\"@type\":\"ListItem\",\"position\":2,\"name\":\"Resultado do Concurso de Desenho e Reda\u00e7\u00e3o do Trem da Vale\"}]},{\"@type\":\"WebSite\",\"@id\":\"https:\/\/tremdavale.org\/pt\/#website\",\"url\":\"https:\/\/tremdavale.org\/pt\/\",\"name\":\"Trem da Vale\",\"description\":\"Programa de Educa\u00e7\u00e3o Patrimonial\",\"potentialAction\":[{\"@type\":\"SearchAction\",\"target\":{\"@type\":\"EntryPoint\",\"urlTemplate\":\"https:\/\/tremdavale.org\/pt\/?s={search_term_string}\"},\"query-input\":{\"@type\":\"PropertyValueSpecification\",\"valueRequired\":true,\"valueName\":\"search_term_string\"}}],\"inLanguage\":\"pt-PT\"},{\"@type\":\"Person\",\"@id\":\"https:\/\/tremdavale.org\/pt\/#\/schema\/person\/50912137d47426d31329f246d02eaeca\",\"name\":\"admin\",\"image\":{\"@type\":\"ImageObject\",\"inLanguage\":\"pt-PT\",\"@id\":\"https:\/\/tremdavale.org\/pt\/#\/schema\/person\/image\/\",\"url\":\"https:\/\/secure.gravatar.com\/avatar\/b3564f0fda6ea47959fe96a4217203e79a167568a37409758659bc3ba443b452?s=96&d=mm&r=g\",\"contentUrl\":\"https:\/\/secure.gravatar.com\/avatar\/b3564f0fda6ea47959fe96a4217203e79a167568a37409758659bc3ba443b452?s=96&d=mm&r=g\",\"caption\":\"admin\"},\"sameAs\":[\"https:\/\/tremdavale.org\"],\"url\":\"https:\/\/tremdavale.org\/pt\/author\/admin\/\"}]}<\/script>\n<!-- \/ Yoast SEO plugin. -->","yoast_head_json":{"title":"Resultado do Concurso de Desenho e Reda\u00e7\u00e3o do Trem da Vale &#8212; Trem da Vale","robots":{"index":"index","follow":"follow","max-snippet":"max-snippet:-1","max-image-preview":"max-image-preview:large","max-video-preview":"max-video-preview:-1"},"canonical":"https:\/\/tremdavale.org\/pt\/concurso-de-desenho-e-redacao\/","og_locale":"pt_PT","og_type":"article","og_title":"Resultado do Concurso de Desenho e Reda\u00e7\u00e3o do Trem da Vale &#8212; Trem da Vale","og_description":"Foi realizado no m\u00eas de abril o Concurso de Desenho e Reda\u00e7\u00e3o para os alunos de escolas p\u00fablicas de Ouro Preto e Mariana e usu\u00e1rios cadastrados nas Bibliotecas das esta\u00e7\u00f5es do Trem da Vale. &nbsp;O tema foi\u201cNo trilho, no trecho, nas esta\u00e7\u00f5es: por onde o trem passa\u2026\u201d . Ganhadores &#8211; &hellip;","og_url":"https:\/\/tremdavale.org\/pt\/concurso-de-desenho-e-redacao\/","og_site_name":"Trem da Vale","article_published_time":"2013-08-25T09:50:00+00:00","article_modified_time":"2025-10-10T11:57:00+00:00","og_image":[{"width":300,"height":230,"url":"https:\/\/tremdavale.org\/wp-content\/uploads\/trem-da-vale-concurso1-300x230.png","type":"image\/png"}],"author":"admin","twitter_card":"summary_large_image","twitter_misc":{"Escrito por":"admin","Tempo estimado de leitura":"1 minuto"},"schema":{"@context":"https:\/\/schema.org","@graph":[{"@type":"WebPage","@id":"https:\/\/tremdavale.org\/pt\/concurso-de-desenho-e-redacao\/","url":"https:\/\/tremdavale.org\/pt\/concurso-de-desenho-e-redacao\/","name":"Resultado do Concurso de Desenho e Reda\u00e7\u00e3o do Trem da Vale &#8212; Trem da Vale","isPartOf":{"@id":"https:\/\/tremdavale.org\/pt\/#website"},"primaryImageOfPage":{"@id":"https:\/\/tremdavale.org\/pt\/concurso-de-desenho-e-redacao\/#primaryimage"},"image":{"@id":"https:\/\/tremdavale.org\/pt\/concurso-de-desenho-e-redacao\/#primaryimage"},"thumbnailUrl":"https:\/\/tremdavale.org\/wp-content\/uploads\/trem-da-vale-concurso1-300x230.png","datePublished":"2013-08-25T09:50:00+00:00","dateModified":"2025-10-10T11:57:00+00:00","author":{"@id":"https:\/\/tremdavale.org\/pt\/#\/schema\/person\/50912137d47426d31329f246d02eaeca"},"breadcrumb":{"@id":"https:\/\/tremdavale.org\/pt\/concurso-de-desenho-e-redacao\/#breadcrumb"},"inLanguage":"pt-PT","potentialAction":[{"@type":"ReadAction","target":["https:\/\/tremdavale.org\/pt\/concurso-de-desenho-e-redacao\/"]}]},{"@type":"ImageObject","inLanguage":"pt-PT","@id":"https:\/\/tremdavale.org\/pt\/concurso-de-desenho-e-redacao\/#primaryimage","url":"https:\/\/tremdavale.org\/wp-content\/uploads\/trem-da-vale-concurso1-300x230.png","contentUrl":"https:\/\/tremdavale.org\/wp-content\/uploads\/trem-da-vale-concurso1-300x230.png","width":300,"height":230},{"@type":"BreadcrumbList","@id":"https:\/\/tremdavale.org\/pt\/concurso-de-desenho-e-redacao\/#breadcrumb","itemListElement":[{"@type":"ListItem","position":1,"name":"In\u00edcio","item":"https:\/\/tremdavale.org\/pt\/"},{"@type":"ListItem","position":2,"name":"Resultado do Concurso de Desenho e Reda\u00e7\u00e3o do Trem da Vale"}]},{"@type":"WebSite","@id":"https:\/\/tremdavale.org\/pt\/#website","url":"https:\/\/tremdavale.org\/pt\/","name":"Trem da Vale","description":"Programa de Educa\u00e7\u00e3o Patrimonial","potentialAction":[{"@type":"SearchAction","target":{"@type":"EntryPoint","urlTemplate":"https:\/\/tremdavale.org\/pt\/?s={search_term_string}"},"query-input":{"@type":"PropertyValueSpecification","valueRequired":true,"valueName":"search_term_string"}}],"inLanguage":"pt-PT"},{"@type":"Person","@id":"https:\/\/tremdavale.org\/pt\/#\/schema\/person\/50912137d47426d31329f246d02eaeca","name":"admin","image":{"@type":"ImageObject","inLanguage":"pt-PT","@id":"https:\/\/tremdavale.org\/pt\/#\/schema\/person\/image\/","url":"https:\/\/secure.gravatar.com\/avatar\/b3564f0fda6ea47959fe96a4217203e79a167568a37409758659bc3ba443b452?s=96&d=mm&r=g","contentUrl":"https:\/\/secure.gravatar.com\/avatar\/b3564f0fda6ea47959fe96a4217203e79a167568a37409758659bc3ba443b452?s=96&d=mm&r=g","caption":"admin"},"sameAs":["https:\/\/tremdavale.org"],"url":"https:\/\/tremdavale.org\/pt\/author\/admin\/"}]}},"_links":{"self":[{"href":"https:\/\/tremdavale.org\/pt\/wp-json\/wp\/v2\/posts\/96","targetHints":{"allow":["GET"]}}],"collection":[{"href":"https:\/\/tremdavale.org\/pt\/wp-json\/wp\/v2\/posts"}],"about":[{"href":"https:\/\/tremdavale.org\/pt\/wp-json\/wp\/v2\/types\/post"}],"author":[{"embeddable":true,"href":"https:\/\/tremdavale.org\/pt\/wp-json\/wp\/v2\/users\/1"}],"replies":[{"embeddable":true,"href":"https:\/\/tremdavale.org\/pt\/wp-json\/wp\/v2\/comments?post=96"}],"version-history":[{"count":0,"href":"https:\/\/tremdavale.org\/pt\/wp-json\/wp\/v2\/posts\/96\/revisions"}],"wp:featuredmedia":[{"embeddable":true,"href":"https:\/\/tremdavale.org\/pt\/wp-json\/wp\/v2\/media\/388"}],"wp:attachment":[{"href":"https:\/\/tremdavale.org\/pt\/wp-json\/wp\/v2\/media?parent=96"}],"wp:term":[{"taxonomy":"category","embeddable":true,"href":"https:\/\/tremdavale.org\/pt\/wp-json\/wp\/v2\/categories?post=96"},{"taxonomy":"post_tag","embeddable":true,"href":"https:\/\/tremdavale.org\/pt\/wp-json\/wp\/v2\/tags?post=96"}],"curies":[{"name":"wp","href":"https:\/\/api.w.org\/{rel}","templated":true}]}}