{"id":97,"date":"2011-09-11T17:43:00","date_gmt":"2011-09-11T17:43:00","guid":{"rendered":"https:\/\/tremdavale.org\/?p=97"},"modified":"2025-10-10T11:57:00","modified_gmt":"2025-10-10T11:57:00","slug":"concurso-de-redacao-o-trem-da-vale-e-voce-5-anos-de-historia","status":"publish","type":"post","link":"https:\/\/tremdavale.org\/pt\/concurso-de-redacao-o-trem-da-vale-e-voce-5-anos-de-historia\/","title":{"rendered":"Concurso de reda\u00e7\u00e3o \u201cO Trem da Vale e voc\u00ea &#8211; 5 anos de hist\u00f3ria\u201d"},"content":{"rendered":"<p style=\"text-align: right;\"><img loading=\"lazy\" decoding=\"async\" class=\"alignright size-medium\" style=\"margin: 15px;\" title=\"Participe!\" src=\"\/wp-content\/uploads\/06-circuito-de-leitura_26_05_10_manha_escola-bolinha-de-sabao-03-300x200.jpg\" alt=\"Participe!\" width=\"300\" height=\"200\"><\/p>\n<p style=\"text-align: justify;\">O Programa de Educa\u00e7\u00e3o Patrimonial Trem da Vale (PEPTV), promoveu um concurso de reda\u00e7\u00e3o com o tema \u201cO Trem da Vale e voc\u00ea &#8211; 5 anos de hist\u00f3ria\u201d.<\/p>\n<p style=\"text-align: justify;\">As inscri\u00e7\u00f5es foram encerradas em 24 de abril e&nbsp; concorreram os alunos de escolas p\u00fablicas de Ouro Preto e Mariana com faixa et\u00e1ria entre 8-12 anos que participaram dos Circuitos Diferenciados no per\u00edodo de mar\u00e7o de 2010 a mar\u00e7o de 2011.<\/p>\n<pre>Atualizado em 12\/05\/2011<\/pre>\n<p>&nbsp;<\/p>\n<p><img loading=\"lazy\" decoding=\"async\" class=\"size-medium\" title=\"02-premiacao\" src=\"\/wp-content\/uploads\/02-premiacao-300x226.jpg\" alt=\"A aluna vencedora recebe os cumprimentos. Foto: Wesley Maur\u00edcio\" width=\"300\" height=\"226\"><\/p>\n<p>Da esq. para a dir.: Fl\u00e1vio Cardoso, gerente da Unidade Vale Mangan\u00eas; Adriana Borges, professora da E. E. Dr. Gomes Freire; Magda L\u00facia Pereira, diretora da E. E. Dr. Gomes Pinto; Henrique Xavier G. Teixeira (irm\u00e3o), Thiago e Shirley Xavier Teixeira (pais); Rodrigo Melo, gerente geral do complexo de Mariana. \u00c0 frente, Laura Xavier G. Teixeira, aluna premiada. Foto: Wesley Maur\u00edcio<\/p>\n<p>&nbsp;<\/p>\n<p style=\"text-align: justify;\">A vencedora do Concurso de Reda\u00e7\u00e3o \u201d Trem da Vale e voc\u00ea &#8211; 5 anos de hist\u00f3ria\u201d foi a aluna <strong>Laura Xavier G. Teixeira<\/strong>, estudante do 4\u00ba ano da <strong>E.E Dr. Gomes Freire<\/strong> da cidade de Mariana; acompanhada de seus pais, professora e diretora da escola, leu a reda\u00e7\u00e3o para o p\u00fablico durante o evento de comemora\u00e7\u00e3o dos 5 anos do Trem da Vale.<\/p>\n<p>&nbsp;<\/p>\n<p><img loading=\"lazy\" decoding=\"async\" class=\"size-thumbnail\" title=\"redacao-vencedora\" src=\"\/wp-content\/uploads\/redacao-vencedora-160x120.jpg\" alt=\"Clique na imagem para ver a reda\u00e7\u00e3o vencedora\" width=\"160\" height=\"120\"><\/p>\n<p>Clique na imagem para ver a reda\u00e7\u00e3o vencedora<\/p>\n<p>&nbsp;<\/p>\n","protected":false},"excerpt":{"rendered":"<p>O Programa de Educa\u00e7\u00e3o Patrimonial Trem da Vale (PEPTV), promoveu um concurso de reda\u00e7\u00e3o com o tema \u201cO Trem da Vale e voc\u00ea &#8211; 5 anos de hist\u00f3ria\u201d. As inscri\u00e7\u00f5es foram encerradas em 24 de abril e&nbsp; concorreram os alunos de escolas p\u00fablicas de Ouro Preto e Mariana com faixa &hellip;<\/p>\n","protected":false},"author":1,"featured_media":389,"comment_status":"open","ping_status":"closed","sticky":false,"template":"","format":"standard","meta":{"footnotes":""},"categories":[2],"tags":[],"class_list":["post-97","post","type-post","status-publish","format-standard","has-post-thumbnail","hentry","category-destaques-home"],"yoast_head":"<!-- This site is optimized with the Yoast SEO plugin v26.1.1 - https:\/\/yoast.com\/wordpress\/plugins\/seo\/ -->\n<title>Concurso de reda\u00e7\u00e3o \u201cO Trem da Vale e voc\u00ea - 5 anos de hist\u00f3ria\u201d &#8212; Trem da Vale<\/title>\n<meta name=\"robots\" content=\"index, follow, max-snippet:-1, max-image-preview:large, max-video-preview:-1\" \/>\n<link rel=\"canonical\" href=\"https:\/\/tremdavale.org\/pt\/concurso-de-redacao-o-trem-da-vale-e-voce-5-anos-de-historia\/\" \/>\n<meta property=\"og:locale\" content=\"pt_PT\" \/>\n<meta property=\"og:type\" content=\"article\" \/>\n<meta property=\"og:title\" content=\"Concurso de reda\u00e7\u00e3o \u201cO Trem da Vale e voc\u00ea - 5 anos de hist\u00f3ria\u201d &#8212; Trem da Vale\" \/>\n<meta property=\"og:description\" content=\"O Programa de Educa\u00e7\u00e3o Patrimonial Trem da Vale (PEPTV), promoveu um concurso de reda\u00e7\u00e3o com o tema \u201cO Trem da Vale e voc\u00ea &#8211; 5 anos de hist\u00f3ria\u201d. As inscri\u00e7\u00f5es foram encerradas em 24 de abril e&nbsp; concorreram os alunos de escolas p\u00fablicas de Ouro Preto e Mariana com faixa &hellip;\" \/>\n<meta property=\"og:url\" content=\"https:\/\/tremdavale.org\/pt\/concurso-de-redacao-o-trem-da-vale-e-voce-5-anos-de-historia\/\" \/>\n<meta property=\"og:site_name\" content=\"Trem da Vale\" \/>\n<meta property=\"article:published_time\" content=\"2011-09-11T17:43:00+00:00\" \/>\n<meta property=\"article:modified_time\" content=\"2025-10-10T11:57:00+00:00\" \/>\n<meta property=\"og:image\" content=\"https:\/\/tremdavale.org\/wp-content\/uploads\/06-circuito-de-leitura_26_05_10_manha_escola-bolinha-de-sabao-03-300x200.jpg\" \/>\n\t<meta property=\"og:image:width\" content=\"300\" \/>\n\t<meta property=\"og:image:height\" content=\"200\" \/>\n\t<meta property=\"og:image:type\" content=\"image\/jpeg\" \/>\n<meta name=\"author\" content=\"admin\" \/>\n<meta name=\"twitter:card\" content=\"summary_large_image\" \/>\n<meta name=\"twitter:label1\" content=\"Escrito por\" \/>\n\t<meta name=\"twitter:data1\" content=\"admin\" \/>\n\t<meta name=\"twitter:label2\" content=\"Tempo estimado de leitura\" \/>\n\t<meta name=\"twitter:data2\" content=\"1 minuto\" \/>\n<script type=\"application\/ld+json\" class=\"yoast-schema-graph\">{\"@context\":\"https:\/\/schema.org\",\"@graph\":[{\"@type\":\"WebPage\",\"@id\":\"https:\/\/tremdavale.org\/pt\/concurso-de-redacao-o-trem-da-vale-e-voce-5-anos-de-historia\/\",\"url\":\"https:\/\/tremdavale.org\/pt\/concurso-de-redacao-o-trem-da-vale-e-voce-5-anos-de-historia\/\",\"name\":\"Concurso de reda\u00e7\u00e3o \u201cO Trem da Vale e voc\u00ea - 5 anos de hist\u00f3ria\u201d &#8212; Trem da Vale\",\"isPartOf\":{\"@id\":\"https:\/\/tremdavale.org\/pt\/#website\"},\"primaryImageOfPage\":{\"@id\":\"https:\/\/tremdavale.org\/pt\/concurso-de-redacao-o-trem-da-vale-e-voce-5-anos-de-historia\/#primaryimage\"},\"image\":{\"@id\":\"https:\/\/tremdavale.org\/pt\/concurso-de-redacao-o-trem-da-vale-e-voce-5-anos-de-historia\/#primaryimage\"},\"thumbnailUrl\":\"https:\/\/tremdavale.org\/wp-content\/uploads\/06-circuito-de-leitura_26_05_10_manha_escola-bolinha-de-sabao-03-300x200.jpg\",\"datePublished\":\"2011-09-11T17:43:00+00:00\",\"dateModified\":\"2025-10-10T11:57:00+00:00\",\"author\":{\"@id\":\"https:\/\/tremdavale.org\/pt\/#\/schema\/person\/50912137d47426d31329f246d02eaeca\"},\"breadcrumb\":{\"@id\":\"https:\/\/tremdavale.org\/pt\/concurso-de-redacao-o-trem-da-vale-e-voce-5-anos-de-historia\/#breadcrumb\"},\"inLanguage\":\"pt-PT\",\"potentialAction\":[{\"@type\":\"ReadAction\",\"target\":[\"https:\/\/tremdavale.org\/pt\/concurso-de-redacao-o-trem-da-vale-e-voce-5-anos-de-historia\/\"]}]},{\"@type\":\"ImageObject\",\"inLanguage\":\"pt-PT\",\"@id\":\"https:\/\/tremdavale.org\/pt\/concurso-de-redacao-o-trem-da-vale-e-voce-5-anos-de-historia\/#primaryimage\",\"url\":\"https:\/\/tremdavale.org\/wp-content\/uploads\/06-circuito-de-leitura_26_05_10_manha_escola-bolinha-de-sabao-03-300x200.jpg\",\"contentUrl\":\"https:\/\/tremdavale.org\/wp-content\/uploads\/06-circuito-de-leitura_26_05_10_manha_escola-bolinha-de-sabao-03-300x200.jpg\",\"width\":300,\"height\":200},{\"@type\":\"BreadcrumbList\",\"@id\":\"https:\/\/tremdavale.org\/pt\/concurso-de-redacao-o-trem-da-vale-e-voce-5-anos-de-historia\/#breadcrumb\",\"itemListElement\":[{\"@type\":\"ListItem\",\"position\":1,\"name\":\"In\u00edcio\",\"item\":\"https:\/\/tremdavale.org\/pt\/\"},{\"@type\":\"ListItem\",\"position\":2,\"name\":\"Concurso de reda\u00e7\u00e3o \u201cO Trem da Vale e voc\u00ea &#8211; 5 anos de hist\u00f3ria\u201d\"}]},{\"@type\":\"WebSite\",\"@id\":\"https:\/\/tremdavale.org\/pt\/#website\",\"url\":\"https:\/\/tremdavale.org\/pt\/\",\"name\":\"Trem da Vale\",\"description\":\"Programa de Educa\u00e7\u00e3o Patrimonial\",\"potentialAction\":[{\"@type\":\"SearchAction\",\"target\":{\"@type\":\"EntryPoint\",\"urlTemplate\":\"https:\/\/tremdavale.org\/pt\/?s={search_term_string}\"},\"query-input\":{\"@type\":\"PropertyValueSpecification\",\"valueRequired\":true,\"valueName\":\"search_term_string\"}}],\"inLanguage\":\"pt-PT\"},{\"@type\":\"Person\",\"@id\":\"https:\/\/tremdavale.org\/pt\/#\/schema\/person\/50912137d47426d31329f246d02eaeca\",\"name\":\"admin\",\"image\":{\"@type\":\"ImageObject\",\"inLanguage\":\"pt-PT\",\"@id\":\"https:\/\/tremdavale.org\/pt\/#\/schema\/person\/image\/\",\"url\":\"https:\/\/secure.gravatar.com\/avatar\/b3564f0fda6ea47959fe96a4217203e79a167568a37409758659bc3ba443b452?s=96&d=mm&r=g\",\"contentUrl\":\"https:\/\/secure.gravatar.com\/avatar\/b3564f0fda6ea47959fe96a4217203e79a167568a37409758659bc3ba443b452?s=96&d=mm&r=g\",\"caption\":\"admin\"},\"sameAs\":[\"https:\/\/tremdavale.org\"],\"url\":\"https:\/\/tremdavale.org\/pt\/author\/admin\/\"}]}<\/script>\n<!-- \/ Yoast SEO plugin. -->","yoast_head_json":{"title":"Concurso de reda\u00e7\u00e3o \u201cO Trem da Vale e voc\u00ea - 5 anos de hist\u00f3ria\u201d &#8212; Trem da Vale","robots":{"index":"index","follow":"follow","max-snippet":"max-snippet:-1","max-image-preview":"max-image-preview:large","max-video-preview":"max-video-preview:-1"},"canonical":"https:\/\/tremdavale.org\/pt\/concurso-de-redacao-o-trem-da-vale-e-voce-5-anos-de-historia\/","og_locale":"pt_PT","og_type":"article","og_title":"Concurso de reda\u00e7\u00e3o \u201cO Trem da Vale e voc\u00ea - 5 anos de hist\u00f3ria\u201d &#8212; Trem da Vale","og_description":"O Programa de Educa\u00e7\u00e3o Patrimonial Trem da Vale (PEPTV), promoveu um concurso de reda\u00e7\u00e3o com o tema \u201cO Trem da Vale e voc\u00ea &#8211; 5 anos de hist\u00f3ria\u201d. As inscri\u00e7\u00f5es foram encerradas em 24 de abril e&nbsp; concorreram os alunos de escolas p\u00fablicas de Ouro Preto e Mariana com faixa &hellip;","og_url":"https:\/\/tremdavale.org\/pt\/concurso-de-redacao-o-trem-da-vale-e-voce-5-anos-de-historia\/","og_site_name":"Trem da Vale","article_published_time":"2011-09-11T17:43:00+00:00","article_modified_time":"2025-10-10T11:57:00+00:00","og_image":[{"width":300,"height":200,"url":"https:\/\/tremdavale.org\/wp-content\/uploads\/06-circuito-de-leitura_26_05_10_manha_escola-bolinha-de-sabao-03-300x200.jpg","type":"image\/jpeg"}],"author":"admin","twitter_card":"summary_large_image","twitter_misc":{"Escrito por":"admin","Tempo estimado de leitura":"1 minuto"},"schema":{"@context":"https:\/\/schema.org","@graph":[{"@type":"WebPage","@id":"https:\/\/tremdavale.org\/pt\/concurso-de-redacao-o-trem-da-vale-e-voce-5-anos-de-historia\/","url":"https:\/\/tremdavale.org\/pt\/concurso-de-redacao-o-trem-da-vale-e-voce-5-anos-de-historia\/","name":"Concurso de reda\u00e7\u00e3o \u201cO Trem da Vale e voc\u00ea - 5 anos de hist\u00f3ria\u201d &#8212; Trem da Vale","isPartOf":{"@id":"https:\/\/tremdavale.org\/pt\/#website"},"primaryImageOfPage":{"@id":"https:\/\/tremdavale.org\/pt\/concurso-de-redacao-o-trem-da-vale-e-voce-5-anos-de-historia\/#primaryimage"},"image":{"@id":"https:\/\/tremdavale.org\/pt\/concurso-de-redacao-o-trem-da-vale-e-voce-5-anos-de-historia\/#primaryimage"},"thumbnailUrl":"https:\/\/tremdavale.org\/wp-content\/uploads\/06-circuito-de-leitura_26_05_10_manha_escola-bolinha-de-sabao-03-300x200.jpg","datePublished":"2011-09-11T17:43:00+00:00","dateModified":"2025-10-10T11:57:00+00:00","author":{"@id":"https:\/\/tremdavale.org\/pt\/#\/schema\/person\/50912137d47426d31329f246d02eaeca"},"breadcrumb":{"@id":"https:\/\/tremdavale.org\/pt\/concurso-de-redacao-o-trem-da-vale-e-voce-5-anos-de-historia\/#breadcrumb"},"inLanguage":"pt-PT","potentialAction":[{"@type":"ReadAction","target":["https:\/\/tremdavale.org\/pt\/concurso-de-redacao-o-trem-da-vale-e-voce-5-anos-de-historia\/"]}]},{"@type":"ImageObject","inLanguage":"pt-PT","@id":"https:\/\/tremdavale.org\/pt\/concurso-de-redacao-o-trem-da-vale-e-voce-5-anos-de-historia\/#primaryimage","url":"https:\/\/tremdavale.org\/wp-content\/uploads\/06-circuito-de-leitura_26_05_10_manha_escola-bolinha-de-sabao-03-300x200.jpg","contentUrl":"https:\/\/tremdavale.org\/wp-content\/uploads\/06-circuito-de-leitura_26_05_10_manha_escola-bolinha-de-sabao-03-300x200.jpg","width":300,"height":200},{"@type":"BreadcrumbList","@id":"https:\/\/tremdavale.org\/pt\/concurso-de-redacao-o-trem-da-vale-e-voce-5-anos-de-historia\/#breadcrumb","itemListElement":[{"@type":"ListItem","position":1,"name":"In\u00edcio","item":"https:\/\/tremdavale.org\/pt\/"},{"@type":"ListItem","position":2,"name":"Concurso de reda\u00e7\u00e3o \u201cO Trem da Vale e voc\u00ea &#8211; 5 anos de hist\u00f3ria\u201d"}]},{"@type":"WebSite","@id":"https:\/\/tremdavale.org\/pt\/#website","url":"https:\/\/tremdavale.org\/pt\/","name":"Trem da Vale","description":"Programa de Educa\u00e7\u00e3o Patrimonial","potentialAction":[{"@type":"SearchAction","target":{"@type":"EntryPoint","urlTemplate":"https:\/\/tremdavale.org\/pt\/?s={search_term_string}"},"query-input":{"@type":"PropertyValueSpecification","valueRequired":true,"valueName":"search_term_string"}}],"inLanguage":"pt-PT"},{"@type":"Person","@id":"https:\/\/tremdavale.org\/pt\/#\/schema\/person\/50912137d47426d31329f246d02eaeca","name":"admin","image":{"@type":"ImageObject","inLanguage":"pt-PT","@id":"https:\/\/tremdavale.org\/pt\/#\/schema\/person\/image\/","url":"https:\/\/secure.gravatar.com\/avatar\/b3564f0fda6ea47959fe96a4217203e79a167568a37409758659bc3ba443b452?s=96&d=mm&r=g","contentUrl":"https:\/\/secure.gravatar.com\/avatar\/b3564f0fda6ea47959fe96a4217203e79a167568a37409758659bc3ba443b452?s=96&d=mm&r=g","caption":"admin"},"sameAs":["https:\/\/tremdavale.org"],"url":"https:\/\/tremdavale.org\/pt\/author\/admin\/"}]}},"_links":{"self":[{"href":"https:\/\/tremdavale.org\/pt\/wp-json\/wp\/v2\/posts\/97","targetHints":{"allow":["GET"]}}],"collection":[{"href":"https:\/\/tremdavale.org\/pt\/wp-json\/wp\/v2\/posts"}],"about":[{"href":"https:\/\/tremdavale.org\/pt\/wp-json\/wp\/v2\/types\/post"}],"author":[{"embeddable":true,"href":"https:\/\/tremdavale.org\/pt\/wp-json\/wp\/v2\/users\/1"}],"replies":[{"embeddable":true,"href":"https:\/\/tremdavale.org\/pt\/wp-json\/wp\/v2\/comments?post=97"}],"version-history":[{"count":0,"href":"https:\/\/tremdavale.org\/pt\/wp-json\/wp\/v2\/posts\/97\/revisions"}],"wp:featuredmedia":[{"embeddable":true,"href":"https:\/\/tremdavale.org\/pt\/wp-json\/wp\/v2\/media\/389"}],"wp:attachment":[{"href":"https:\/\/tremdavale.org\/pt\/wp-json\/wp\/v2\/media?parent=97"}],"wp:term":[{"taxonomy":"category","embeddable":true,"href":"https:\/\/tremdavale.org\/pt\/wp-json\/wp\/v2\/categories?post=97"},{"taxonomy":"post_tag","embeddable":true,"href":"https:\/\/tremdavale.org\/pt\/wp-json\/wp\/v2\/tags?post=97"}],"curies":[{"name":"wp","href":"https:\/\/api.w.org\/{rel}","templated":true}]}}